{"id":29886,"date":"2025-08-15T01:47:10","date_gmt":"2025-08-15T01:47:10","guid":{"rendered":"https:\/\/www.europesays.com\/pt\/29886\/"},"modified":"2025-08-15T01:47:10","modified_gmt":"2025-08-15T01:47:10","slug":"bela-gil-conta-que-se-ofereceu-para-ser-barriga-solidaria-de-preta-gil-vida-tomou-seu-rumo","status":"publish","type":"post","link":"https:\/\/www.europesays.com\/pt\/29886\/","title":{"rendered":"Bela Gil conta que se ofereceu para ser barriga solid\u00e1ria de Preta Gil: &#8220;Vida tomou seu rumo&#8221;"},"content":{"rendered":"<p>                            <a href=\"https:\/\/img.nsctotal.com.br\/wp-content\/uploads\/2025\/08\/Preta-Gil-e-Bela-Gil.jpg\" data-caption=\"Irm\u00e3s s\u00e3o filhas de Gilberto Gil (Foto: Redes sociais, Reprodu\u00e7\u00e3o)\" aria-label=\"Irm\u00e3s s\u00e3o filhas de Gilberto Gil (Foto: Redes sociais, Reprodu\u00e7\u00e3o)\" rel=\"nofollow noopener\" target=\"_blank\"><img width=\"944\" height=\"531\" src=\"https:\/\/www.europesays.com\/pt\/wp-content\/uploads\/2025\/08\/Preta-Gil-e-Bela-Gil-944x531.jpg\" class=\"attachment-custom-large size-custom-large article-featured-image\" alt=\"Preta Gil e Bela Gil\" fetchpriority=\"high\" decoding=\"async\"  \/><\/a><\/p>\n<p>Irm\u00e3s s\u00e3o filhas de Gilberto Gil (Foto: Redes sociais, Reprodu\u00e7\u00e3o)<\/p>\n<p>A apresentadora Bela Gil revelou nesta quarta-feira (13) que se ofereceu para ser barriga solid\u00e1ria para a irm\u00e3, Preta Gil. A proposta aconteceu em um momento em que a <a href=\"https:\/\/www.nsctotal.com.br\/noticias\/como-funciona-a-rotina-medica-que-mudou-a-vida-de-francisco-gil-filho-de-preta-gil\" target=\"_blank\" rel=\"noreferrer noopener nofollow\"><strong>cantora enfrentava dificuldades para engravidar<\/strong><\/a>. As informa\u00e7\u00f5es s\u00e3o do gshow.<\/p>\n<p>Continua depois da publicidade<\/p>\n<p>A revela\u00e7\u00e3o foi feita no programa Saia Justa, exibido na quarta-feira, que contou ainda com a presen\u00e7a da <a href=\"https:\/\/www.nsctotal.com.br\/noticias\/mariana-rios-revela-nome-de-filho-e-choca-internautas-descubra-qual\" target=\"_blank\" rel=\"noreferrer noopener nofollow\"><strong>atriz e cantora\u00a0Mariana Rios<\/strong><\/a>. No programa, Mariana compartilhou seus desafios como tentante, a experi\u00eancia com a perda gestacional e a decis\u00e3o de congelar \u00f3vulos.<\/p>\n<p>J\u00e1 Bela contou da rela\u00e7\u00e3o com a irm\u00e3, que tinha o costume de dividir quest\u00f5es como a gravidez:<\/p>\n<p>\u2014 Teve uma \u00e9poca que a minha irm\u00e3 queria ter outro filho e come\u00e7ou o processo de congelamento de \u00f3vulos, mas, por alguma quest\u00e3o, ela n\u00e3o ia poder engravidar ou a gravidez seria de risco, alguma coisa nesse sentido. E a gente conversava muito, ela compartilhava suas quest\u00f5es, sempre foi de dividir com a fam\u00edlia. E a\u00ed eu falei: \u2018cara, mas eu posso engravidar pra voc\u00ea\u2019. E ela: \u2018S\u00e9rio? Voc\u00ea faria isso?\u2019. Eu respondi: \u2018\u00d3bvio!\u2019 \u2014 relembrou Bela.<\/p>\n<p>Apesar de <a href=\"https:\/\/www.nsctotal.com.br\/noticias\/gilberto-gil-fala-sobre-luta-intensa-que-preta-gil-teve-pela-vida-nos-comovia\" target=\"_blank\" rel=\"noreferrer noopener nofollow\"><strong>comum nos Estados Unidos<\/strong><\/a>, ela chegou a se questionar na \u00e9poca se a pr\u00e1tica seria legalizada no Brasil. Por\u00e9m, a ideia n\u00e3o foi adiante devido as circunst\u00e2ncias da vida.<\/p>\n<p>Continua depois da publicidade<\/p>\n<p>\u2014 No Brasil voc\u00ea pode fazer a barriga de aluguel, mas a premissa \u00e9 que voc\u00ea n\u00e3o receba por isso. E a outra quest\u00e3o \u00e9 que voc\u00ea pode fazer para pessoas que t\u00eam um parentesco de at\u00e9 quarto grau e para casais homoafetivos. E tem outras situa\u00e7\u00f5es tamb\u00e9m que j\u00e1 \u00e9 permitido. Mas a\u00ed a vida\u2026seguiu, tomou seu rumo\u2026 \u2014 contou Bela.<\/p>\n<p>Preta Gil morreu aos 50 anos<a href=\"https:\/\/www.europesays.com\/pt\/wp-content\/uploads\/2025\/08\/Apos-recidiva-do-cancer-Preta-Gil-comenta-sobre-seu-novo-tratamento-3.jpg\"><a href=\"https:\/\/www.europesays.com\/pt\/wp-content\/uploads\/2025\/08\/Apos-recidiva-do-cancer-Preta-Gil-comenta-sobre-seu-novo-tratamento-3.jpg\" aria-label=\"Imagem da Galeria\"><img fetchpriority=\"high\" loading=\"lazy\" decoding=\"async\" width=\"1200\" height=\"675\" data-id=\"7278161\" src=\"https:\/\/www.europesays.com\/pt\/wp-content\/uploads\/2025\/08\/Apos-recidiva-do-cancer-Preta-Gil-comenta-sobre-seu-novo-tratamento-3.jpg\" alt=\"\" class=\"wp-image-7278161\"  \/><\/a><\/p>\n<p>Cantora tinha 50 anos (Foto: Preta Gil, Reprodu\u00e7\u00e3o)<\/p>\n<p><a href=\"https:\/\/www.europesays.com\/pt\/wp-content\/uploads\/2025\/08\/Apos-recidiva-do-cancer-Preta-Gil-comenta-sobre-seu-novo-tratamento-2.jpg\"><a href=\"https:\/\/www.europesays.com\/pt\/wp-content\/uploads\/2025\/08\/Apos-recidiva-do-cancer-Preta-Gil-comenta-sobre-seu-novo-tratamento-2.jpg\" aria-label=\"Imagem da Galeria\"><img loading=\"lazy\" decoding=\"async\" width=\"1200\" height=\"675\" data-id=\"7278168\" src=\"https:\/\/www.europesays.com\/pt\/wp-content\/uploads\/2025\/08\/Apos-recidiva-do-cancer-Preta-Gil-comenta-sobre-seu-novo-tratamento-2.jpg\" alt=\"\" class=\"wp-image-7278168\"  \/><\/a><\/p>\n<p>Preta falava abertamente sobre seu tratamento (Foto: Preta Gil, Reprodu\u00e7\u00e3o)<\/p>\n<p><a href=\"https:\/\/www.europesays.com\/pt\/wp-content\/uploads\/2025\/08\/Apos-recidiva-do-cancer-Preta-Gil-comenta-sobre-seu-novo-tratamento-4.jpg\"><a href=\"https:\/\/www.europesays.com\/pt\/wp-content\/uploads\/2025\/08\/Apos-recidiva-do-cancer-Preta-Gil-comenta-sobre-seu-novo-tratamento-4.jpg\" aria-label=\"Imagem da Galeria\"><img loading=\"lazy\" decoding=\"async\" width=\"1200\" height=\"675\" data-id=\"7278167\" src=\"https:\/\/www.europesays.com\/pt\/wp-content\/uploads\/2025\/08\/Apos-recidiva-do-cancer-Preta-Gil-comenta-sobre-seu-novo-tratamento-4.jpg\" alt=\"\" class=\"wp-image-7278167\"  \/><\/a><\/p>\n<p>Gilberto Gil apoiava Preta no tratamento (Foto: Preta Gil, Reprodu\u00e7\u00e3o)<\/p>\n<p><a href=\"https:\/\/www.europesays.com\/pt\/wp-content\/uploads\/2025\/08\/Apos-recidiva-do-cancer-Preta-Gil-comenta-sobre-seu-novo-tratamento-5.jpg\"><a href=\"https:\/\/www.europesays.com\/pt\/wp-content\/uploads\/2025\/08\/Apos-recidiva-do-cancer-Preta-Gil-comenta-sobre-seu-novo-tratamento-5.jpg\" aria-label=\"Imagem da Galeria\"><img loading=\"lazy\" decoding=\"async\" width=\"1200\" height=\"675\" data-id=\"7278165\" src=\"https:\/\/www.europesays.com\/pt\/wp-content\/uploads\/2025\/08\/Apos-recidiva-do-cancer-Preta-Gil-comenta-sobre-seu-novo-tratamento-5.jpg\" alt=\"\" class=\"wp-image-7278165\"  \/><\/a><\/p>\n<p>Preta lan\u00e7ou uma biografia no come\u00e7o de 2024 (Foto: Preta Gil, Reprodu\u00e7\u00e3o)<\/p>\n<p><a href=\"https:\/\/www.europesays.com\/pt\/wp-content\/uploads\/2025\/08\/Apos-recidiva-do-cancer-Preta-Gil-comenta-sobre-seu-novo-tratamento.jpg\"><a href=\"https:\/\/www.europesays.com\/pt\/wp-content\/uploads\/2025\/08\/Apos-recidiva-do-cancer-Preta-Gil-comenta-sobre-seu-novo-tratamento.jpg\" aria-label=\"Imagem da Galeria\"><img loading=\"lazy\" decoding=\"async\" width=\"1200\" height=\"675\" data-id=\"7278162\" src=\"https:\/\/www.europesays.com\/pt\/wp-content\/uploads\/2025\/08\/Apos-recidiva-do-cancer-Preta-Gil-comenta-sobre-seu-novo-tratamento.jpg\" alt=\"\" class=\"wp-image-7278162\"  \/><\/a><\/p>\n<p>Preta Gil estava em tratamento nos Estados Unidos (Foto: Preta Gil, Reprodu\u00e7\u00e3o)<\/p>\n<p>VoltarAvan\u00e7ar<\/p>\n<p>A cantora, atriz e apresentadora Preta Gil morreu no dia 20 de julho, aos 50 anos. Ela lutava contra quatro<a href=\"https:\/\/www.nsctotal.com.br\/noticias\/preta-gil-deixa-o-hospital-cancela-show-e-volta-para-casa-apos-cirurgia\" rel=\"nofollow noopener\" target=\"_blank\">\u00a0<strong>tumores<\/strong><\/a>\u00a0diagnosticados no ano passado, em dois linfonodos, no perit\u00f4nio (com met\u00e1stase) e na ureter.<\/p>\n<p>Leia tamb\u00e9m<\/p>\n<p><a href=\"https:\/\/www.nsctotal.com.br\/noticias\/familia-de-preta-gil-cobra-punicao-de-padre-que-ironizou-morte-da-cantora-desrespeito\" target=\"_blank\" rel=\"noreferrer noopener nofollow\"><strong>Fam\u00edlia de Preta Gil cobra puni\u00e7\u00e3o de padre que ironizou morte da cantora: \u201cDesrespeito\u201d<\/strong><\/a><\/p>\n<p><a href=\"https:\/\/www.nsctotal.com.br\/noticias\/como-funciona-a-rotina-medica-que-mudou-a-vida-de-francisco-gil-filho-de-preta-gil\" target=\"_blank\" rel=\"noreferrer noopener nofollow\"><strong>Como funciona a rotina m\u00e9dica que mudou a vida de Francisco Gil, filho de Preta Gil<\/strong><\/a><\/p>\n","protected":false},"excerpt":{"rendered":"Irm\u00e3s s\u00e3o filhas de Gilberto Gil (Foto: Redes sociais, Reprodu\u00e7\u00e3o) A apresentadora Bela Gil revelou nesta quarta-feira (13)&hellip;\n","protected":false},"author":2,"featured_media":29887,"comment_status":"","ping_status":"","sticky":false,"template":"","format":"standard","meta":{"footnotes":""},"categories":[145],"tags":[211,210,829,114,115,32,33],"class_list":{"0":"post-29886","1":"post","2":"type-post","3":"status-publish","4":"format-standard","5":"has-post-thumbnail","7":"category-celebridades","8":"tag-celebridades","9":"tag-celebrities","10":"tag-conteudo-liberado","11":"tag-entertainment","12":"tag-entretenimento","13":"tag-portugal","14":"tag-pt"},"share_on_mastodon":{"url":"","error":""},"_links":{"self":[{"href":"https:\/\/www.europesays.com\/pt\/wp-json\/wp\/v2\/posts\/29886","targetHints":{"allow":["GET"]}}],"collection":[{"href":"https:\/\/www.europesays.com\/pt\/wp-json\/wp\/v2\/posts"}],"about":[{"href":"https:\/\/www.europesays.com\/pt\/wp-json\/wp\/v2\/types\/post"}],"author":[{"embeddable":true,"href":"https:\/\/www.europesays.com\/pt\/wp-json\/wp\/v2\/users\/2"}],"replies":[{"embeddable":true,"href":"https:\/\/www.europesays.com\/pt\/wp-json\/wp\/v2\/comments?post=29886"}],"version-history":[{"count":0,"href":"https:\/\/www.europesays.com\/pt\/wp-json\/wp\/v2\/posts\/29886\/revisions"}],"wp:featuredmedia":[{"embeddable":true,"href":"https:\/\/www.europesays.com\/pt\/wp-json\/wp\/v2\/media\/29887"}],"wp:attachment":[{"href":"https:\/\/www.europesays.com\/pt\/wp-json\/wp\/v2\/media?parent=29886"}],"wp:term":[{"taxonomy":"category","embeddable":true,"href":"https:\/\/www.europesays.com\/pt\/wp-json\/wp\/v2\/categories?post=29886"},{"taxonomy":"post_tag","embeddable":true,"href":"https:\/\/www.europesays.com\/pt\/wp-json\/wp\/v2\/tags?post=29886"}],"curies":[{"name":"wp","href":"https:\/\/api.w.org\/{rel}","templated":true}]}}