{"id":299004,"date":"2026-03-10T11:19:20","date_gmt":"2026-03-10T11:19:20","guid":{"rendered":"https:\/\/www.europesays.com\/pt\/299004\/"},"modified":"2026-03-10T11:19:20","modified_gmt":"2026-03-10T11:19:20","slug":"bbb-26-vai-reforcar-estreia-de-eliana-aos-domingos-veja-09-03-2026-outro-canal","status":"publish","type":"post","link":"https:\/\/www.europesays.com\/pt\/299004\/","title":{"rendered":"BBB 26 vai refor\u00e7ar estreia de Eliana aos domingos; veja &#8211; 09\/03\/2026 &#8211; Outro Canal"},"content":{"rendered":"<p>\n<strong class=\"c-signature__location\">Aracaju <\/strong>\n<\/p>\n<p>A <a href=\"https:\/\/www1.folha.uol.com.br\/folha-topicos\/globo\/\" rel=\"nofollow noopener\" target=\"_blank\">Globo<\/a> escalou a forma\u00e7\u00e3o de pared\u00e3o do <a href=\"https:\/\/www1.folha.uol.com.br\/folha-topicos\/bbb\/\" rel=\"nofollow noopener\" target=\"_blank\">BBB<\/a> 26 para refor\u00e7ar a entrega de audi\u00eancia para o Em Fam\u00edlia, novo programa de <a href=\"https:\/\/www1.folha.uol.com.br\/folha-topicos\/eliana\/\" rel=\"nofollow noopener\" target=\"_blank\">Eliana<\/a> na Globo, que estreia no domingo (15). Por causa da cerim\u00f4nia do <a href=\"https:\/\/www1.folha.uol.com.br\/folha-topicos\/oscar\/\" rel=\"nofollow noopener\" target=\"_blank\">Oscar<\/a>, o reality ser\u00e1 dividido em duas partes na programa\u00e7\u00e3o.<\/p>\n<p>  <a href=\"https:\/\/f5.folha.uol.com.br\/colunistas\/outro-canal\/\" rel=\"nofollow noopener\" target=\"_blank\"><br \/>\n    <img decoding=\"async\" src=\"https:\/\/www.europesays.com\/pt\/wp-content\/uploads\/2026\/02\/1771636811_580_172599691166e09f6f54fe2_1725996911_1x1_xs.jpg\" alt=\"Foto de Outro Canal\" class=\"img-responsive c-lazyload\"\/><\/p>\n<p>  <\/a><\/p>\n<p class=\"author__description\">\n    Cobre diariamente os bastidores das novelas, do telejornalismo e da m\u00eddia esportiva. Tem como titular o jornalista Gabriel Vaquer\n  <\/p>\n","protected":false},"excerpt":{"rendered":"Aracaju A Globo escalou a forma\u00e7\u00e3o de pared\u00e3o do BBB 26 para refor\u00e7ar a entrega de audi\u00eancia para&hellip;\n","protected":false},"author":2,"featured_media":228774,"comment_status":"","ping_status":"","sticky":false,"template":"","format":"standard","meta":{"footnotes":"","_share_on_mastodon":"0"},"categories":[145],"tags":[11098,2565,15986,219,211,210,470,223,14062,114,115,224,225,6107,226,753,2595,221,220,222,1409,32,33,1014,2566,218,228,227],"class_list":["post-299004","post","type-post","status-publish","format-standard","has-post-thumbnail","category-celebridades","tag-academia-de-cinema","tag-bbb","tag-bbb-26","tag-bichos","tag-celebridades","tag-celebrities","tag-cinema","tag-colunistas","tag-eliana","tag-entertainment","tag-entretenimento","tag-estranho","tag-eu-amo","tag-fantstico","tag-fofices","tag-globo","tag-hollywood","tag-horoscopo","tag-humanos","tag-humor","tag-oscar","tag-portugal","tag-pt","tag-reality-show","tag-televiso","tag-televisao","tag-tudo","tag-videos"],"share_on_mastodon":{"url":"https:\/\/pubeurope.com\/@pt\/116204612002494134","error":""},"_links":{"self":[{"href":"https:\/\/www.europesays.com\/pt\/wp-json\/wp\/v2\/posts\/299004","targetHints":{"allow":["GET"]}}],"collection":[{"href":"https:\/\/www.europesays.com\/pt\/wp-json\/wp\/v2\/posts"}],"about":[{"href":"https:\/\/www.europesays.com\/pt\/wp-json\/wp\/v2\/types\/post"}],"author":[{"embeddable":true,"href":"https:\/\/www.europesays.com\/pt\/wp-json\/wp\/v2\/users\/2"}],"replies":[{"embeddable":true,"href":"https:\/\/www.europesays.com\/pt\/wp-json\/wp\/v2\/comments?post=299004"}],"version-history":[{"count":0,"href":"https:\/\/www.europesays.com\/pt\/wp-json\/wp\/v2\/posts\/299004\/revisions"}],"wp:featuredmedia":[{"embeddable":true,"href":"https:\/\/www.europesays.com\/pt\/wp-json\/wp\/v2\/media\/228774"}],"wp:attachment":[{"href":"https:\/\/www.europesays.com\/pt\/wp-json\/wp\/v2\/media?parent=299004"}],"wp:term":[{"taxonomy":"category","embeddable":true,"href":"https:\/\/www.europesays.com\/pt\/wp-json\/wp\/v2\/categories?post=299004"},{"taxonomy":"post_tag","embeddable":true,"href":"https:\/\/www.europesays.com\/pt\/wp-json\/wp\/v2\/tags?post=299004"}],"curies":[{"name":"wp","href":"https:\/\/api.w.org\/{rel}","templated":true}]}}