{"id":29954,"date":"2025-08-15T02:50:10","date_gmt":"2025-08-15T02:50:10","guid":{"rendered":"https:\/\/www.europesays.com\/pt\/29954\/"},"modified":"2025-08-15T02:50:10","modified_gmt":"2025-08-15T02:50:10","slug":"livros-o-prazer-de-ver-de-perto-a-oficina-mental-de-virginia-woolf","status":"publish","type":"post","link":"https:\/\/www.europesays.com\/pt\/29954\/","title":{"rendered":"Livros: O prazer de ver de perto a oficina mental de Virginia Woolf"},"content":{"rendered":"<p class=\"texto\"> No pref\u00e1cio \u00e0 primeira edi\u00e7\u00e3o (muito parcial) dos di\u00e1rios de Virginia Woolf, o seu vi\u00favo, Leonard Woolf, parece sugerir que eles s\u00e3o mais uma prova da seriedade, se n\u00e3o da grandeza, de Woolf como escritora. O ano era 1953. Desde essa altura, a reputa\u00e7\u00e3o liter\u00e1ria de Woolf cresceu at\u00e9 a transformar numa figura central da literatura do s\u00e9culo XX e n\u00e3o apenas na sua vertente feminina ou feminista, seja isso o que for. Erudi\u00e7\u00e3o, imagina\u00e7\u00e3o e distin\u00e7\u00e3o, no sentido menos banal do termo, juntam-se nela para criar uma personalidade que n\u00e3o teria requerido o desfecho tr\u00e1gico do suic\u00eddio para alimentar a sua fama p\u00f3stuma. <\/p>\n<p><a href=\"https:\/\/expresso.pt\/promo\/data\/content\/binaries\/custom\/expresso\/digital\/COGB6.html?returnUrl=https:\/\/expresso.pt\/revista\/culturas\/livros\/2025-08-14-livros-o-prazer-de-ver-de-perto-a-oficina-mental-de-virginia-woolf-1974ecd4&amp;utm_source=expresso&amp;utm_medium=locked_article&amp;locked=true&amp;article_id=d5186cf5-a7a7-4a95-bd76-71270b74eda4&amp;author_id=Lu\u00eds+M.+Faria&amp;category=Livros\" target=\"_self\" class=\"\" rel=\"nofollow noopener\">Subscrever<\/a>J\u00e1 \u00e9 Subscritor?Fa\u00e7a login e continue a ler<a href=\"http:\/\/expresso.pt\/codigo?redirectUrl=https:\/\/expresso.pt\/revista\/culturas\/livros\/2025-08-14-livros-o-prazer-de-ver-de-perto-a-oficina-mental-de-virginia-woolf-1974ecd4\" target=\"_self\" class=\"\" rel=\"nofollow noopener\">Inserir C\u00f3digo<\/a>Comprou o Expresso?Insira o c\u00f3digo presente na Revista E para continuar a ler<\/p>\n","protected":false},"excerpt":{"rendered":"No pref\u00e1cio \u00e0 primeira edi\u00e7\u00e3o (muito parcial) dos di\u00e1rios de Virginia Woolf, o seu vi\u00favo, Leonard Woolf, parece&hellip;\n","protected":false},"author":2,"featured_media":29955,"comment_status":"","ping_status":"","sticky":false,"template":"","format":"standard","meta":{"footnotes":""},"categories":[143],"tags":[169,114,115,170,32,33],"class_list":{"0":"post-29954","1":"post","2":"type-post","3":"status-publish","4":"format-standard","5":"has-post-thumbnail","7":"category-livros","8":"tag-books","9":"tag-entertainment","10":"tag-entretenimento","11":"tag-livros","12":"tag-portugal","13":"tag-pt"},"share_on_mastodon":{"url":"","error":""},"_links":{"self":[{"href":"https:\/\/www.europesays.com\/pt\/wp-json\/wp\/v2\/posts\/29954","targetHints":{"allow":["GET"]}}],"collection":[{"href":"https:\/\/www.europesays.com\/pt\/wp-json\/wp\/v2\/posts"}],"about":[{"href":"https:\/\/www.europesays.com\/pt\/wp-json\/wp\/v2\/types\/post"}],"author":[{"embeddable":true,"href":"https:\/\/www.europesays.com\/pt\/wp-json\/wp\/v2\/users\/2"}],"replies":[{"embeddable":true,"href":"https:\/\/www.europesays.com\/pt\/wp-json\/wp\/v2\/comments?post=29954"}],"version-history":[{"count":0,"href":"https:\/\/www.europesays.com\/pt\/wp-json\/wp\/v2\/posts\/29954\/revisions"}],"wp:featuredmedia":[{"embeddable":true,"href":"https:\/\/www.europesays.com\/pt\/wp-json\/wp\/v2\/media\/29955"}],"wp:attachment":[{"href":"https:\/\/www.europesays.com\/pt\/wp-json\/wp\/v2\/media?parent=29954"}],"wp:term":[{"taxonomy":"category","embeddable":true,"href":"https:\/\/www.europesays.com\/pt\/wp-json\/wp\/v2\/categories?post=29954"},{"taxonomy":"post_tag","embeddable":true,"href":"https:\/\/www.europesays.com\/pt\/wp-json\/wp\/v2\/tags?post=29954"}],"curies":[{"name":"wp","href":"https:\/\/api.w.org\/{rel}","templated":true}]}}