{"id":300027,"date":"2026-03-11T05:04:10","date_gmt":"2026-03-11T05:04:10","guid":{"rendered":"https:\/\/www.europesays.com\/pt\/300027\/"},"modified":"2026-03-11T05:04:10","modified_gmt":"2026-03-11T05:04:10","slug":"com-julia-davi-e-benicio-na-torcida-vini-jasper-brilha-no-ironman-confira-radio-rural","status":"publish","type":"post","link":"https:\/\/www.europesays.com\/pt\/300027\/","title":{"rendered":"Com Julia, Davi e Ben\u00edcio na torcida, Vini Jasper brilha no Ironman. Confira! &#8211; R\u00e1dio Rural"},"content":{"rendered":"<ol>\n<li><a href=\"https:\/\/news.google.com\/rss\/articles\/CBMiygFBVV95cUxOZ2pDVVRoSTRDX1RVM3l5NG13NGFzdUk5WUpYMEt3eHFOMmxMeDF4SFFHYzN4V1Y3UkVlcTRYcV9OcVRQcXB3Z3pBaU1KYVFVMnh1MlB3UFRZNWJ4WTVERGo4OFpLZW1CMHEtM1A1MmM2ck1OcjMxZEU3LWxaSjk2OGxEc192N1QxSzY0bG9MQlJlSkF0aUJBSDFEVXBZVGdkWkFxbWt1Y0dhU3d0bk1tY3dtRVhwZ3lpOVZka3d2V2NFMFRkNTkxbTJn?oc=5\" target=\"_blank\" rel=\"nofollow noopener\">Com Julia, Davi e Ben\u00edcio na torcida, Vini Jasper brilha no Ironman. Confira!<\/a>&nbsp;&nbsp;R\u00e1dio Rural<\/li>\n<li><a href=\"https:\/\/news.google.com\/rss\/articles\/CBMi-wFBVV95cUxPeGdlSTNfOUJiWWlGa2ZLR0tWSWVrdGhsbklMaFFhSXY5RVg0d3dyazJUUzYyVlpEOVlsTU9FczFLV1ZjWXRoT0g1emRCZ1FpYzBrWDZvSmJCYTFUT0p5SE0wLUF4aVJFX1RqTUd6dkFRcnFuTlVCZ2RoQ1JSOXlVQ0VEb0p4NmFPNU5JU1VQV0Y3bXhYQXNyQ09mUUJZUTVGNmFORVZBVmJ4RDNSWmNYcEIwdTltQ3l1T1ZPTG1PYnQtSVRqU0FBU0pRTnhhaGZxSmMwZUJ4eUYzTGxLTjhwRk40YVhQWTM3MjRfQ0ZyVmJlbWVsQWQweHl6UdIBigJBVV95cUxORTBTel9wU01oTjI0SXE0cEJKcWhiWlExUzcycTdfbXRiZ0ZpbzFvZXBUV1JEczhFbHMyZWVYeVVUVW9QYXd2NlhOSUMyM1VEQWZOZjNGWkV3VjRPUG43d2VVbWp5NzZWUE95UHVOa21qTWNHOVFQZUJCblhfSzhSaExPZTJ2ZDhIc0dQRVQtaktEMWxSVVNKVlZGNllBTlFydk8zZDFHakF3SE9xUUtPNXJZWTc2cl9EZVhmS1BJQWRuOTBraDk4NmdxQzZxWVdBZ3VXNkY3UDNzWTktNDhGQ2tOMlh0NlJmNTZxSlVNX09SOWhzMHRJci1YR3dXOXI5Tm5xNVkzS0Izdw?oc=5\" target=\"_blank\" rel=\"nofollow noopener\">Quem \u00e9 o empres\u00e1rio de Juiz de Fora que morreu ap\u00f3s sofrer parada cardiorrespirat\u00f3ria no Ironman Curitiba<\/a>&nbsp;&nbsp;G1<\/li>\n<li><a href=\"https:\/\/news.google.com\/rss\/articles\/CBMirgFBVV95cUxQTEEwcXJEaTBpYWNqVlN5Rml1d0g5SkE1d2dzem9XQnVuYlRZbW5nYVFnbVY0Q3VGdjdPZTJBcHJMRUQySThsX2dTU3hSRVpSUnZPT2UtUTB2TXV2Q2RGaEZqb2dScWdLUkdSRHBBaGM1TlpwVW5jdHBnbXFjaU9hblZUMUlLU3I4a1RtemNzOWRkUjRFOUh6OXJZSzNjZEVOWTNMRUhwSi1DY2dCWWc?oc=5\" target=\"_blank\" rel=\"nofollow noopener\">Atleta morre durante prova de triathlon em Curitiba; entenda poss\u00edveis causas<\/a>&nbsp;&nbsp;VEJA<\/li>\n<li><a href=\"https:\/\/news.google.com\/rss\/articles\/CBMizAFBVV95cUxNZWhUMnYxT05RNjd6NGNsMjU0X0tydzBlZWdTSU13WFMwTGcyUk94ZDNLUWkteTJyT245VnVLTmxpX1k0RDB4MlluNlE1aWJWa2gwelJwSVNSSTB2bVFCSXJ1T3drRTNOZ0p0SlZiUkZZM19fUTVxUktEdktMMXdQRnJaekRZMjlTSjA3YzU2V3BUTmtuUm9wbU04M0JLd1pGc3J3LUdhR3RCMEtaSWxrdHo2Yi1RSVpCNFhNcWtSY280cHlJOFFDaW51Uzg?oc=5\" target=\"_blank\" rel=\"nofollow noopener\">Curitiba estreia no circuito Ironman 70.3 e re\u00fane atletas de 15 pa\u00edses<\/a>&nbsp;&nbsp;Prefeitura de Curitiba<\/li>\n<li><a href=\"https:\/\/news.google.com\/rss\/articles\/CBMirAFBVV95cUxPZXZPakMtY1lQNk1uYTFIM0Z4X0NzUG5QMDQ3R3Z6bWlVOGVCdUpDQl9pbnRJTjg4aldNajhPRFdRa1BuLUFTSHkzUVN2THhyR0tRUkdnYVhYV3J2Yk1SZG41Q0Y2RzZjdWpzdmFLdTZqa3FlQUQ0bUhhT3pGa3UxRU5CZ1ZkOF9ZNHJYaEx6dnJlUURNVFZjb0lKc09PT0JyMGNVcEEwdUVuUGRu0gGyAUFVX3lxTE1taEJ5VDd6Mzg4R1RLN3VnSHQxSUdDSEtmX2hoVGRCU3dNR3d2TF9QREcxMFRHcFV5WEN6bHhjWUdxUjFkdVllTUtqUDA3bmxncS1xZVRfbktnYUVDX0RCREc1eS1kaWpNRlhKQXFrSUstVl9YVEtwRGx4QnZldUZEVXd6b2VzNVBtb3JYTmpjMUNtZmdVaTF1Y2w3djBramdrMWdidm10VEhlVzRoZTVwN2c?oc=5\" target=\"_blank\" rel=\"nofollow noopener\">Empres\u00e1rio que morreu durante Ironman em Curitiba era pai e amava competi\u00e7\u00f5es de triatlo<\/a>&nbsp;&nbsp;bandab.com.br<\/li>\n<\/ol>\n","protected":false},"excerpt":{"rendered":"Com Julia, Davi e Ben\u00edcio na torcida, Vini Jasper brilha no Ironman. Confira!&nbsp;&nbsp;R\u00e1dio Rural Quem \u00e9 o empres\u00e1rio&hellip;\n","protected":false},"author":2,"featured_media":300028,"comment_status":"","ping_status":"","sticky":false,"template":"","format":"standard","meta":{"footnotes":"","_share_on_mastodon":"0"},"categories":[141],"tags":[562,726,2733,2731,476,539,2258,114,115,1062,986,2732,149,150,1086,52,32,33,3551,117],"class_list":["post-300027","post","type-post","status-publish","format-standard","has-post-thumbnail","category-musica","tag-agricultura","tag-brasil","tag-carnaval","tag-dicas-do-dia","tag-economia","tag-educacao","tag-eleicoes","tag-entertainment","tag-entretenimento","tag-esportes","tag-estado","tag-geral","tag-music","tag-musica","tag-policia","tag-politica","tag-portugal","tag-pt","tag-regiao","tag-saude"],"share_on_mastodon":{"url":"https:\/\/pubeurope.com\/@pt\/116208799826396381","error":""},"_links":{"self":[{"href":"https:\/\/www.europesays.com\/pt\/wp-json\/wp\/v2\/posts\/300027","targetHints":{"allow":["GET"]}}],"collection":[{"href":"https:\/\/www.europesays.com\/pt\/wp-json\/wp\/v2\/posts"}],"about":[{"href":"https:\/\/www.europesays.com\/pt\/wp-json\/wp\/v2\/types\/post"}],"author":[{"embeddable":true,"href":"https:\/\/www.europesays.com\/pt\/wp-json\/wp\/v2\/users\/2"}],"replies":[{"embeddable":true,"href":"https:\/\/www.europesays.com\/pt\/wp-json\/wp\/v2\/comments?post=300027"}],"version-history":[{"count":0,"href":"https:\/\/www.europesays.com\/pt\/wp-json\/wp\/v2\/posts\/300027\/revisions"}],"wp:featuredmedia":[{"embeddable":true,"href":"https:\/\/www.europesays.com\/pt\/wp-json\/wp\/v2\/media\/300028"}],"wp:attachment":[{"href":"https:\/\/www.europesays.com\/pt\/wp-json\/wp\/v2\/media?parent=300027"}],"wp:term":[{"taxonomy":"category","embeddable":true,"href":"https:\/\/www.europesays.com\/pt\/wp-json\/wp\/v2\/categories?post=300027"},{"taxonomy":"post_tag","embeddable":true,"href":"https:\/\/www.europesays.com\/pt\/wp-json\/wp\/v2\/tags?post=300027"}],"curies":[{"name":"wp","href":"https:\/\/api.w.org\/{rel}","templated":true}]}}