{"id":300122,"date":"2026-03-11T07:38:37","date_gmt":"2026-03-11T07:38:37","guid":{"rendered":"https:\/\/www.europesays.com\/pt\/300122\/"},"modified":"2026-03-11T07:38:37","modified_gmt":"2026-03-11T07:38:37","slug":"nicole-kidman-o-que-ver-na-tv-e-no-streaming-na-quarta-10-03-2026-ilustrada","status":"publish","type":"post","link":"https:\/\/www.europesays.com\/pt\/300122\/","title":{"rendered":"Nicole Kidman: o que ver na TV e no streaming na quarta &#8211; 10\/03\/2026 &#8211; Ilustrada"},"content":{"rendered":"<p>Baseada no best-seller de Patricia Cornwell, <a href=\"https:\/\/f5.folha.uol.com.br\/cinema-e-series\/2026\/02\/assista-ao-primeiro-teaser-de-scarpetta-serie-com-nicole-kidman.shtml\" rel=\"nofollow noopener\" target=\"\">a s\u00e9rie acompanha<\/a> a brilhante e obstinada Kay Scarpetta no centro de uma investiga\u00e7\u00e3o para capturar um serial killer, que se assemelha ao caso que marcou sua carreira 28 anos antes. Ela tamb\u00e9m vive uma segunda chance no trabalho, ocupando o mesmo cargo por quase tr\u00eas d\u00e9cadas. No elenco est\u00e3o <a href=\"https:\/\/www1.folha.uol.com.br\/folha-topicos\/nicole-kidman\/\" rel=\"nofollow noopener\" target=\"\">Nicole Kidman<\/a>, <a href=\"https:\/\/www1.folha.uol.com.br\/folha-topicos\/jamie-lee-curtis\/\" rel=\"nofollow noopener\" target=\"\">Jamie Lee Curtis<\/a>, Bobby Cannavale e<a href=\"https:\/\/www1.folha.uol.com.br\/ilustrada\/2022\/02\/quem-e-ariana-debose-atriz-indicada-ao-oscar-2022-por-amor-sublime-amor.shtml\" rel=\"nofollow noopener\" target=\"\"> Ariana DeBose<\/a>.<\/p>\n<p><strong>Onde ver:<\/strong> Prime Video, 16 anos<\/p>\n<p>Por Dentro da Machosfera<\/p>\n<p><strong>Onde ver:<\/strong> <a href=\"https:\/\/www1.folha.uol.com.br\/folha-topicos\/netflix\/\" rel=\"nofollow noopener\" target=\"_blank\">Netflix<\/a>, 16 anos<\/p>\n<p>Louis Theroux viaja a Miami, Nova York e Marbella para encontrar criadores de conte\u00fado extremistas \u2013 a chamada &#8220;machosfera&#8221; &#8212; que acabam influenciando opini\u00f5es e comportamentos de jovens sobre a masculinidade e direitos do homem.<\/p>\n<p>Ca\u00e7adores do Fim do Mundo<\/p>\n<p><strong>Onde ver:<\/strong> Prime Video, 18 anos<\/p>\n<p>Em um mundo devastado por uma enorme explos\u00e3o solar, um grupo de ca\u00e7adores de tesouros viaja at\u00e9 a Europa para recuperar a Mona Lisa, mas logo ter\u00e1 que enfrentar uma dif\u00edcil escolha. Com <a href=\"https:\/\/f5.folha.uol.com.br\/cinema\/2018\/08\/dave-bautista-critica-demissao-de-diretor-e-diz-que-fara-guardioes-da-galaxia-por-obrigacao.shtml\" rel=\"nofollow noopener\" target=\"\">Dave Bautista<\/a> e <a href=\"https:\/\/www1.folha.uol.com.br\/ilustrada\/2013\/04\/1260987-atriz-ucraniana-olga-kurylenko-esconde-reviravoltas-de-oblivion.shtml\" rel=\"nofollow noopener\" target=\"\">Olga Kurylenko<\/a>.<\/p>\n<p>Os Penetras<\/p>\n<p><strong>Onde ver:<\/strong> HBO <a href=\"https:\/\/www1.folha.uol.com.br\/folha-topicos\/max\/\" rel=\"nofollow noopener\" target=\"_blank\">Max<\/a>, 14 anos<\/p>\n<p>A <a href=\"https:\/\/guia.folha.uol.com.br\/cinema\/1195718-os-penetras-e-o-terceiro-filme-mais-visto-no-brasil-veja-ranking.shtml\" rel=\"nofollow noopener\" target=\"\">com\u00e9dia acompanha o encontro<\/a> improv\u00e1vel entre dois homens completamente opostos durante o R\u00e9veillon no Rio de Janeiro, interpretados por <a href=\"https:\/\/www1.folha.uol.com.br\/folha-topicos\/marcelo-adnet\/\" rel=\"nofollow noopener\" target=\"\">Marcelo Adnet<\/a> e <a href=\"https:\/\/www1.folha.uol.com.br\/folha-topicos\/eduardo-sterblitch\/\" rel=\"nofollow noopener\" target=\"\">Eduardo Sterblitch<\/a>. Um \u00e9 um vigarista carism\u00e1tico, o outro, um rapaz t\u00edmido e inseguro tentando reconquistar sua ex-namorada. A dire\u00e7\u00e3o \u00e9 de Andrucha Waddington.<\/p>\n<p>Quando a Luz Arrebenta<\/p>\n<p><strong>Onde ver:<\/strong> Reserva Imovision, 14 anos<\/p>\n<p>No filme dirigido por R\u00fanar Runarsson, a jovem islandesa Una enfrenta a dor do luto enquanto guarda um terr\u00edvel segredo. Tentando seguir a vida, ela \u00e9 incapaz de expressar plenamente suas emo\u00e7\u00f5es com as pessoas ao seu redor. At\u00e9 que a luz surge num longo dia de ver\u00e3o na Isl\u00e2ndia.<\/p>\n<p>Trama Fantasma<\/p>\n<p><strong>Onde ver:<\/strong> Telecine Touch, 22h, 12 anos<\/p>\n<p>Nos anos 1950, <a href=\"https:\/\/www1.folha.uol.com.br\/ilustrada\/2018\/02\/daniel-day-lewis-se-despede-do-cinema-em-trama-fantasma.shtml\" rel=\"nofollow noopener\" target=\"\">um renomado estilista<\/a> que veste a realeza brit\u00e2nica conhece a forte e inteligente Alma, uma gar\u00e7onete que se torna sua musa e amante e vira seu cotidiano meticuloso e planejado de cabe\u00e7a para baixo. De <a href=\"https:\/\/www1.folha.uol.com.br\/ilustrada\/2026\/02\/paul-thomas-anderson-vence-o-premio-dga-do-sindicato-de-diretores.shtml\" rel=\"nofollow noopener\" target=\"\">Paul Thomas Anderson<\/a>, o filme \u00e9 estrelado por Daniel Day-Lewis e Vicky Krieps.<\/p>\n<p>O Cidad\u00e3o Ilustre<\/p>\n<p><strong>Onde ver:<\/strong> HBO Max e TCM, 22h, 14 anos<\/p>\n<p>Um escritor argentino e vencedor do Pr\u00eamio <a href=\"https:\/\/www1.folha.uol.com.br\/folha-topicos\/nobel\/\" rel=\"nofollow noopener\" target=\"_blank\">Nobel<\/a>, radicado h\u00e1 40 anos na Europa, <a href=\"https:\/\/www1.folha.uol.com.br\/ilustrada\/2021\/07\/cidadao-ilustre-traz-reflexao-sobre-qual-e-o-papel-do-artista.shtml\" rel=\"nofollow noopener\" target=\"\">volta para sua terra natal<\/a>, ao povoado onde nasceu e que inspirou a maioria de seus livros, para receber o t\u00edtulo de Cidad\u00e3o Ilustre da cidade. Com\u00e9dia dram\u00e1tica de Gast\u00f3n Duprat e Mariano Cohn.<\/p>\n","protected":false},"excerpt":{"rendered":"Baseada no best-seller de Patricia Cornwell, a s\u00e9rie acompanha a brilhante e obstinada Kay Scarpetta no centro de&hellip;\n","protected":false},"author":2,"featured_media":300123,"comment_status":"","ping_status":"","sticky":false,"template":"","format":"standard","meta":{"footnotes":"","_share_on_mastodon":"0"},"categories":[145],"tags":[514,211,210,114,115,236,1583,1627,716,11311,596,32,1587,33,941,940,600],"class_list":["post-300122","post","type-post","status-publish","format-standard","has-post-thumbnail","category-celebridades","tag-amazon","tag-celebridades","tag-celebrities","tag-entertainment","tag-entretenimento","tag-folha","tag-hbo-max","tag-max","tag-netflix","tag-nobel","tag-paul-thomas-anderson","tag-portugal","tag-prime-video","tag-pt","tag-series","tag-streaming","tag-veja-video"],"share_on_mastodon":{"url":"https:\/\/pubeurope.com\/@pt\/116209405336817741","error":""},"_links":{"self":[{"href":"https:\/\/www.europesays.com\/pt\/wp-json\/wp\/v2\/posts\/300122","targetHints":{"allow":["GET"]}}],"collection":[{"href":"https:\/\/www.europesays.com\/pt\/wp-json\/wp\/v2\/posts"}],"about":[{"href":"https:\/\/www.europesays.com\/pt\/wp-json\/wp\/v2\/types\/post"}],"author":[{"embeddable":true,"href":"https:\/\/www.europesays.com\/pt\/wp-json\/wp\/v2\/users\/2"}],"replies":[{"embeddable":true,"href":"https:\/\/www.europesays.com\/pt\/wp-json\/wp\/v2\/comments?post=300122"}],"version-history":[{"count":0,"href":"https:\/\/www.europesays.com\/pt\/wp-json\/wp\/v2\/posts\/300122\/revisions"}],"wp:featuredmedia":[{"embeddable":true,"href":"https:\/\/www.europesays.com\/pt\/wp-json\/wp\/v2\/media\/300123"}],"wp:attachment":[{"href":"https:\/\/www.europesays.com\/pt\/wp-json\/wp\/v2\/media?parent=300122"}],"wp:term":[{"taxonomy":"category","embeddable":true,"href":"https:\/\/www.europesays.com\/pt\/wp-json\/wp\/v2\/categories?post=300122"},{"taxonomy":"post_tag","embeddable":true,"href":"https:\/\/www.europesays.com\/pt\/wp-json\/wp\/v2\/tags?post=300122"}],"curies":[{"name":"wp","href":"https:\/\/api.w.org\/{rel}","templated":true}]}}