{"id":300310,"date":"2026-03-11T11:20:10","date_gmt":"2026-03-11T11:20:10","guid":{"rendered":"https:\/\/www.europesays.com\/pt\/300310\/"},"modified":"2026-03-11T11:20:10","modified_gmt":"2026-03-11T11:20:10","slug":"bola-de-fogo-cruza-ceus-da-europa-e-e-pensam-ser-missil-do-irao","status":"publish","type":"post","link":"https:\/\/www.europesays.com\/pt\/300310\/","title":{"rendered":"Bola de fogo cruza c\u00e9us da Europa e \u00e9 pensam ser m\u00edssil do Ir\u00e3o"},"content":{"rendered":"<p>No passado domingo, dia 08, os c\u00e9us da Europa tiveram uma visita anormal. Uma simples bola de fogo trouxe algum caos para v\u00e1rios pa\u00edses, por se julgar ser algo anormal. Afinal, era um simples meteorito, mas de imediato foi confundido com um m\u00edssil com que o Ir\u00e3o teria atacado a Europa.<\/p>\n<p><a target=\"_blank\" href=\"https:\/\/pplware.sapo.pt\/wp-content\/uploads\/2026\/03\/meteorito_europa.jpg\" onclick=\"refreshIframe()\" class=\"foobox\" rel=\"nofollow noopener\"><img fetchpriority=\"high\" decoding=\"async\" src=\"https:\/\/www.europesays.com\/pt\/wp-content\/uploads\/2026\/03\/meteorito_europa-1024x576.jpg\" alt=\"bola fogo europa m\u00edssil Ir\u00e3\" width=\"720\" height=\"405\" class=\"aligncenter size-large wp-image-1107966\"  \/><\/a>\n<\/p>\n<p>Bola de fogo cruza c\u00e9us da Europa<\/p>\n<p>O que parecia ser o in\u00edcio de um incidente internacional de seguran\u00e7a em Koblenz, na Alemanha, revelou-se afinal um evento de propor\u00e7\u00f5es c\u00f3smicas. O telhado de uma habita\u00e7\u00e3o foi subitamente perfurado por um objeto s\u00f3lido, deixando um buraco consider\u00e1vel e instalando o p\u00e2nico imediato entre os residentes e nas redes sociais. <\/p>\n<p>Num cen\u00e1rio alimentado pela forte tens\u00e3o geopol\u00edtica atual, o rasto luminoso que cruzou a Europa antes do impacto levou a que o objeto fosse rapidamente confundido com um m\u00edssil iraniano. A velocidade com que a teoria de um ataque militar se propagou obrigou as autoridades locais a uma interven\u00e7\u00e3o r\u00e1pida para acalmar os \u00e2nimos. <\/p>\n<p style=\"text-align: center;\">\n<p>O fen\u00f3meno foi vis\u00edvel em v\u00e1rios pa\u00edses, como os Pa\u00edses Baixos, B\u00e9lgica e Fran\u00e7a, apresentando uma luminosidade intensa. Para muitos observadores menos avisados, assemelhava-se a um engenho b\u00e9lico em trajet\u00f3ria de queda. No entanto, a pol\u00edcia de Kaiserslautern e os servi\u00e7os de emerg\u00eancia confirmaram prontamente que n\u00e3o existiam ind\u00edcios de atividade militar ou qualquer amea\u00e7a \u00e0 seguran\u00e7a nacional vinda do Ir\u00e3o.<\/p>\n<p>Meteorito \u00e9 confundido com m\u00edssil do Ir\u00e3o<\/p>\n<p>As inspe\u00e7\u00f5es t\u00e9cnicas no local do impacto deitaram por terra as especula\u00e7\u00f5es de um ataque com m\u00edsseis. O &#8220;invasor&#8221; era, na verdade, um raro fragmento de meteorito que sobreviveu \u00e0 entrada na atmosfera terrestre. Embora os danos na habita\u00e7\u00e3o tenham sido significativos, n\u00e3o se registaram feridos, uma vez que os moradores n\u00e3o se encontravam na divis\u00e3o atingida no momento da queda.<\/p>\n<p><a target=\"_blank\" href=\"https:\/\/pplware.sapo.pt\/wp-content\/uploads\/2026\/03\/76271650_906.jpg\" onclick=\"refreshIframe()\" class=\"foobox\" rel=\"nofollow noopener\"><img loading=\"lazy\" decoding=\"async\" src=\"https:\/\/www.europesays.com\/pt\/wp-content\/uploads\/2026\/03\/76271650_906-1024x576.jpg\" alt=\"bola fogo europa m\u00edssil Ir\u00e3o\" width=\"720\" height=\"405\" class=\"aligncenter size-large wp-image-1107963\"  \/><\/a><\/p>\n<p>Para a comunidade cient\u00edfica, o que foi motivo de susto para a popula\u00e7\u00e3o revelou-se um momento de grande interesse documental. Especialistas em astronomia que monitorizavam os c\u00e9us naquela noite explicaram que o brilho intenso, confundido com fogo de artif\u00edcio ou armamento, \u00e9 caracter\u00edstico da fric\u00e7\u00e3o de um meteoroide com a atmosfera.<\/p>\n<p>Este tipo de impacto em zonas urbanas \u00e9 extremamente invulgar, tornando o fragmento recolhido em Koblenz uma pe\u00e7a valiosa para estudo. O caso serve de lembrete sobre como o clima de incerteza global pode moldar a perce\u00e7\u00e3o p\u00fablica, transformando um fen\u00f3meno natural e milenar numa suposta amea\u00e7a de guerra em poucos minutos de especula\u00e7\u00e3o digital. Fica o registo de um evento que, apesar do susto material, trouxe um peda\u00e7o do espa\u00e7o diretamente para o quotidiano de uma fam\u00edlia alem\u00e3.<\/p>\n","protected":false},"excerpt":{"rendered":"No passado domingo, dia 08, os c\u00e9us da Europa tiveram uma visita anormal. Uma simples bola de fogo&hellip;\n","protected":false},"author":2,"featured_media":300311,"comment_status":"","ping_status":"","sticky":false,"template":"","format":"standard","meta":{"footnotes":"","_share_on_mastodon":"0"},"categories":[84],"tags":[2685,109,107,108,445,3963,5453,11978,32,33,105,103,104,106,110],"class_list":["post-300310","post","type-post","status-publish","format-standard","has-post-thumbnail","category-ciencia-e-tecnologia","tag-bola","tag-ciencia","tag-ciencia-e-tecnologia","tag-cienciaetecnologia","tag-europa","tag-fogo","tag-irao","tag-missil","tag-portugal","tag-pt","tag-science","tag-science-and-technology","tag-scienceandtechnology","tag-technology","tag-tecnologia"],"share_on_mastodon":{"url":"https:\/\/pubeurope.com\/@pt\/116210278409867284","error":""},"_links":{"self":[{"href":"https:\/\/www.europesays.com\/pt\/wp-json\/wp\/v2\/posts\/300310","targetHints":{"allow":["GET"]}}],"collection":[{"href":"https:\/\/www.europesays.com\/pt\/wp-json\/wp\/v2\/posts"}],"about":[{"href":"https:\/\/www.europesays.com\/pt\/wp-json\/wp\/v2\/types\/post"}],"author":[{"embeddable":true,"href":"https:\/\/www.europesays.com\/pt\/wp-json\/wp\/v2\/users\/2"}],"replies":[{"embeddable":true,"href":"https:\/\/www.europesays.com\/pt\/wp-json\/wp\/v2\/comments?post=300310"}],"version-history":[{"count":0,"href":"https:\/\/www.europesays.com\/pt\/wp-json\/wp\/v2\/posts\/300310\/revisions"}],"wp:featuredmedia":[{"embeddable":true,"href":"https:\/\/www.europesays.com\/pt\/wp-json\/wp\/v2\/media\/300311"}],"wp:attachment":[{"href":"https:\/\/www.europesays.com\/pt\/wp-json\/wp\/v2\/media?parent=300310"}],"wp:term":[{"taxonomy":"category","embeddable":true,"href":"https:\/\/www.europesays.com\/pt\/wp-json\/wp\/v2\/categories?post=300310"},{"taxonomy":"post_tag","embeddable":true,"href":"https:\/\/www.europesays.com\/pt\/wp-json\/wp\/v2\/tags?post=300310"}],"curies":[{"name":"wp","href":"https:\/\/api.w.org\/{rel}","templated":true}]}}