{"id":300489,"date":"2026-03-11T13:47:11","date_gmt":"2026-03-11T13:47:11","guid":{"rendered":"https:\/\/www.europesays.com\/pt\/300489\/"},"modified":"2026-03-11T13:47:11","modified_gmt":"2026-03-11T13:47:11","slug":"aos-75-anos-faustao-faz-rarissima-aparicao-em-foto-com-o-genro-que-sorte","status":"publish","type":"post","link":"https:\/\/www.europesays.com\/pt\/300489\/","title":{"rendered":"Aos 75 anos, Faust\u00e3o faz rar\u00edssima apari\u00e7\u00e3o em foto com o genro: &#8216;Que sorte&#8217;"},"content":{"rendered":"<p>Afastado da TV desde 2023, <a href=\"https:\/\/caras.com.br\/tags\/fausto-silva\" rel=\"nofollow noopener\" target=\"_blank\"><strong>Fausto Silva<\/strong><\/a>, o <a href=\"https:\/\/caras.com.br\/tags\/faustao\" rel=\"nofollow noopener\" target=\"_blank\"><strong>Faust\u00e3o<\/strong><\/a>, fez uma rar\u00edssima apari\u00e7\u00e3o nas redes sociais do genro, o apresentador <a href=\"https:\/\/caras.com.br\/tags\/julinho-casares\" rel=\"nofollow noopener\" target=\"_blank\"><strong>Julinho Casares<\/strong><\/a>. Na ter\u00e7a-feira, 10, o marido de <a href=\"https:\/\/caras.com.br\/tags\/lara-silva\" rel=\"nofollow noopener\" target=\"_blank\"><strong>Lara Silva<\/strong><\/a>, primog\u00eanita do veterano, publicou uma homenagem especial em comemora\u00e7\u00e3o ao Dia do Sogro.<\/p>\n<p>Em seu texto, Julinho abriu o cora\u00e7\u00e3o ao falar sobre a boa rela\u00e7\u00e3o com o sogro, revelando que costuma ouvir grandes conselhos do comunicador. O marido de Lara ainda ressaltou o quanto valoriza o privil\u00e9gio da troca di\u00e1ria com Faust\u00e3o, de 75 anos.<\/p>\n<p>\u201cHoje \u00e9 comemorado o \u2013 Dia do Sogro! Hoje \u00e9 dia de homenagear esse cara fant\u00e1stico que a vida me deu de presente. Tenho a alegria de conviver, trocar boas conversas, ouvir conselhos e compartilhar momentos importantes ao lado dele. Aqui na nossa fam\u00edlia, o que a gente mais preza \u00e9 o carinho, o respeito e o bom conv\u00edvio entre todos. Aprendemos tudo isso com ele\u201c, iniciou o genro do veterano.<\/p>\n<p>\u201cAl\u00e9m de sogro, posso dizer com felicidade que \u00e9 um amigo. Que sorte poder ter essa troca di\u00e1ria com voc\u00ea Fausto! Voc\u00ea nem imagina o quanto valorizamos isso todos os dias. O melhor de tudo isso, o fato que ele me deu a coisa mais importante da minha vida, minha esposa! Obrigado sogr\u00e3o, te amo!\u201c, completou Julinho Casares.<\/p>\n<p>Nos coment\u00e1rios da publica\u00e7\u00e3o, diversos internautas deixaram mensagens carinhosas aos dois: \u201cQue honra ser genro dele! Muita sa\u00fade e vida longa, Faust\u00e3o querido!\u201c, declarou uma admiradora. \u201cLindo esse carinho, admira\u00e7\u00e3o e respeito entre voc\u00eas\u201c, disse outra. \u201cOs dois t\u00eam sorte de ter um ao outro em suas vidas\u201c, falou uma terceira.<\/p>\n<p> Veja a foto de Faust\u00e3o com o genro: <\/p>\n<blockquote class=\"instagram-media\" style=\"background: #FFF; border: 0; border-radius: 3px; box-shadow: 0 0 1px 0 rgba(0,0,0,0.5),0 1px 10px 0 rgba(0,0,0,0.15); margin: 1px; max-width: 540px; min-width: 326px; padding: 0; width: calc(100% - 2px);\" data-instgrm-captioned=\"\" data-instgrm-permalink=\"https:\/\/www.instagram.com\/p\/DVubUGJDABv\/?utm_source=ig_embed&amp;utm_campaign=loading\" data-instgrm-version=\"14\"><\/blockquote>\n<p>  Quem s\u00e3o os filhos de Faust\u00e3o? <\/p>\n<p>Recentemente, os herdeiros de <strong>Faust\u00e3o<\/strong> roubaram a cena ao curtirem juntos a folia do Rio de Janeiro. <strong>Lara Silva<\/strong>, a primog\u00eanita do apresentador, usou suas redes sociais para publicar um registro raro ao lado dos irm\u00e3os, <strong>Jo\u00e3o Silva<\/strong> e <strong>Rodrigo<\/strong>, diretamente de um camarote na Marqu\u00eas de Sapuca\u00ed.<\/p>\n<p>O trio aproveitou o desfile das escolas de samba em clima de total cumplicidade. Vale destacar que Lara \u00e9 fruto do primeiro casamento de Fausto com a artista pl\u00e1stica Magda Colares, enquanto Jo\u00e3o e Rodrigo s\u00e3o filhos da uni\u00e3o do comunicador com Luciana Cardoso.<\/p>\n<p>Que tal conhecer um pouco mais sobre os tr\u00eas filhos de Faust\u00e3o? <a href=\"https:\/\/caras.com.br\/atualidades\/quem-sao-os-filhos-de-faustao-herdeiros-do-apresentador-tambem-sao-artistas.phtml\" rel=\"nofollow noopener\" target=\"_blank\">Clique aqui e saiba detalhes sobre a vida e carreira<\/a> de Lara, Jo\u00e3o e Rodrigo!<\/p>\n<p><strong>Leia tamb\u00e9m<\/strong>: <a href=\"https:\/\/caras.com.br\/atualidades\/joao-silva-relembra-conselho-que-recebeu-de-faustao-antes-do-carnaval-ele-falou.phtml\" rel=\"nofollow noopener\" target=\"_blank\">Jo\u00e3o Silva relembra conselho que recebeu de Faust\u00e3o antes do Carnaval: \u2018Ele falou\u2026\u2019<\/a><\/p>\n<p> <img loading=\"lazy\" decoding=\"async\" class=\"size-full wp-image-1078085 img-fluid lazy\" alt=\"Filhos de Faust\u00e3o - Foto: @laralaramusic\" width=\"640\" height=\"769\" src=\"https:\/\/www.europesays.com\/pt\/wp-content\/uploads\/2026\/03\/641764181_18572607901018284_4741925888984899346_n.jpg\"  \/>Filhos de Faust\u00e3o \u2013 Foto: @laralaramusic\t\t\t<\/p>\n<p>        <a href=\"https:\/\/caras.com.br\/autor\/rafaela-oliveira\" rel=\"nofollow noopener\" target=\"_blank\">&#13;<br \/>\n          <img alt=\"Rafaela Oliveira\" src=\"https:\/\/www.europesays.com\/pt\/wp-content\/uploads\/2026\/03\/1773236831_765_49f5322875970d1e29e5ff2c3d4db4418044337871973cc6a09a25acab0e8ff7.png\"  class=\"avatar avatar-115 photo rounded-circle mr-3\" height=\"115\" width=\"115\" loading=\"lazy\" decoding=\"async\"\/>        <\/a><\/p>\n<p>        <strong>Rafaela Oliveira<\/strong> \u00e9 rep\u00f3rter de conte\u00fado do site CARAS. Formada em jornalismo, j\u00e1 passou por sites como MaisNovela, Portal M\u00e1rcia Piovesan, Purepeople Brasil e Jornal O Dia. Escreve sobre celebridades, TV e reality show. (email: <a href=\"https:\/\/caras.com.br\/cdn-cgi\/l\/email-protection\" class=\"__cf_email__\" data-cfemail=\"0173636e6d6877646873605e626e6d60634162607360722f626e6c2f6373\" rel=\"nofollow noopener\" target=\"_blank\">[email\u00a0protected]<\/a>)<\/p>\n<p>\t                                            <script async src=\"\/\/www.instagram.com\/embed.js\"><\/script><\/p>\n","protected":false},"excerpt":{"rendered":"Afastado da TV desde 2023, Fausto Silva, o Faust\u00e3o, fez uma rar\u00edssima apari\u00e7\u00e3o nas redes sociais do genro,&hellip;\n","protected":false},"author":2,"featured_media":300490,"comment_status":"","ping_status":"","sticky":false,"template":"","format":"standard","meta":{"footnotes":"","_share_on_mastodon":"0"},"categories":[145],"tags":[211,210,114,115,6456,6647,20359,20358,32,33],"class_list":["post-300489","post","type-post","status-publish","format-standard","has-post-thumbnail","category-celebridades","tag-celebridades","tag-celebrities","tag-entertainment","tag-entretenimento","tag-faustao","tag-fausto-silva","tag-julinho-casares","tag-lara-silva","tag-portugal","tag-pt"],"share_on_mastodon":{"url":"https:\/\/pubeurope.com\/@pt\/116210856507959532","error":""},"_links":{"self":[{"href":"https:\/\/www.europesays.com\/pt\/wp-json\/wp\/v2\/posts\/300489","targetHints":{"allow":["GET"]}}],"collection":[{"href":"https:\/\/www.europesays.com\/pt\/wp-json\/wp\/v2\/posts"}],"about":[{"href":"https:\/\/www.europesays.com\/pt\/wp-json\/wp\/v2\/types\/post"}],"author":[{"embeddable":true,"href":"https:\/\/www.europesays.com\/pt\/wp-json\/wp\/v2\/users\/2"}],"replies":[{"embeddable":true,"href":"https:\/\/www.europesays.com\/pt\/wp-json\/wp\/v2\/comments?post=300489"}],"version-history":[{"count":0,"href":"https:\/\/www.europesays.com\/pt\/wp-json\/wp\/v2\/posts\/300489\/revisions"}],"wp:featuredmedia":[{"embeddable":true,"href":"https:\/\/www.europesays.com\/pt\/wp-json\/wp\/v2\/media\/300490"}],"wp:attachment":[{"href":"https:\/\/www.europesays.com\/pt\/wp-json\/wp\/v2\/media?parent=300489"}],"wp:term":[{"taxonomy":"category","embeddable":true,"href":"https:\/\/www.europesays.com\/pt\/wp-json\/wp\/v2\/categories?post=300489"},{"taxonomy":"post_tag","embeddable":true,"href":"https:\/\/www.europesays.com\/pt\/wp-json\/wp\/v2\/tags?post=300489"}],"curies":[{"name":"wp","href":"https:\/\/api.w.org\/{rel}","templated":true}]}}