{"id":30059,"date":"2025-08-15T04:41:10","date_gmt":"2025-08-15T04:41:10","guid":{"rendered":"https:\/\/www.europesays.com\/pt\/30059\/"},"modified":"2025-08-15T04:41:10","modified_gmt":"2025-08-15T04:41:10","slug":"novo-betty-a-feia-e-vanessa-kirby-o-que-ver-na-sexta-14-08-2025-ilustrada","status":"publish","type":"post","link":"https:\/\/www.europesays.com\/pt\/30059\/","title":{"rendered":"Novo &#8216;Betty, A Feia&#8217; e Vanessa Kirby: o que ver na sexta &#8211; 14\/08\/2025 &#8211; Ilustrada"},"content":{"rendered":"<p>&#8220;<a href=\"https:\/\/f5.folha.uol.com.br\/cinema-e-series\/2024\/07\/achei-que-era-a-hora-certa-diz-protagonista-sobre-volta-de-betty-a-feia-apos-mais-de-20-anos.shtml\" rel=\"nofollow noopener\" target=\"\">Betty, A Feia<\/a>: A Hist\u00f3ria Continua&#8221; se passa 20 anos depois dos eventos da novela original, &#8220;<a href=\"https:\/\/f5.folha.uol.com.br\/cinema-e-series\/2023\/09\/betty-a-feia-ganhara-continuacao-em-serie-com-retorno-de-elenco-original.shtml\" rel=\"nofollow noopener\" target=\"\">Yo Soy Betty, La Fea<\/a>&#8220;, e \u00e9 a produ\u00e7\u00e3o latino-americana mais vista do <a href=\"https:\/\/f5.folha.uol.com.br\/televisao\/2025\/02\/prime-video-anuncia-que-passara-a-exibir-anuncios-para-assinantes.shtml\" rel=\"nofollow noopener\" target=\"\">Prime Video<\/a>, segundo a plataforma.<\/p>\n<p>A segunda temporada estreia com mais ci\u00fames, desentendimentos, cora\u00e7\u00f5es partidos, amantes apaixonados e novos casos de amor. Betty e Armando agora est\u00e3o divorciados, embora possa n\u00e3o ser em definitivo, e a empresa dela se divide em Time Betty e Time Os Nachos.<\/p>\n<p><strong>Onde ver<\/strong>: Prime Video, 14 anos<\/p>\n<p>A Noite Sempre Chega<\/p>\n<p><strong>Onde ver<\/strong>: Netflix, 16 anos<\/p>\n<p><a href=\"https:\/\/www1.folha.uol.com.br\/ilustrada\/2024\/02\/conheca-o-novo-quarteto-fantastico-com-pedro-pascal-e-ator-de-o-urso.shtml\" rel=\"nofollow noopener\" target=\"\">Vanessa Kirby<\/a> interpreta Lynette, uma mulher trabalhadora que embarca em uma jornada perigosa de uma noite, encarando o submundo do crime, para levantar 25 mil d\u00f3lares e assim evitar que sua fam\u00edlia seja despejada do lugar onde moram.<\/p>\n<p>Colapso<\/p>\n<p><strong>Onde ver<\/strong>: Disney+, 18 anos<\/p>\n<p>A s\u00e9rie de suspense policial segue uma jovem argentina que procura pelos pais biol\u00f3gicos no M\u00e9xico. Com a ajuda do seguran\u00e7a contratado por sua fam\u00edlia, ela descobre que n\u00e3o foi abandonada, mas tirada dos bra\u00e7os de sua m\u00e3e ainda beb\u00ea. Decidida a achar os respons\u00e1veis, ela se v\u00ea infiltrada numa organiza\u00e7\u00e3o criminosa.<\/p>\n<p>Di\u00e1rios de uma Apotec\u00e1ria<\/p>\n<p><strong>Onde ver<\/strong>: Crunchyroll, HBO Max e Netflix, 14 anos<\/p>\n<p>Maomao vivia com seu pai farmac\u00eautico sempre curiosa por rem\u00e9dios e venenos. Ela \u00e9 vendida como serva ao pal\u00e1cio do imperador, onde trabalha como lavadeira. Sem querer viver submissa, Maomao decide mostrar seus dons de cura para os herdeiros imperiais e chama a aten\u00e7\u00e3o de um oficial. O anime tem duas temporadas.<\/p>\n<p>Na Natureza Selvagem<\/p>\n<p><strong>Onde ver<\/strong>: Paramount+, 12 anos<\/p>\n<p>Ap\u00f3s se formar na universidade, <a href=\"https:\/\/f5.folha.uol.com.br\/voceviu\/2019\/07\/mulher-morre-tentando-encontrar-o-onibus-retratado-no-filme-na-natureza-selvagem.shtml\" rel=\"nofollow noopener\" target=\"\">Christopher McCandless<\/a> abre m\u00e3o de tudo o que tem e pega carona at\u00e9 o Alasca para viver em meio \u00e0 natureza. Dirigido por <a href=\"https:\/\/f5.folha.uol.com.br\/celebridades\/2022\/03\/sean-penn-abandona-carro-e-caminha-por-quilometros-para-deixar-a-ucrania.shtml\" rel=\"nofollow noopener\" target=\"\">Sean Penn<\/a>, o filme \u00e9 baseado em uma hist\u00f3ria real, protagonizado por <a href=\"https:\/\/m.folha.uol.com.br\/ilustrada\/2015\/08\/1670115-ator-de-na-natureza-selvagem-e-preso-por-agredir-executiva.shtml\" rel=\"nofollow noopener\" target=\"\">Emile Hirsch<\/a> e tem trilha de <a href=\"https:\/\/f5.folha.uol.com.br\/musica\/2017\/06\/eddie-vedder-revela-que-ja-levou-soco-na-cara-de-paul-mccartney-e-doeu.shtml\" rel=\"nofollow noopener\" target=\"\">Eddie Vedder<\/a>, da banda <a href=\"https:\/\/www1.folha.uol.com.br\/folha-topicos\/pearl-jam\/\" rel=\"nofollow noopener\" target=\"\">Pearl Jam<\/a>.<\/p>\n<p><strong>Onde ver<\/strong>: GloboNews, 23h30, livre<\/p>\n<p>O jornalista e colunista da <strong>Folha <\/strong><a href=\"https:\/\/www1.folha.uol.com.br\/colunas\/mariosergioconti\/\" rel=\"nofollow noopener\" target=\"\">Mario Sergio Conti<\/a> conversa com a atriz <a href=\"https:\/\/www1.folha.uol.com.br\/colunas\/monicabergamo\/2025\/08\/a-moral-e-os-bons-costumes-invadiram-a-vida-da-gente-diz-andrea-beltrao.shtml\" rel=\"nofollow noopener\" target=\"\">Andrea Beltr\u00e3o<\/a> no teatro em que ela est\u00e1 em cartaz em S\u00e3o Paulo, com &#8220;<a href=\"https:\/\/www1.folha.uol.com.br\/blogs\/mise-en-scene\/2025\/04\/lady-tempestade-memorias-da-coragem-de-uma-mulher.shtml\" rel=\"nofollow noopener\" target=\"\">Lady Tempestade<\/a>&#8220;. A pe\u00e7a retrata a advogada M\u00e9rcia Albuquerque, defensora de presos pol\u00edticos durante a ditadura.<\/p>\n<p><strong>Onde ver<\/strong>: GNT, 23h45, 12 anos<\/p>\n<p><a href=\"https:\/\/www1.folha.uol.com.br\/folha-topicos\/pedro-bial\/\" rel=\"nofollow noopener\" target=\"\">Pedro Bial<\/a> entrevista o ator e m\u00fasico <a href=\"https:\/\/f5.folha.uol.com.br\/televisao\/2025\/06\/alexandre-nero-diz-por-que-marco-aurelio-conquistou-o-brasil-e-carismatico-e-sedutor.shtml\" rel=\"nofollow noopener\" target=\"\">Alexandre Nero<\/a>, que compartilha mem\u00f3rias de sua trajet\u00f3ria pessoal e art\u00edstica, incluindo seu mais recente papel como o vil\u00e3o Marco Aur\u00e9lio em &#8220;<a href=\"https:\/\/www1.folha.uol.com.br\/folha-topicos\/vale-tudo-novela\/\" rel=\"nofollow noopener\" target=\"\">Vale Tudo<\/a>&#8220;.<\/p>\n","protected":false},"excerpt":{"rendered":"&#8220;Betty, A Feia: A Hist\u00f3ria Continua&#8221; se passa 20 anos depois dos eventos da novela original, &#8220;Yo Soy&hellip;\n","protected":false},"author":2,"featured_media":30060,"comment_status":"","ping_status":"","sticky":false,"template":"","format":"standard","meta":{"footnotes":""},"categories":[145],"tags":[2325,514,8447,7536,9989,211,210,470,7539,1579,114,115,236,753,4641,4346,2595,7533,1627,1623,716,6712,9987,32,1587,33,9988,941,940,218,2930,2149],"class_list":{"0":"post-30059","1":"post","2":"type-post","3":"status-publish","4":"format-standard","5":"has-post-thumbnail","7":"category-celebridades","8":"tag-alexandre-nero","9":"tag-amazon","10":"tag-andrea-beltrao","11":"tag-anime","12":"tag-betty-a-feia","13":"tag-celebridades","14":"tag-celebrities","15":"tag-cinema","16":"tag-disney-plus","17":"tag-disney","18":"tag-entertainment","19":"tag-entretenimento","20":"tag-folha","21":"tag-globo","22":"tag-globonews","23":"tag-gnt","24":"tag-hollywood","25":"tag-mario-sergio-conti","26":"tag-max","27":"tag-multitela","28":"tag-netflix","29":"tag-paramount-plus","30":"tag-pedro-bial","31":"tag-portugal","32":"tag-prime-video","33":"tag-pt","34":"tag-sean-penn","35":"tag-series","36":"tag-streaming","37":"tag-televisao","38":"tag-vale-tudo-novela","39":"tag-vanessa-kirby"},"share_on_mastodon":{"url":"","error":""},"_links":{"self":[{"href":"https:\/\/www.europesays.com\/pt\/wp-json\/wp\/v2\/posts\/30059","targetHints":{"allow":["GET"]}}],"collection":[{"href":"https:\/\/www.europesays.com\/pt\/wp-json\/wp\/v2\/posts"}],"about":[{"href":"https:\/\/www.europesays.com\/pt\/wp-json\/wp\/v2\/types\/post"}],"author":[{"embeddable":true,"href":"https:\/\/www.europesays.com\/pt\/wp-json\/wp\/v2\/users\/2"}],"replies":[{"embeddable":true,"href":"https:\/\/www.europesays.com\/pt\/wp-json\/wp\/v2\/comments?post=30059"}],"version-history":[{"count":0,"href":"https:\/\/www.europesays.com\/pt\/wp-json\/wp\/v2\/posts\/30059\/revisions"}],"wp:featuredmedia":[{"embeddable":true,"href":"https:\/\/www.europesays.com\/pt\/wp-json\/wp\/v2\/media\/30060"}],"wp:attachment":[{"href":"https:\/\/www.europesays.com\/pt\/wp-json\/wp\/v2\/media?parent=30059"}],"wp:term":[{"taxonomy":"category","embeddable":true,"href":"https:\/\/www.europesays.com\/pt\/wp-json\/wp\/v2\/categories?post=30059"},{"taxonomy":"post_tag","embeddable":true,"href":"https:\/\/www.europesays.com\/pt\/wp-json\/wp\/v2\/tags?post=30059"}],"curies":[{"name":"wp","href":"https:\/\/api.w.org\/{rel}","templated":true}]}}