{"id":30088,"date":"2025-08-15T05:33:07","date_gmt":"2025-08-15T05:33:07","guid":{"rendered":"https:\/\/www.europesays.com\/pt\/30088\/"},"modified":"2025-08-15T05:33:07","modified_gmt":"2025-08-15T05:33:07","slug":"radio-educadora-fm-dois-vizinhos-pr-6","status":"publish","type":"post","link":"https:\/\/www.europesays.com\/pt\/30088\/","title":{"rendered":"R\u00e1dio Educadora FM &#8211; Dois Vizinhos PR."},"content":{"rendered":"<p style=\"text-align: justify;\">Faleceu na madrugada desta quinta-feira, 14 de agosto, a pioneira In\u00eas Soletti Basso. Ela sofreu uma fal\u00eancia m\u00faltipla de \u00f3rg\u00e3os. Nascida em 10 de fevereiro de 1945, na cidade de Marcelino Ramos (RS), In\u00eas era filha de Ricieri Soletti e Tereza Schio Soletti. Primeira de oito irm\u00e3os, cresceu em uma comunidade rural, onde aprendeu, desde cedo, o valor do trabalho, da f\u00e9 e do estudo. Sua alfabetiza\u00e7\u00e3o foi fruto da parceria entre a escola local e o esfor\u00e7o dos pr\u00f3prios pais, despertando nela um amor pelo conhecimento que guiaria sua trajet\u00f3ria. Em setembro de 1965, casou-se com Arlindo Basso e, logo em seguida, o casal mudou-se para Dois Vizinhos (PR), tornando-se pioneiros na forma\u00e7\u00e3o do jovem munic\u00edpio. Ali constru\u00edram suas vidas, formaram fam\u00edlia e deixaram um legado. Tiveram quatro filhos: Anacleto, Airton, Cleiton e Dayana. Com o tempo, vieram noras e genro e tamb\u00e9m 10 netos e 2 bisnetas, que sempre receberam seu carinho e orienta\u00e7\u00e3o.<\/p>\n<p style=\"text-align: justify;\">Sua carreira no magist\u00e9rio come\u00e7ou em 1966, quando foi convidada pelo ent\u00e3o prefeito Jaime Guzzo a lecionar na comunidade de Linha Conrado. A partir dali, dedicou-se por mais de 25 anos \u00e0 educa\u00e7\u00e3o, alfabetizando e formando gera\u00e7\u00f5es em escolas como Presidente Vargas, Duque de Caxias, Monteiro Lobato e Dois Vizinhos. Sua paci\u00eancia, amor pelo ensino e comprometimento marcaram a vida de in\u00fameros alunos. Vi\u00fava desde 2012, In\u00eas continuou sendo refer\u00eancia de for\u00e7a e dignidade para familiares e amigos. Viveu com sa\u00fade plena at\u00e9 junho de 2025, quando iniciou um delicado quadro de complica\u00e7\u00f5es de sa\u00fade. No dia 14 de agosto de 2025, partiu serenamente, em decorr\u00eancia de fal\u00eancia m\u00faltipla de \u00f3rg\u00e3os, deixando um exemplo de vida simples, \u00edntegra e dedicada ao pr\u00f3ximo.<\/p>\n<p style=\"text-align: justify;\">O seu corpo est\u00e1 sendo velado no Centro Comunit\u00e1rio do Bairro Nossa Senhora de Lourdes. \u00c0s 16h30, haver\u00e1 missa de corpo presente seguida de sepultamento no cemit\u00e9rio do Centro Sul.\u00a0<\/p>\n<p style=\"text-align: justify;\">Fonte: Portal Educadora<\/p>\n","protected":false},"excerpt":{"rendered":"Faleceu na madrugada desta quinta-feira, 14 de agosto, a pioneira In\u00eas Soletti Basso. Ela sofreu uma fal\u00eancia m\u00faltipla&hellip;\n","protected":false},"author":2,"featured_media":30089,"comment_status":"","ping_status":"","sticky":false,"template":"","format":"standard","meta":{"footnotes":""},"categories":[141],"tags":[3050,3056,3054,3055,3051,3052,114,115,1914,1915,149,150,3053,32,33,766],"class_list":{"0":"post-30088","1":"post","2":"type-post","3":"status-publish","4":"format-standard","5":"has-post-thumbnail","7":"category-musica","8":"tag-am","9":"tag-ao-vivo","10":"tag-dois-vizinhos","11":"tag-doisvizinhos","12":"tag-educadora","13":"tag-educadoradv","14":"tag-entertainment","15":"tag-entretenimento","16":"tag-fm","17":"tag-mp3","18":"tag-music","19":"tag-musica","20":"tag-player","21":"tag-portugal","22":"tag-pt","23":"tag-radio"},"share_on_mastodon":{"url":"","error":""},"_links":{"self":[{"href":"https:\/\/www.europesays.com\/pt\/wp-json\/wp\/v2\/posts\/30088","targetHints":{"allow":["GET"]}}],"collection":[{"href":"https:\/\/www.europesays.com\/pt\/wp-json\/wp\/v2\/posts"}],"about":[{"href":"https:\/\/www.europesays.com\/pt\/wp-json\/wp\/v2\/types\/post"}],"author":[{"embeddable":true,"href":"https:\/\/www.europesays.com\/pt\/wp-json\/wp\/v2\/users\/2"}],"replies":[{"embeddable":true,"href":"https:\/\/www.europesays.com\/pt\/wp-json\/wp\/v2\/comments?post=30088"}],"version-history":[{"count":0,"href":"https:\/\/www.europesays.com\/pt\/wp-json\/wp\/v2\/posts\/30088\/revisions"}],"wp:featuredmedia":[{"embeddable":true,"href":"https:\/\/www.europesays.com\/pt\/wp-json\/wp\/v2\/media\/30089"}],"wp:attachment":[{"href":"https:\/\/www.europesays.com\/pt\/wp-json\/wp\/v2\/media?parent=30088"}],"wp:term":[{"taxonomy":"category","embeddable":true,"href":"https:\/\/www.europesays.com\/pt\/wp-json\/wp\/v2\/categories?post=30088"},{"taxonomy":"post_tag","embeddable":true,"href":"https:\/\/www.europesays.com\/pt\/wp-json\/wp\/v2\/tags?post=30088"}],"curies":[{"name":"wp","href":"https:\/\/api.w.org\/{rel}","templated":true}]}}