{"id":301578,"date":"2026-03-12T10:24:15","date_gmt":"2026-03-12T10:24:15","guid":{"rendered":"https:\/\/www.europesays.com\/pt\/301578\/"},"modified":"2026-03-12T10:24:15","modified_gmt":"2026-03-12T10:24:15","slug":"aos-20-anos-brasileira-e-eleita-a-bilionaria-mais-jovem-do-mundo-com-patrimonio-de-r-572-bilhoes","status":"publish","type":"post","link":"https:\/\/www.europesays.com\/pt\/301578\/","title":{"rendered":"Aos 20 anos, brasileira \u00e9 eleita a bilion\u00e1ria mais jovem do mundo com patrim\u00f4nio de R$ 5,72 bilh\u00f5es"},"content":{"rendered":"<p>A nova edi\u00e7\u00e3o da lista Bilion\u00e1rios do Mundo 2026, divulgada pela Forbes, trouxe um dado que chama aten\u00e7\u00e3o: 35 jovens j\u00e1 alcan\u00e7aram fortunas de dez d\u00edgitos, um recorde no ranking global. Entre eles, uma brasileira de apenas 20 anos acabou sendo eleita a bilion\u00e1ria mais jovem do mundo com patrim\u00f4nio de R$ 5,72 bilh\u00f5es.<\/p>\n<p>O ranking tamb\u00e9m revela outro detalhe curioso: cinco dos seis brasileiros mais jovens e mais ricos listados pertencem \u00e0 mesma fam\u00edlia. Este dado refor\u00e7a presen\u00e7a do grupo entre as maiores fortunas do pa\u00eds.<\/p>\n<p><strong>Leia mais<\/strong>: <a href=\"https:\/\/caras.com.br\/atualidades\/com-patrimonio-de-us-13-bilhao-brasileira-e-a-bilionaria-mais-jovem-do-mundo-sem-ser-herdeira.phtml\" rel=\"nofollow noopener\" target=\"_blank\">Com patrim\u00f4nio de US$ 1,3 bilh\u00e3o, brasileira \u00e9 a bilion\u00e1ria mais jovem do mundo sem ser herdeira<\/a><\/p>\n<p> Quem \u00e9 a bilion\u00e1ria? <\/p>\n<p>Com apenas 20 anos,<strong> Amelie Voigt Trejes<\/strong> entrou para a hist\u00f3ria ao se tornar a bilion\u00e1ria mais jovem do mundo, segundo dados da Forbes Brasil.<\/p>\n<p>A posi\u00e7\u00e3o foi alcan\u00e7ada ap\u00f3s Amelie herdar parte da fortuna da WEG, empresa brasileira do setor de m\u00e1quinas industriais cofundada em 1961 por seu av\u00f4, <strong>Werner Ricardo Voigt<\/strong>, que morreu em 2016. Hoje, ela possui cerca de 2% da companhia e um patrim\u00f4nio estimado em US$ 1,1 bilh\u00e3o, o que d\u00e1 em torno de R$ 5,72 bilh\u00f5es na cota\u00e7\u00e3o atual.<\/p>\n<p>Discreta quando o assunto \u00e9 exposi\u00e7\u00e3o p\u00fablica, Am\u00e9lie mant\u00e9m um perfil fechado nas redes sociais, acess\u00edvel apenas a pessoas pr\u00f3ximas e com menos de 2 mil seguidores. No ranking, cinco dos seis brasileiros mais jovens e mais ricos listados pertencem \u00e0 mesma fam\u00edlia.<\/p>\n<p>O segundo lugar entre os bilion\u00e1rios mais jovens do mundo agora pertence ao alem\u00e3o <strong>Johannes von Baumbach<\/strong>, herdeiro de uma farmac\u00eautica. A brasileira \u00e9 apenas sete semanas mais jovem do que ele.<\/p>\n<p>A lista tamb\u00e9m destaca outra brasileira. <strong>Luana Lopes Lara<\/strong> aparece como a mais jovem entre aqueles que constru\u00edram a pr\u00f3pria fortuna.<\/p>\n<p>\t FIQUE POR DENTRO DAS NOT\u00cdCIAS DOS FAMOSOS ACOMPANHANDO A <a href=\"https:\/\/www.instagram.com\/carasbrasil\/\" rel=\"nofollow noopener\" target=\"_blank\">CARAS BRASIL<\/a> NAS REDES SOCIAIS: <\/p>\n<blockquote class=\"instagram-media\" style=\"background: #FFF; border: 0; border-radius: 3px; box-shadow: 0 0 1px 0 rgba(0,0,0,0.5),0 1px 10px 0 rgba(0,0,0,0.15); margin: 1px; max-width: 540px; min-width: 326px; padding: 0; width: calc(100% - 2px);\" data-instgrm-captioned=\"\" data-instgrm-permalink=\"https:\/\/www.instagram.com\/p\/DVgxz9PFcrE\/?utm_source=ig_embed&amp;utm_campaign=loading\" data-instgrm-version=\"14\"><\/blockquote>\n<p>  O que \u00e9 ser um bilion\u00e1rio? <\/p>\n<p>Muitos podem apontar que um bilion\u00e1rio \u00e9 uma pessoa muito rica. Ostentar este t\u00edtulo significa ter um patrim\u00f4nio l\u00edquido de pelo menos um bilh\u00e3o (1.000.000.000) de unidades monet\u00e1rias (geralmente d\u00f3lares americanos ou euros).<\/p>\n<p>No ano de 2017, o matem\u00e1tico americano <strong>John Allen Paulos<\/strong> exemplificou\u00a0que 1 milh\u00e3o de segundos equivale a menos de 12 dias. Logo,\u00a01 bilh\u00e3o de segundos \u00e9 quase 32 anos. Esse \u00e9 apenas um dos exemplos de qu\u00e3o alto \u00e9 este valor, ainda mais quando se fala em dinheiro. S\u00f3 para se ter uma no\u00e7\u00e3o do qu\u00e3o alto \u00e9 um <a href=\"https:\/\/caras.com.br\/atualidades\/fortuna-dos-bilionarios-bate-recorde-e-cresce-tres-vezes-mais-rapido-totalizando-us-183-trilhoes.phtml\" rel=\"nofollow noopener\" target=\"_blank\">patrim\u00f4nio de um bilh\u00e3o.<\/a><\/p>\n<p>        <a href=\"https:\/\/caras.com.br\/autor\/felipe-franca\" rel=\"nofollow noopener\" target=\"_blank\">&#13;<br \/>\n          <img loading=\"lazy\" decoding=\"async\" alt=\"Felipe Fran\u00e7a\" src=\"https:\/\/www.europesays.com\/pt\/wp-content\/uploads\/2026\/03\/whatsapp_image_2024-02-01_at_11.27.22_sqmd.jpeg\" class=\"avatar avatar-115 photo rounded-circle\" height=\"115\" width=\"115\"\/>        <\/a><\/p>\n<p><strong>Felipe Fran\u00e7a<\/strong> \u00e9 jornalista formado pela Faculdade C\u00e1sper L\u00edbero (FCL). \u00c9 rep\u00f3rter de pautas especiais do Grupo Perfil. Tem passagens pela Coluna Fl\u00e1vio Ricco, no R7, e pela TV Gazeta. Possui paix\u00e3o pelo universo da televis\u00e3o, novelas e celebridades. Gosta da arte de ouvir hist\u00f3rias e pessoas.<\/p>\n<p>\t                                            <script async src=\"\/\/www.instagram.com\/embed.js\"><\/script><\/p>\n","protected":false},"excerpt":{"rendered":"A nova edi\u00e7\u00e3o da lista Bilion\u00e1rios do Mundo 2026, divulgada pela Forbes, trouxe um dado que chama aten\u00e7\u00e3o:&hellip;\n","protected":false},"author":2,"featured_media":301579,"comment_status":"","ping_status":"","sticky":false,"template":"","format":"standard","meta":{"footnotes":"","_share_on_mastodon":"0"},"categories":[145],"tags":[36648,211,210,114,115,32,33],"class_list":["post-301578","post","type-post","status-publish","format-standard","has-post-thumbnail","category-celebridades","tag-bilionaria","tag-celebridades","tag-celebrities","tag-entertainment","tag-entretenimento","tag-portugal","tag-pt"],"share_on_mastodon":{"url":"https:\/\/pubeurope.com\/@pt\/116215720555625825","error":""},"_links":{"self":[{"href":"https:\/\/www.europesays.com\/pt\/wp-json\/wp\/v2\/posts\/301578","targetHints":{"allow":["GET"]}}],"collection":[{"href":"https:\/\/www.europesays.com\/pt\/wp-json\/wp\/v2\/posts"}],"about":[{"href":"https:\/\/www.europesays.com\/pt\/wp-json\/wp\/v2\/types\/post"}],"author":[{"embeddable":true,"href":"https:\/\/www.europesays.com\/pt\/wp-json\/wp\/v2\/users\/2"}],"replies":[{"embeddable":true,"href":"https:\/\/www.europesays.com\/pt\/wp-json\/wp\/v2\/comments?post=301578"}],"version-history":[{"count":0,"href":"https:\/\/www.europesays.com\/pt\/wp-json\/wp\/v2\/posts\/301578\/revisions"}],"wp:featuredmedia":[{"embeddable":true,"href":"https:\/\/www.europesays.com\/pt\/wp-json\/wp\/v2\/media\/301579"}],"wp:attachment":[{"href":"https:\/\/www.europesays.com\/pt\/wp-json\/wp\/v2\/media?parent=301578"}],"wp:term":[{"taxonomy":"category","embeddable":true,"href":"https:\/\/www.europesays.com\/pt\/wp-json\/wp\/v2\/categories?post=301578"},{"taxonomy":"post_tag","embeddable":true,"href":"https:\/\/www.europesays.com\/pt\/wp-json\/wp\/v2\/tags?post=301578"}],"curies":[{"name":"wp","href":"https:\/\/api.w.org\/{rel}","templated":true}]}}