{"id":301725,"date":"2026-03-12T12:37:10","date_gmt":"2026-03-12T12:37:10","guid":{"rendered":"https:\/\/www.europesays.com\/pt\/301725\/"},"modified":"2026-03-12T12:37:10","modified_gmt":"2026-03-12T12:37:10","slug":"morreu-mario-zambujal-aos-90-anos","status":"publish","type":"post","link":"https:\/\/www.europesays.com\/pt\/301725\/","title":{"rendered":"Morreu M\u00e1rio Zambujal aos 90 anos"},"content":{"rendered":"<p>&#13;<br \/>\nNascido em Moura, Beja, em 1936, viveu na Amareleja at\u00e9 aos cinco anos. A fam\u00edlia seguiu depois para o Algarve (onde chegou a jogar futebol com Cavaco Silva), com M\u00e1rio a fixar-se em Lisboa j\u00e1 adulto.&#13;\n<\/p>\n<p>&#13;<br \/>\nAl\u00e9m de escritor, foi jornalista desportivo na RTP, ficando conhecido como apresentador do &#8220;Grande Encontro&#8221;.\u00a0&#13;\n<\/p>\n<p>Al\u00e9m da televis\u00e3o, colaborou em programas de r\u00e1dio, dos quais se destaca o &#8220;P\u00e3o com Manteiga&#8221;, na R\u00e1dio Comercial com Carlos Cruz, (no qual foi co-autor dos textos posteriormente reunidos em livro).<\/p>\n<p>Foi tamb\u00e9m jornalista de A Bola, onde se iniciou como jornalista profissional em 1960, sub-director do jornal desportivo Record, chefe de redac\u00e7\u00e3o do jornal O S\u00e9culo, onde viveu o 25 de Abril, e do Di\u00e1rio de Not\u00edcias, director do jornal de espet\u00e1culos Se7e e do seman\u00e1rio Tal &amp; Qual, e colunista do di\u00e1rio 24 Horas.\u00a0&#13;\n<\/p>\n<p>F\u00e1tima Campos Ferreira, jornalista e apresentadora do programa &#8216;Primeira Pessoa&#8217; da RTP, recorda a carreira jornal\u00edstica de M\u00e1rio Zambujal, elogiando ainda a sua &#8220;intelig\u00eancia emocional&#8221; e personalidade &#8220;agregadora&#8221;. Ele &#8220;adorava contar hist\u00f3rias&#8221; e viveu &#8220;intensamente&#8221;, lembra.<br \/>\n          <img decoding=\"async\" itemprop=\"image\" class=\"img-fluid\"   src=\"https:\/\/www.europesays.com\/pt\/wp-content\/uploads\/2026\/03\/054ccba68cdea8f69409acc1ad937f72_N.jpg\"\/><\/p>\n<p>&#13;<br \/>\n<b>M\u00e1rio Zambujal foi ainda presidente do Clube de Jornalistas, pelo qual recebeu o Pr\u00e9mio Gazeta, em reconhecimento da Carreira.<\/b> Com queda para a escrita desde cedo,\u00a0publicou aos 15 anos o seu primeiro texto, um conto, no seman\u00e1rio &#8220;Os Rid\u00edculos&#8221;.&#13;<br \/>\n&#13;\n<\/p>\n<p>A sua estreia na literatura deu-se em 1980 com a Cr\u00f3nica dos Bons Malandros, um livro adaptado ao cinema, por Fernando Lopes, e a uma s\u00e9rie de televis\u00e3o realizada por Jorge Paix\u00e3o da Costa. <\/p>\n<p>Seguindo sempre o estilo de com\u00e9dia, publicou depois &#8216;Hist\u00f3rias do Fim da Rua&#8217;, &#8216;\u00c0 Noite Logo se V\u00ea&#8217;, &#8216;Fora de M\u00e3o&#8217; (uma colet\u00e2nea de contos e cr\u00f3nicas), &#8216;Primeiro as Senhoras&#8217;, &#8216;Uma Noite N\u00e3o S\u00e3o Dias&#8217;, &#8216;Dama de Espadas&#8217;, &#8216;Longe \u00c9 um Bom Lugar&#8217;, &#8216;Cafun\u00e9&#8217;, &#8216;O Di\u00e1rio Oculto de Nora Rute&#8217;, &#8216;Serpentina&#8217;, &#8216;Talism\u00e3&#8217;, &#8216;Rom\u00e3o e Juliana&#8217;, &#8216;J\u00e1 N\u00e3o se Escrevem Cartas de Amor&#8217;, &#8216;Ent\u00e3o, Boa Noite&#8217;, &#8216;Rodopio&#8217;, e &#8216;Pirueta&#8217;, publicado durante a pandemia de covid-19.\u00a0&#13;\n<\/p>\n<p>&#13;<br \/>\n<b>A sua obra mais recente, &#8216;O \u00faltimo a sair&#8217;, foi publicada em 2025.<\/b>&#13;\n<\/p>\n<p>&#13;<br \/>\nTudo o que escreveu reflete o esp\u00edrito de humor e ironia cativantes, que levavam sempre \u00e0 gargalhada. &#8220;Tinha sempre um sorriso nos l\u00e1bios&#8221; e &#8220;sabia ler as pessoas&#8221;, recorda a jornalista Ana Daniela.&#13;\n<\/p>\n<p>          <img decoding=\"async\" itemprop=\"image\" class=\"img-fluid\"   src=\"https:\/\/www.europesays.com\/pt\/wp-content\/uploads\/2026\/03\/6ba69d04c4bf6a2acc0b23eb4595fb28_N.jpg\"\/><\/p>\n<p>Da vasta obra ligada \u00e0 escrita, fazem ainda parte gui\u00f5es de v\u00e1rias s\u00e9ries de televis\u00e3o, como &#8220;L\u00e1 em casa tudo bem&#8221; (juntamente com Raul Solnado e Nuno Teixeira), &#8220;Isto \u00e9 o Agildo&#8221;, N\u00f3s os Ricos, e Os Impar\u00e1veis. Assinou ainda textos\u00a0em co-autoria, de teatro de revista como &#8216;N\u00e3o Batam Mais no Z\u00e9zinho&#8217;, &#8216;Isto \u00c9 Maria Vit\u00f3ria&#8217; ou &#8216;Toma L\u00e1 Revista&#8217;.<\/p>\n<p><b>A 30 de Julho de 1984 foi feito Oficial da Ordem do Infante D. Henrique.<\/b><\/p>\n<p>Era irm\u00e3o de Francisco Manuel Marv\u00e3o Gordilho Zambujal, famoso caricaturista de A Bola, e pai de Isabel Zambujal, autora de literatura infanto-juvenil.&#13;<\/p>\n","protected":false},"excerpt":{"rendered":"&#13; Nascido em Moura, Beja, em 1936, viveu na Amareleja at\u00e9 aos cinco anos. A fam\u00edlia seguiu depois&hellip;\n","protected":false},"author":2,"featured_media":301726,"comment_status":"","ping_status":"","sticky":false,"template":"","format":"standard","meta":{"footnotes":"","_share_on_mastodon":"0"},"categories":[85],"tags":[54028,114,115,874,2718,54024,1437,32,33],"class_list":["post-301725","post","type-post","status-publish","format-standard","has-post-thumbnail","category-entretenimento","tag-cronica-dos-bons-malandros","tag-entertainment","tag-entretenimento","tag-escritor","tag-jornalista","tag-mario-zambujal","tag-morte","tag-portugal","tag-pt"],"share_on_mastodon":{"url":"https:\/\/pubeurope.com\/@pt\/116216243947779442","error":""},"_links":{"self":[{"href":"https:\/\/www.europesays.com\/pt\/wp-json\/wp\/v2\/posts\/301725","targetHints":{"allow":["GET"]}}],"collection":[{"href":"https:\/\/www.europesays.com\/pt\/wp-json\/wp\/v2\/posts"}],"about":[{"href":"https:\/\/www.europesays.com\/pt\/wp-json\/wp\/v2\/types\/post"}],"author":[{"embeddable":true,"href":"https:\/\/www.europesays.com\/pt\/wp-json\/wp\/v2\/users\/2"}],"replies":[{"embeddable":true,"href":"https:\/\/www.europesays.com\/pt\/wp-json\/wp\/v2\/comments?post=301725"}],"version-history":[{"count":0,"href":"https:\/\/www.europesays.com\/pt\/wp-json\/wp\/v2\/posts\/301725\/revisions"}],"wp:featuredmedia":[{"embeddable":true,"href":"https:\/\/www.europesays.com\/pt\/wp-json\/wp\/v2\/media\/301726"}],"wp:attachment":[{"href":"https:\/\/www.europesays.com\/pt\/wp-json\/wp\/v2\/media?parent=301725"}],"wp:term":[{"taxonomy":"category","embeddable":true,"href":"https:\/\/www.europesays.com\/pt\/wp-json\/wp\/v2\/categories?post=301725"},{"taxonomy":"post_tag","embeddable":true,"href":"https:\/\/www.europesays.com\/pt\/wp-json\/wp\/v2\/tags?post=301725"}],"curies":[{"name":"wp","href":"https:\/\/api.w.org\/{rel}","templated":true}]}}