{"id":301842,"date":"2026-03-12T14:05:10","date_gmt":"2026-03-12T14:05:10","guid":{"rendered":"https:\/\/www.europesays.com\/pt\/301842\/"},"modified":"2026-03-12T14:05:10","modified_gmt":"2026-03-12T14:05:10","slug":"como-a-samsung-se-tornou-o-standard-global-de-televisao","status":"publish","type":"post","link":"https:\/\/www.europesays.com\/pt\/301842\/","title":{"rendered":"Como a Samsung se tornou o &#8220;Standard&#8221; Global de Televis\u00e3o"},"content":{"rendered":"<p style=\"text-align: justify;\">No mundo da tecnologia, vinte anos s\u00e3o uma eternidade. Se olharmos para tr\u00e1s, h\u00e1 duas d\u00e9cadas est\u00e1vamos a descobrir o que era o YouTube e a maioria de n\u00f3s ainda tinha uma \u201ccaixa\u201d pesada e cinzenta na sala.<\/p>\n<p style=\"text-align: justify;\">No entanto, h\u00e1 uma constante que tem resistido a crises econ\u00f3micas, revolu\u00e7\u00f5es de streaming e mudan\u00e7as de h\u00e1bitos de consumo: a lideran\u00e7a da <strong>Samsung Electronics<\/strong> no mercado global de televisores.<\/p>\n<p><a href=\"https:\/\/news.google.com\/publications\/CAAqLggKIihDQklTR0FnTWFoUUtFbTFoYVhOMFpXTnViMnh2WjJsaExtTnZiU2dBUAE?hl=pt-PT&amp;gl=PT&amp;ceid=PT:pt-150\" rel=\"nofollow noopener\" target=\"_blank\"><img loading=\"lazy\" width=\"400\" height=\"95\" decoding=\"async\" src=\"data:image\/svg+xml,%3Csvg%20xmlns=\" http:=\"\" alt=\"Segue-nos no Google News\" data-lazy-src=\"https:\/\/www.europesays.com\/pt\/wp-content\/uploads\/2026\/03\/ezgif-4d6a6148b3caa0bd-maistecnologia.com.webp.webp\"\/><\/a>&#13;<br \/>\n&#13;<\/p>\n<p style=\"text-align: justify;\">Acabamos de receber os dados mais recentes da consultora <strong>Omdia<\/strong> e os n\u00fameros n\u00e3o mentem. Em 2025, a gigante sul-coreana fechou o ano com uma quota de 29,1% do mercado global em valor. Traduzindo do \u201ceconom\u00eas\u201d para portugu\u00eas corrente: quase um ter\u00e7o do dinheiro gasto em televis\u00f5es em todo o mundo vai para os bolsos da Samsung. E isto acontece consecutivamente desde 2006. N\u00e3o \u00e9 apenas sorte; \u00e9 uma li\u00e7\u00e3o de engenharia e, acima de tudo, de antecipa\u00e7\u00e3o.<\/p>\n<p style=\"text-align: justify;\"><img loading=\"lazy\" decoding=\"async\" class=\"aligncenter size-full wp-image-291146\" src=\"data:image\/svg+xml,%3Csvg%20xmlns=\" http:=\"\" alt=\"\" width=\"2112\" height=\"1406\" data-lazy- data-lazy- data-lazy-src=\"https:\/\/www.europesays.com\/pt\/wp-content\/uploads\/2026\/03\/duas-decadas-no-trono-como-a-samsung-se-tornou-o-standard-global-de-televisao-maistecnologia.com.web.webp\"\/><\/p>\n<p>O \u201cBordeaux\u201d que mudou tudo<\/p>\n<p style=\"text-align: justify;\">Para percebermos como cheg\u00e1mos aqui, temos de recuar a 2006. Foi o ano da <strong>Bordeaux TV<\/strong>. Naquela altura, a Samsung percebeu algo que hoje parece \u00f3bvio, mas que era revolucion\u00e1rio: a televis\u00e3o n\u00e3o era apenas um ecr\u00e3, era um objeto de design. Com linhas inspiradas num copo de vinho, esse modelo tirou a TV do arm\u00e1rio e colocou-a no centro da decora\u00e7\u00e3o. Foi o pontap\u00e9 de sa\u00edda para uma maratona de inova\u00e7\u00e3o que n\u00e3o deu tr\u00e9guas \u00e0 concorr\u00eancia.<\/p>\n<p style=\"text-align: justify;\">Carolina Sim\u00f5es de Almeida, a respons\u00e1vel de marketing da Samsung em Portugal, refere que esta lideran\u00e7a \u00e9 o reflexo de uma confian\u00e7a constru\u00edda ao longo de d\u00e9cadas. E a verdade \u00e9 que, quando entramos numa loja hoje, a percep\u00e7\u00e3o de que a Samsung \u00e9 o \u201cporto seguro\u201d da tecnologia de ecr\u00e3 est\u00e1 enraizada no consumidor portugu\u00eas.<\/p>\n<p>Uma Cronologia de Disrup\u00e7\u00e3o: De LED a Intelig\u00eancia Artificial<\/p>\n<p style=\"text-align: justify;\">A Samsung n\u00e3o se limitou a vender ecr\u00e3s; ela definiu o que os ecr\u00e3s deviam fazer. Se olharmos para os marcos hist\u00f3ricos, \u00e9 f\u00e1cil perceber por que \u00e9 que as outras marcas passaram vinte anos a correr atr\u00e1s do preju\u00edzo:<\/p>\n<ul style=\"text-align: justify;\">\n<li><strong>2009:<\/strong> Introdu\u00e7\u00e3o massiva dos televisores LED. De repente, as TVs ficaram finas e eficientes.<\/li>\n<li><strong>2011:<\/strong> O nascimento das Smart TVs. O ecr\u00e3 deixou de ser passivo para passar a ser um computador ligado \u00e0 rede.<\/li>\n<li><strong>2017:<\/strong> Lan\u00e7amento da <strong>The Frame<\/strong>. Aqui a Samsung criou uma categoria: a Art TV. Quando est\u00e1 desligada, \u00e9 um quadro; quando est\u00e1 ligada, \u00e9 um cinema. Genial.<\/li>\n<li><strong>2020:<\/strong> A chegada do <strong>MICRO LED<\/strong>. Uma tecnologia auto-emissiva que ainda hoje \u00e9 o \u201cSanto Graal\u201d do brilho e contraste em tamanhos gigantescos.<\/li>\n<\/ul>\n<p style=\"text-align: justify;\">Mas, como blogger que testa estes equipamentos, o que mais me fascina n\u00e3o \u00e9 o passado, mas o que est\u00e1 a acontecer agora em 2026. A Samsung est\u00e1 a apostar tudo no que chamam de <strong>AI Screen<\/strong>. J\u00e1 n\u00e3o se trata apenas de pix\u00e9is; trata-se de processadores que analisam a imagem e o som em tempo real, corrigindo as falhas do conte\u00fado original para que tudo pare\u00e7a filmado em 8K, mesmo que estejamos a ver um v\u00eddeo antigo.<\/p>\n<p>O Futuro chama-se Micro RGB e IA Generativa<\/p>\n<p style=\"text-align: justify;\">A estrat\u00e9gia para os pr\u00f3ximos anos parece estar bem delineada. A Samsung anunciou recentemente a primeira TV <strong>Micro RGB<\/strong> do mundo, elevando a fasquia da precis\u00e3o de cor a n\u00edveis que antes s\u00f3 v\u00edamos em monitores de est\u00fadio de Hollywood. Ao mesmo tempo, est\u00e3o a democratizar a tecnologia Mini LED, levando o contraste \u201cquase OLED\u201d a gamas de pre\u00e7o mais acess\u00edveis atrav\u00e9s da linha Neo QLED.<\/p>\n<p style=\"text-align: justify;\">O que \u00e9 interessante notar \u00e9 que, apesar de serem l\u00edderes, n\u00e3o pararam de investir no OLED. A gama atual da marca combina o melhor dos dois mundos: a profundidade de pretos do OLED com a luminosidade brutal dos pontos qu\u00e2nticos (Quantum Dots). Para quem joga ou v\u00ea desporto em salas iluminadas (como \u00e9 o caso de muitas casas portuguesas), este equil\u00edbrio \u00e9 crucial.<\/p>\n<p>Vale a pena o \u201chype\u201d?<\/p>\n<p style=\"text-align: justify;\">Muitas vezes perguntam-me: \u201cA Samsung \u00e9 realmente melhor ou \u00e9 apenas marketing?\u201d. A resposta curta \u00e9 que a consist\u00eancia ganha jogos. Podes encontrar um modelo isolado de outra marca que tenha um pre\u00e7o mais agressivo ou um detalhe t\u00e9cnico superior, mas o ecossistema da Samsung \u2014 desde o sistema operativo Tizen \u00e0 integra\u00e7\u00e3o com os telem\u00f3veis Galaxy \u2014 cria uma experi\u00eancia de utilizador muito dif\u00edcil de bater.<\/p>\n<p style=\"text-align: justify;\">Vinte anos no topo n\u00e3o acontecem por acaso. A Samsung soube transformar um eletrodom\u00e9stico utilit\u00e1rio numa pe\u00e7a de design, num hub de jogos e, agora, num assistente inteligente com IA. Para n\u00f3s, consumidores, esta concorr\u00eancia feroz que a Samsung lidera s\u00f3 traz benef\u00edcios: ecr\u00e3s maiores, melhores resolu\u00e7\u00f5es e pre\u00e7os que, ajustados \u00e0 infla\u00e7\u00e3o, nunca foram t\u00e3o convidativos para a qualidade que recebemos.<\/p>\n<p style=\"text-align: justify;\"><strong>E tu? Qual foi a tua primeira televis\u00e3o \u201cplana\u201d? Ainda te lembras ou j\u00e1 fazes parte da gera\u00e7\u00e3o que s\u00f3 conhece o 4K e a Smart TV?<\/strong><\/p>\n","protected":false},"excerpt":{"rendered":"No mundo da tecnologia, vinte anos s\u00e3o uma eternidade. Se olharmos para tr\u00e1s, h\u00e1 duas d\u00e9cadas est\u00e1vamos a&hellip;\n","protected":false},"author":2,"featured_media":301843,"comment_status":"","ping_status":"","sticky":false,"template":"","format":"standard","meta":{"footnotes":"","_share_on_mastodon":"0"},"categories":[84],"tags":[109,107,108,54041,54042,54043,54044,54045,54046,32,33,54047,54048,105,103,104,16798,106,110,54049],"class_list":["post-301842","post","type-post","status-publish","format-standard","has-post-thumbnail","category-ciencia-e-tecnologia","tag-ciencia","tag-ciencia-e-tecnologia","tag-cienciaetecnologia","tag-historia-da-tecnologia","tag-inovacao-tecnologica","tag-mercado-de-televisores","tag-micro-led","tag-neo-qled","tag-omdia-2026","tag-portugal","tag-pt","tag-samsung-portugal","tag-samsung-tv","tag-science","tag-science-and-technology","tag-scienceandtechnology","tag-smart-tv","tag-technology","tag-tecnologia","tag-tvs-com-ia"],"share_on_mastodon":{"url":"https:\/\/pubeurope.com\/@pt\/116216589781631376","error":""},"_links":{"self":[{"href":"https:\/\/www.europesays.com\/pt\/wp-json\/wp\/v2\/posts\/301842","targetHints":{"allow":["GET"]}}],"collection":[{"href":"https:\/\/www.europesays.com\/pt\/wp-json\/wp\/v2\/posts"}],"about":[{"href":"https:\/\/www.europesays.com\/pt\/wp-json\/wp\/v2\/types\/post"}],"author":[{"embeddable":true,"href":"https:\/\/www.europesays.com\/pt\/wp-json\/wp\/v2\/users\/2"}],"replies":[{"embeddable":true,"href":"https:\/\/www.europesays.com\/pt\/wp-json\/wp\/v2\/comments?post=301842"}],"version-history":[{"count":0,"href":"https:\/\/www.europesays.com\/pt\/wp-json\/wp\/v2\/posts\/301842\/revisions"}],"wp:featuredmedia":[{"embeddable":true,"href":"https:\/\/www.europesays.com\/pt\/wp-json\/wp\/v2\/media\/301843"}],"wp:attachment":[{"href":"https:\/\/www.europesays.com\/pt\/wp-json\/wp\/v2\/media?parent=301842"}],"wp:term":[{"taxonomy":"category","embeddable":true,"href":"https:\/\/www.europesays.com\/pt\/wp-json\/wp\/v2\/categories?post=301842"},{"taxonomy":"post_tag","embeddable":true,"href":"https:\/\/www.europesays.com\/pt\/wp-json\/wp\/v2\/tags?post=301842"}],"curies":[{"name":"wp","href":"https:\/\/api.w.org\/{rel}","templated":true}]}}