{"id":302448,"date":"2026-03-13T00:02:12","date_gmt":"2026-03-13T00:02:12","guid":{"rendered":"https:\/\/www.europesays.com\/pt\/302448\/"},"modified":"2026-03-13T00:02:12","modified_gmt":"2026-03-13T00:02:12","slug":"potencia-e-sofisticacao-marcam-lancamento-da-nova-ram-dakota-veja-os-cliques-de-longhini-radio-rural","status":"publish","type":"post","link":"https:\/\/www.europesays.com\/pt\/302448\/","title":{"rendered":"Pot\u00eancia e sofistica\u00e7\u00e3o marcam lan\u00e7amento da nova Ram Dakota. Veja os cliques de Longhini! &#8211; R\u00e1dio Rural"},"content":{"rendered":"<ol>\n<li><a href=\"https:\/\/news.google.com\/rss\/articles\/CBMi3gFBVV95cUxQT0FuTE5zMnA4RFBTM0trelNiUWdBZzB5dFlrSm12REJVUGJ1Q3g1eDB1Z0NwbENzZ3NUN3RKb0dSY0g2S1Awb0hWSElabGUybDJ5cV9qek5KSENZZXFaU1VaYmVfeUVqYnJfZUtDQmhnNnZrTmllckMxd0FWaVBEbUJvSHJXb01GbFVWNl9CenNBZml6bFA1STNCOXk0ckRGdXl2SzQyUWxUOEdzc1c5b1hWaUt1TzJaYTlONXhXaEh4YzFWX1l2Rk5YcngwUUUwY2xRUEJjbi1FOE1jelE?oc=5\" target=\"_blank\" rel=\"nofollow noopener\">Pot\u00eancia e sofistica\u00e7\u00e3o marcam lan\u00e7amento da nova Ram Dakota. Veja os cliques de Longhini!<\/a>&nbsp;&nbsp;R\u00e1dio Rural<\/li>\n<li><a href=\"https:\/\/news.google.com\/rss\/articles\/CBMiugFBVV95cUxQa2w3TFgzSkxEM0RzLWpBM21MSTRSN2xqZ0VvTnNBNjh4OFA4M0lsb2g5UWhGTlpuQlp1aV9OQnlyTmNsRURrLWlkcE9oakliT2l4WGhKNVlxTkR1VTkzdnM0cFJxa21mMC0ya1RYeGt5SXA5R1kxRXhvQXZ0MmdaNWszRkZXMXBWeXZBVFpZLXRSRHQ3R21zWVNnR2VWbXh0NWJQbkxrTUFDaWMxNmN3SUZLaWpYaEY3MUE?oc=5\" target=\"_blank\" rel=\"nofollow noopener\">Ram Dakota come\u00e7a a ser entregue no Brasil: veja pre\u00e7os e vers\u00f5es<\/a>&nbsp;&nbsp;R7<\/li>\n<li><a href=\"https:\/\/news.google.com\/rss\/articles\/CBMikwFBVV95cUxNR3ZTZWU5blgxVzBvNXdHQnc4YldOY2ttdTJERFJEVzhyUEREY2VXMmdsQ1VGcGNNSkhWeEFGcjRMOGpjb0RSMXZIb0E1TzRlVmhNejRDZ1l3c09PVTFQaVkyeEJxOTE5MklTU3VwWGoyVGJ3bUc3czdVeElQMmZ6ZTlKd1pJVnFLM1pZNnJrRWk3WFU?oc=5\" target=\"_blank\" rel=\"nofollow noopener\">Ram exibe nova Dakota na Expodireto 2026<\/a>&nbsp;&nbsp;Stellantis Media<\/li>\n<li><a href=\"https:\/\/news.google.com\/rss\/articles\/CBMi5wFBVV95cUxON0owXzV2Q1llazlLSEJSS0RfNUdzVkhmNXhWZ0ljODlwQ0R6MXlUSnNwT0dtVDlRdHVpcWFyUnhDOHVRTTVYNXNzTzA2R3lONVZkMFVQQ1JaeElrUTB0dFBHbWVmQ21PQllGZXN1dkN4cmtKYUhfOW9CMHdvRWRVMWdnMkJkUWIxWmx0WnpYNHphb296Q2FtSmxHblY0RUZacjJ4dm9jZFFxaF8yMWhrd0JpX1Q3ZXhrX0IzZ1BOVlA3emlSSDZxN3JuUnRqZmFwTGJoTGE0TUVWV3h4dXJNVUE5Q3dyejQ?oc=5\" target=\"_blank\" rel=\"nofollow noopener\">Ram Dakota chega \u00e0s concession\u00e1rias e inicia entregas no Brasil<\/a>&nbsp;&nbsp;Terra<\/li>\n<li><a href=\"https:\/\/news.google.com\/rss\/articles\/CBMirAFBVV95cUxOejQyeW1ZU0pWT0MxYW9GVE93SVp2V3hLajNYTWg3eFUzczI2SjkyYU1DTzlmeS1RSFZXa0tLOVduWjJaanZmc1RpNk9OdWtNT0stNW1jRkNnd0dvaDF2X2g3UzE3TUtjSG12S0dCUHFtQ2IxeGhxTU9hNXJDVjVrQ2VGVXNFdFJ4dWNYVHZVbkY1VHRsMXE3MmlJczJCSzhsZ2plWGxrZGtpNHRI?oc=5\" target=\"_blank\" rel=\"nofollow noopener\">Ram Dakota chega \u00e0s lojas com aumento de at\u00e9 R$ 13 mil<\/a>&nbsp;&nbsp;Vrum<\/li>\n<\/ol>\n","protected":false},"excerpt":{"rendered":"Pot\u00eancia e sofistica\u00e7\u00e3o marcam lan\u00e7amento da nova Ram Dakota. Veja os cliques de Longhini!&nbsp;&nbsp;R\u00e1dio Rural Ram Dakota come\u00e7a&hellip;\n","protected":false},"author":2,"featured_media":302449,"comment_status":"","ping_status":"","sticky":false,"template":"","format":"standard","meta":{"footnotes":"","_share_on_mastodon":"0"},"categories":[141],"tags":[562,726,2733,2731,476,539,2258,114,115,1062,986,2732,149,150,1086,52,32,33,3551,117],"class_list":["post-302448","post","type-post","status-publish","format-standard","has-post-thumbnail","category-musica","tag-agricultura","tag-brasil","tag-carnaval","tag-dicas-do-dia","tag-economia","tag-educacao","tag-eleicoes","tag-entertainment","tag-entretenimento","tag-esportes","tag-estado","tag-geral","tag-music","tag-musica","tag-policia","tag-politica","tag-portugal","tag-pt","tag-regiao","tag-saude"],"share_on_mastodon":{"url":"https:\/\/pubeurope.com\/@pt\/116218937022251855","error":""},"_links":{"self":[{"href":"https:\/\/www.europesays.com\/pt\/wp-json\/wp\/v2\/posts\/302448","targetHints":{"allow":["GET"]}}],"collection":[{"href":"https:\/\/www.europesays.com\/pt\/wp-json\/wp\/v2\/posts"}],"about":[{"href":"https:\/\/www.europesays.com\/pt\/wp-json\/wp\/v2\/types\/post"}],"author":[{"embeddable":true,"href":"https:\/\/www.europesays.com\/pt\/wp-json\/wp\/v2\/users\/2"}],"replies":[{"embeddable":true,"href":"https:\/\/www.europesays.com\/pt\/wp-json\/wp\/v2\/comments?post=302448"}],"version-history":[{"count":0,"href":"https:\/\/www.europesays.com\/pt\/wp-json\/wp\/v2\/posts\/302448\/revisions"}],"wp:featuredmedia":[{"embeddable":true,"href":"https:\/\/www.europesays.com\/pt\/wp-json\/wp\/v2\/media\/302449"}],"wp:attachment":[{"href":"https:\/\/www.europesays.com\/pt\/wp-json\/wp\/v2\/media?parent=302448"}],"wp:term":[{"taxonomy":"category","embeddable":true,"href":"https:\/\/www.europesays.com\/pt\/wp-json\/wp\/v2\/categories?post=302448"},{"taxonomy":"post_tag","embeddable":true,"href":"https:\/\/www.europesays.com\/pt\/wp-json\/wp\/v2\/tags?post=302448"}],"curies":[{"name":"wp","href":"https:\/\/api.w.org\/{rel}","templated":true}]}}