{"id":30298,"date":"2025-08-15T09:57:17","date_gmt":"2025-08-15T09:57:17","guid":{"rendered":"https:\/\/www.europesays.com\/pt\/30298\/"},"modified":"2025-08-15T09:57:17","modified_gmt":"2025-08-15T09:57:17","slug":"50-anos-do-catatau-romance-de-paulo-leminski-e-tema-do-jornal-candido","status":"publish","type":"post","link":"https:\/\/www.europesays.com\/pt\/30298\/","title":{"rendered":"50 anos do &#8216;Catatau&#8217;, romance de Paulo Leminski, \u00e9 tema do Jornal C\u00e2ndido"},"content":{"rendered":"<p>Edi\u00e7\u00e3o comemorativa de agosto traz conte\u00fado especial sobre o poeta e o seu livro de estreia<\/p>\n<p><img loading=\"lazy\" decoding=\"async\" src=\"https:\/\/www.europesays.com\/pt\/wp-content\/uploads\/2025\/08\/lOObINmi4GTV595YgIvMnS4Y5hQZ2CSqEB2KslugE5TJUWjOiqZj9HqdNKcLjflz1BnttmJaWUWaNlyi.jpg\" width=\"370\" height=\"190\" alt=\"Jornal C\u00e2ndido e Catatau\" title=\"Jornal C\u00e2ndido e Catatau\" \/><\/p>\n<p>Jornal C\u00e2ndido e Catatau<\/p>\n<p>O<strong> <a href=\"https:\/\/www.publishnews.com.br\/etiquetas\/jornal-candido\" target=\"_blank\" rel=\"nofollow noopener\">Jornal C\u00e2ndido<\/a> <\/strong>n\u00ba 163, de agosto, destaca o romance Catatau, de <strong><a href=\"https:\/\/www.publishnews.com.br\/etiquetas\/paulo-leminski\" target=\"_blank\" rel=\"nofollow noopener\">Paulo Leminski<\/a><\/strong>, obra que completa 50 anos em 2025. A edi\u00e7\u00e3o conta com v\u00e1rios conte\u00fados especiais sobre a pauta, no m\u00eas de anivers\u00e1rio do escritor, que completaria 81 anos no dia 24 de agosto.<\/p>\n<p>A reportagem especial, \u201cCatatau 50 anos ou a psicodelia cartesiana de Paulo Leminski\u201d, assinada por Isa Hon\u00f3rio, desvenda o \u201cromance-ideia\u201d Catatau, primeiro livro do poeta, lan\u00e7ado em 1975. A rep\u00f3rter conversou com jornalistas, pesquisadores, leitores e cineastas que revelam outras facetas da obra.<\/p>\n<p>Na sequ\u00eancia, uma entrevista exclusiva com o escritor, poeta e tradutor peruano\/argentino Reynaldo Jim\u00e9nez, que traduziu Catatau para o espanhol e conta para a editora do C\u00e2ndido, Marianna Camargo, como foi realizar este trabalho, que durou cerca de dez anos. Seguindo os colaboradores(as) e conte\u00fados especiais, Estrela Leminski faz uma curadoria dos livros preferidos de seu pai, em \u201cPrateleira leminskiana\u201d, comentando o porqu\u00ea de suas escolhas.<\/p>\n<p>O jornalista e escritor Alberto Villas escreve como foi trabalhar com Leminski na reda\u00e7\u00e3o da TV Bandeirantes na d\u00e9cada de 1980 e relata a conviv\u00eancia com o autor. J\u00e1 o multiartista Fausto Fawcett traz sua vis\u00e3o sobre a obra, em &#8220;O Catatau de tudo\u201d, um dos seus livros de cabeceira.<\/p>\n<p>A edi\u00e7\u00e3o ainda traz um poema in\u00e9dito de Rodrigo Garcia Lopes, que escreveu tamb\u00e9m ensaios sobre Leminski. A pensata de Fernanda Maldonado resgata as mem\u00f3rias de sua inf\u00e2ncia na casa em que seus av\u00f3s alugaram para a fam\u00edlia Leminski, no bairro Pilarzinho. A s\u00e9rie \u201cOutras Palavras\u201d deste m\u00eas vem com o tema \u201cMulheres negras e escreviv\u00eancias&#8221;, com relatos de Hiully Oliveira e Rosane Arminda.<\/p>\n<p>O C\u00e2ndido tamb\u00e9m publica o ensaio do fot\u00f3grafo Julio Covello, que retratou o escritor curitibano em diversos ambientes. Para fechar, a capa \u00e9 inspirada na primeira edi\u00e7\u00e3o do Catatau, lan\u00e7ada pela Grafipar, em 1975, com projeto gr\u00e1fico de Miran.<\/p>\n<p>Acesse a <a href=\"http:\/\/www.bpp.pr.gov.br\/Candido\/Pagina\/Candido-163-agosto-2025\" target=\"_blank\" style=\"background-color: transparent;\" rel=\"nofollow noopener\">edi\u00e7\u00e3o completa aqui<\/a>.<\/p>\n","protected":false},"excerpt":{"rendered":"Edi\u00e7\u00e3o comemorativa de agosto traz conte\u00fado especial sobre o poeta e o seu livro de estreia Jornal C\u00e2ndido&hellip;\n","protected":false},"author":2,"featured_media":30299,"comment_status":"","ping_status":"","sticky":false,"template":"","format":"standard","meta":{"footnotes":""},"categories":[143],"tags":[868,877,867,169,869,872,873,880,114,115,874,870,875,878,879,864,876,237,871,170,865,866,13,32,33],"class_list":{"0":"post-30298","1":"post","2":"type-post","3":"status-publish","4":"format-standard","5":"has-post-thumbnail","7":"category-livros","8":"tag-best-seller","9":"tag-biblioteca","10":"tag-bienal-do-livro","11":"tag-books","12":"tag-clipping","13":"tag-e-book","14":"tag-ebook","15":"tag-editora","16":"tag-entertainment","17":"tag-entretenimento","18":"tag-escritor","19":"tag-eventos","20":"tag-festival-literario","21":"tag-lancamentos","22":"tag-leitura","23":"tag-literatura","24":"tag-livraria","25":"tag-livro","26":"tag-livro-digital","27":"tag-livros","28":"tag-mercado-editorial","29":"tag-mercado-livreiro","30":"tag-noticias","31":"tag-portugal","32":"tag-pt"},"share_on_mastodon":{"url":"","error":""},"_links":{"self":[{"href":"https:\/\/www.europesays.com\/pt\/wp-json\/wp\/v2\/posts\/30298","targetHints":{"allow":["GET"]}}],"collection":[{"href":"https:\/\/www.europesays.com\/pt\/wp-json\/wp\/v2\/posts"}],"about":[{"href":"https:\/\/www.europesays.com\/pt\/wp-json\/wp\/v2\/types\/post"}],"author":[{"embeddable":true,"href":"https:\/\/www.europesays.com\/pt\/wp-json\/wp\/v2\/users\/2"}],"replies":[{"embeddable":true,"href":"https:\/\/www.europesays.com\/pt\/wp-json\/wp\/v2\/comments?post=30298"}],"version-history":[{"count":0,"href":"https:\/\/www.europesays.com\/pt\/wp-json\/wp\/v2\/posts\/30298\/revisions"}],"wp:featuredmedia":[{"embeddable":true,"href":"https:\/\/www.europesays.com\/pt\/wp-json\/wp\/v2\/media\/30299"}],"wp:attachment":[{"href":"https:\/\/www.europesays.com\/pt\/wp-json\/wp\/v2\/media?parent=30298"}],"wp:term":[{"taxonomy":"category","embeddable":true,"href":"https:\/\/www.europesays.com\/pt\/wp-json\/wp\/v2\/categories?post=30298"},{"taxonomy":"post_tag","embeddable":true,"href":"https:\/\/www.europesays.com\/pt\/wp-json\/wp\/v2\/tags?post=30298"}],"curies":[{"name":"wp","href":"https:\/\/api.w.org\/{rel}","templated":true}]}}