{"id":30312,"date":"2025-08-15T10:12:23","date_gmt":"2025-08-15T10:12:23","guid":{"rendered":"https:\/\/www.europesays.com\/pt\/30312\/"},"modified":"2025-08-15T10:12:23","modified_gmt":"2025-08-15T10:12:23","slug":"e-hoje-o-lancamento-da-11a-bienal-internacional-do-livro-de-alagoas","status":"publish","type":"post","link":"https:\/\/www.europesays.com\/pt\/30312\/","title":{"rendered":"\u00c9 hoje o lan\u00e7amento da 11\u00aa Bienal Internacional do Livro de Alagoas"},"content":{"rendered":"\n<p align=\"justify\">Um caf\u00e9 da manh\u00e3, \u00e0s 8h30m desta sexta-feira, 15, no Hotel Jati\u00faca, marca o lan\u00e7amento da 11\u00aa Bienal Internacional do Livro de Alagoas e tamb\u00e9m a abertura de inscri\u00e7\u00f5es, at\u00e9 30 de setembro, para autores independentes divulgarem suas obras no espa\u00e7o\u00a0Pra\u00e7a de Aut\u00f3grafos Dandara. <\/p>\n<p align=\"justify\">A Bienal \u00e9 uma realiza\u00e7\u00e3o da Universidade Federal de Alagoas e do Governo de Alagoas, com patroc\u00ednio do Sebrae e apoio da Funda\u00e7\u00e3o Universit\u00e1ria de Desenvolvimento de Extens\u00e3o e Pesquisa (Fundepes), dstacando-se por ser o \u00fanico evento desse segmento realizado por uma universidade p\u00fablica no Brasil.<\/p>\n<p align=\"justify\">A Pra\u00e7a de Aut\u00f3grafos Dandara\u00a0ficar\u00e1 em um espa\u00e7o diferenciado do evento, para facilitar o acesso dos visitantes interessados em conhecer as obras.<\/p>\n<p align=\"justify\">Este ano a Bienal, o maior evento liter\u00e1rio do Estado, acontece entre os dias 31 de outubro e 9 de novembro, no Centro de Conven\u00e7\u00f5es de Macei\u00f3.<\/p>\n","protected":false},"excerpt":{"rendered":"Um caf\u00e9 da manh\u00e3, \u00e0s 8h30m desta sexta-feira, 15, no Hotel Jati\u00faca, marca o lan\u00e7amento da 11\u00aa Bienal&hellip;\n","protected":false},"author":2,"featured_media":23455,"comment_status":"","ping_status":"","sticky":false,"template":"","format":"standard","meta":{"footnotes":""},"categories":[143],"tags":[169,114,115,170,32,33],"class_list":{"0":"post-30312","1":"post","2":"type-post","3":"status-publish","4":"format-standard","5":"has-post-thumbnail","7":"category-livros","8":"tag-books","9":"tag-entertainment","10":"tag-entretenimento","11":"tag-livros","12":"tag-portugal","13":"tag-pt"},"share_on_mastodon":{"url":"","error":""},"_links":{"self":[{"href":"https:\/\/www.europesays.com\/pt\/wp-json\/wp\/v2\/posts\/30312","targetHints":{"allow":["GET"]}}],"collection":[{"href":"https:\/\/www.europesays.com\/pt\/wp-json\/wp\/v2\/posts"}],"about":[{"href":"https:\/\/www.europesays.com\/pt\/wp-json\/wp\/v2\/types\/post"}],"author":[{"embeddable":true,"href":"https:\/\/www.europesays.com\/pt\/wp-json\/wp\/v2\/users\/2"}],"replies":[{"embeddable":true,"href":"https:\/\/www.europesays.com\/pt\/wp-json\/wp\/v2\/comments?post=30312"}],"version-history":[{"count":0,"href":"https:\/\/www.europesays.com\/pt\/wp-json\/wp\/v2\/posts\/30312\/revisions"}],"wp:featuredmedia":[{"embeddable":true,"href":"https:\/\/www.europesays.com\/pt\/wp-json\/wp\/v2\/media\/23455"}],"wp:attachment":[{"href":"https:\/\/www.europesays.com\/pt\/wp-json\/wp\/v2\/media?parent=30312"}],"wp:term":[{"taxonomy":"category","embeddable":true,"href":"https:\/\/www.europesays.com\/pt\/wp-json\/wp\/v2\/categories?post=30312"},{"taxonomy":"post_tag","embeddable":true,"href":"https:\/\/www.europesays.com\/pt\/wp-json\/wp\/v2\/tags?post=30312"}],"curies":[{"name":"wp","href":"https:\/\/api.w.org\/{rel}","templated":true}]}}