{"id":30321,"date":"2025-08-15T10:19:08","date_gmt":"2025-08-15T10:19:08","guid":{"rendered":"https:\/\/www.europesays.com\/pt\/30321\/"},"modified":"2025-08-15T10:19:08","modified_gmt":"2025-08-15T10:19:08","slug":"dor-nas-costas-e-cansaco-que-so-pioram-criam-suspeita-de-mieloma-multiplo","status":"publish","type":"post","link":"https:\/\/www.europesays.com\/pt\/30321\/","title":{"rendered":"Dor nas costas e cansa\u00e7o que s\u00f3 pioram criam suspeita de mieloma m\u00faltiplo"},"content":{"rendered":"<p class=\"bullet mt-0\" data-v-232111b4=\"\">\u00c9 uma anemia normoc\u00edtica, chamada desse jeito porque os gl\u00f3bulos vermelhos, apesar de menos numerosos, mant\u00eam seu tamanho normal, em vez de encolherem \u2014 o que aconteceria na car\u00eancia de ferro \u2014 ou de se mostrarem maiores devido a um d\u00e9ficit vitam\u00ednico. Se for mieloma m\u00faltiplo, a popula\u00e7\u00e3o desses gl\u00f3bulos s\u00f3 estar\u00e1 menor por falta de espa\u00e7o para se desenvolverem dentro da medula \u00f3ssea.<\/p>\n<p class=\"bullet\" data-v-232111b4=\"\">&#8220;Outra altera\u00e7\u00e3o \u00e9 a da creatinina&#8221;, explica a doutora Erica. A subst\u00e2ncia indica como andam os rins \u2014 e eles podem estar pra l\u00e1 de sobrecarregados, se o mieloma m\u00faltiplo, ao ser flagrado, j\u00e1 avan\u00e7ou. &#8220;Nessa doen\u00e7a, as c\u00e9lulas malignas est\u00e3o produzindo uma montanha de anticorpos e, como os rins filtram o sangue, eles acabam se depositando ali&#8221;, justifica a hematologista.<\/p>\n<p class=\"bullet\" data-v-232111b4=\"\">N\u00e3o \u00e9 s\u00f3 isso: as c\u00e9lulas doentes ocupam um espa\u00e7o cada vez maior dentro dos ossos, destruindo-os para liberar mais lugar. Com isso, um bocado de c\u00e1lcio \u00e9 liberado na circula\u00e7\u00e3o, algo que o exame de sangue \u00e9 capaz de denunciar. O risco \u00e9 o mineral entupir os rins \u2014 amea\u00e7a que \u00e9 dedurada, mais uma vez, pela dosagem da creatinina.<\/p>\n<p class=\"bullet\" data-v-232111b4=\"\">&#8220;Embora menos frequente, tamb\u00e9m pode ocorrer a forma\u00e7\u00e3o de espuma na urina, indicando que o organismo est\u00e1 perdendo prote\u00edna&#8221;, acrescenta a doutora.<\/p>\n<p class=\"bullet\" data-v-232111b4=\"\">Um terceiro exame \u00e9 a eletroforese de prote\u00ednas no sangue. Apesar do nome pomposo, ele \u00e9 barato e oferecido na rede p\u00fablica. &#8220;A gente coloca o soro sangu\u00edneo em uma placa com um gel. Conforme a carga el\u00e9trica, ent\u00e3o, as prote\u00ednas presentes ali ir\u00e3o se deslocar&#8221;, descreve a m\u00e9dica que, um dia, quis pesquisar vacinas. Ap\u00f3s experimentar essa \u00e1rea, viu que gostava mesmo era de lidar com pacientes e optou por cuidar dos c\u00e2nceres hematol\u00f3gicos, cujo tratamento depende dos conhecimentos que ela j\u00e1 tinha acumulado sobre o sistema imune.<\/p>\n<p class=\"bullet\" data-v-232111b4=\"\">Normalmente, na eletroforese, os anticorpos n\u00e3o ficam no mesmo lugar e desenham uma esp\u00e9cie de morro achatado na placa observada pelo microsc\u00f3pio. No mieloma m\u00faltiplo, por\u00e9m, esses anticorpos se juntam e formam um pico bem n\u00edtido.<\/p>\n","protected":false},"excerpt":{"rendered":"\u00c9 uma anemia normoc\u00edtica, chamada desse jeito porque os gl\u00f3bulos vermelhos, apesar de menos numerosos, mant\u00eam seu tamanho&hellip;\n","protected":false},"author":2,"featured_media":30322,"comment_status":"","ping_status":"","sticky":false,"template":"","format":"standard","meta":{"footnotes":""},"categories":[84],"tags":[109,107,108,32,33,105,103,104,106,110],"class_list":{"0":"post-30321","1":"post","2":"type-post","3":"status-publish","4":"format-standard","5":"has-post-thumbnail","7":"category-ciencia-e-tecnologia","8":"tag-ciencia","9":"tag-ciencia-e-tecnologia","10":"tag-cienciaetecnologia","11":"tag-portugal","12":"tag-pt","13":"tag-science","14":"tag-science-and-technology","15":"tag-scienceandtechnology","16":"tag-technology","17":"tag-tecnologia"},"share_on_mastodon":{"url":"","error":""},"_links":{"self":[{"href":"https:\/\/www.europesays.com\/pt\/wp-json\/wp\/v2\/posts\/30321","targetHints":{"allow":["GET"]}}],"collection":[{"href":"https:\/\/www.europesays.com\/pt\/wp-json\/wp\/v2\/posts"}],"about":[{"href":"https:\/\/www.europesays.com\/pt\/wp-json\/wp\/v2\/types\/post"}],"author":[{"embeddable":true,"href":"https:\/\/www.europesays.com\/pt\/wp-json\/wp\/v2\/users\/2"}],"replies":[{"embeddable":true,"href":"https:\/\/www.europesays.com\/pt\/wp-json\/wp\/v2\/comments?post=30321"}],"version-history":[{"count":0,"href":"https:\/\/www.europesays.com\/pt\/wp-json\/wp\/v2\/posts\/30321\/revisions"}],"wp:featuredmedia":[{"embeddable":true,"href":"https:\/\/www.europesays.com\/pt\/wp-json\/wp\/v2\/media\/30322"}],"wp:attachment":[{"href":"https:\/\/www.europesays.com\/pt\/wp-json\/wp\/v2\/media?parent=30321"}],"wp:term":[{"taxonomy":"category","embeddable":true,"href":"https:\/\/www.europesays.com\/pt\/wp-json\/wp\/v2\/categories?post=30321"},{"taxonomy":"post_tag","embeddable":true,"href":"https:\/\/www.europesays.com\/pt\/wp-json\/wp\/v2\/tags?post=30321"}],"curies":[{"name":"wp","href":"https:\/\/api.w.org\/{rel}","templated":true}]}}