{"id":303342,"date":"2026-03-13T15:58:14","date_gmt":"2026-03-13T15:58:14","guid":{"rendered":"https:\/\/www.europesays.com\/pt\/303342\/"},"modified":"2026-03-13T15:58:14","modified_gmt":"2026-03-13T15:58:14","slug":"una-sus-e-fiocruz-ms-ofertam-o-curso-mpox-uma-abordagem-geral-para-profissionais-de-saude","status":"publish","type":"post","link":"https:\/\/www.europesays.com\/pt\/303342\/","title":{"rendered":"UNA-SUS e Fiocruz MS ofertam o curso \u201cMpox: Uma abordagem geral para profissionais de sa\u00fade\u201d"},"content":{"rendered":"<p style=\"color: #000099;\"><img loading=\"lazy\" decoding=\"async\" src=\"https:\/\/www.europesays.com\/pt\/wp-content\/uploads\/2026\/03\/UNA-SUS-e-Fiocruz-MS-ofertam-o-curso-Mpox-uma-abordagem-geral-para-profissionais-de-saude.jpg\" alt=\"UNA-SUS e Fiocruz MS ofertam o curso Mpox: Uma abordagem geral para profissionais de sa\u00fade\" width=\"810\" height=\"302\"\/><br \/>(Imagem: Mpox\/Getty Images)<\/p>\n<p style=\"text-align: justify;\">O curso\u00a0<a href=\"https:\/\/www.fiotec.fiocruz.br\/..\/..\/cursos\/curso\/47080\" target=\"_blank\" style=\"color: #0066ff;\" rel=\"nofollow noopener\">Mpox: Uma abordagem geral para profissionais de sa\u00fade<\/a>,\u00a0fruto de parceria entre a\u00a0UNA-SUS e\u00a0a\u00a0Fiocruz Mato Grosso do Sul (MS), est\u00e1 com matr\u00edculas abertas\u00a0para uma nova oferta\u00a0at\u00e9\u00a026 de mar\u00e7o de 2026.\u00a0\u00a0<\/p>\n<p>A forma\u00e7\u00e3o tem como objetivo oferecer uma vis\u00e3o geral para atualiza\u00e7\u00e3o e qualifica\u00e7\u00e3o de profissionais de sa\u00fade e gestores de servi\u00e7os, abordando medidas de preven\u00e7\u00e3o, diagn\u00f3stico, transmiss\u00e3o, notifica\u00e7\u00e3o, cuidado e tratamento a serem adotadas pelos servi\u00e7os de assist\u00eancia e de vigil\u00e2ncia em sa\u00fade no enfrentamento da Mpox. A proposta \u00e9 contribuir para a identifica\u00e7\u00e3o precoce dos casos, a partir da suspeita cl\u00ednica, do diagn\u00f3stico laboratorial, do manejo oportuno e da vigil\u00e2ncia realizada no \u00e2mbito do Sistema \u00danico de Sa\u00fade (SUS), nas tr\u00eas esferas federativas.\u00a0<\/p>\n<p>Dividido em cinco unidades de aprendizagem, o curso aborda o hist\u00f3rico da doen\u00e7a no mundo e no Brasil, o agente etiol\u00f3gico, as manifesta\u00e7\u00f5es cl\u00ednicas e os modos de transmiss\u00e3o, al\u00e9m da abordagem terap\u00eautica, das medidas de preven\u00e7\u00e3o e controle e dos tratamentos, incluindo o uso compassivo (op\u00e7\u00e3o de tratamento que permite a utiliza\u00e7\u00e3o de um medicamento n\u00e3o autorizado).\u00a0<br \/>\u00a0<br \/>Tamb\u00e9m s\u00e3o tratados temas como a import\u00e2ncia do diagn\u00f3stico espec\u00edfico para a assist\u00eancia e a vigil\u00e2ncia em sa\u00fade, a coleta de amostras, os m\u00e9todos de diagn\u00f3stico laboratorial, a notifica\u00e7\u00e3o dos casos, o rastreamento e o monitoramento de contatos, o bloqueio da cadeia de transmiss\u00e3o e a vacina\u00e7\u00e3o, com destaque para as evid\u00eancias e prioridades observadas no mundo.\u00a0<\/p>\n<p>A forma\u00e7\u00e3o traz, ainda, orienta\u00e7\u00f5es sobre medidas de preven\u00e7\u00e3o e cuidado para a popula\u00e7\u00e3o geral, direcionamentos para pessoas com suspeita da doen\u00e7a quanto \u00e0 procura pelos servi\u00e7os de sa\u00fade, cuidados voltados \u00e0 sa\u00fade do trabalhador da sa\u00fade, orienta\u00e7\u00f5es espec\u00edficas para profissionais do sexo, al\u00e9m de recomenda\u00e7\u00f5es para eventos de massa e para o uso de transportes p\u00fablicos.\u00a0\u00a0<\/p>\n<p>O curso \u00e9 online, gratuito e autoinstrucional, com carga hor\u00e1ria de 45 horas. Ele \u00e9 voltado a profissionais de sa\u00fade e gestores de servi\u00e7os de sa\u00fade, mas est\u00e1 aberto a todas as pessoas interessadas na tem\u00e1tica.\u00a0<br \/>\u00a0<br \/><strong>Saiba mais\u00a0<br \/><\/strong>A\u00a0Mpox\u00a0\u00e9 uma zoonose viral causada pelo\u00a0Monkeypox\u00a0virus\u00a0(MPXV), da fam\u00edlia\u00a0Poxviridae, capaz de infectar diferentes esp\u00e9cies de mam\u00edferos. Trata-se de uma doen\u00e7a transmiss\u00edvel e autolimitada, caracterizada principalmente pelo surgimento de p\u00fastulas na pele das pessoas infectadas.\u00a0<\/p>\n<p>A associa\u00e7\u00e3o frequente entre a\u00a0Mpox\u00a0e a var\u00edola humana ocorre porque os agentes etiol\u00f3gicos das duas doen\u00e7as, o\u00a0Monkeypox\u00a0virus\u00a0e o\u00a0Variola\u00a0virus\u00a0(VARV, do ingl\u00eas\u00a0smallpox), pertencem \u00e0 mesma fam\u00edlia viral, a\u00a0Poxviridae. Por esse motivo, ambas apresentam manifesta\u00e7\u00f5es cl\u00ednicas semelhantes, embora a\u00a0Mpox\u00a0seja considerada menos grave.\u00a0<\/p>\n<p>Nas regi\u00f5es end\u00eamicas, a taxa de letalidade varia entre 3,6% e 10,6%. De modo geral, tanto a gravidade das manifesta\u00e7\u00f5es cl\u00ednicas quanto a taxa de letalidade s\u00e3o mais elevadas em pessoas imunossuprimidas, como aquelas que vivem com o v\u00edrus da imunodefici\u00eancia humana (HIV).\u00a0<br \/>\u00a0<br \/><strong>Mpox: Uma abordagem geral para profissionais de sa\u00fade\u00a0\u00a0<\/strong><br \/>Per\u00edodo de matr\u00edcula: at\u00e9 26 de mar\u00e7o de 2026\u00a0<br \/><a href=\"https:\/\/www.unasus.gov.br\/cursos\/curso\/47080\" target=\"_blank\" rel=\"noopener nofollow\" style=\"color: #0066ff;\">Acesse\u00a0aqui<\/a>.<\/p>\n<p style=\"color: #000099; text-align: justify;\">Fonte:\u00a0SE\/UNA-SUS<\/p>\n","protected":false},"excerpt":{"rendered":"(Imagem: Mpox\/Getty Images) O curso\u00a0Mpox: Uma abordagem geral para profissionais de sa\u00fade,\u00a0fruto de parceria entre a\u00a0UNA-SUS e\u00a0a\u00a0Fiocruz Mato&hellip;\n","protected":false},"author":2,"featured_media":303343,"comment_status":"","ping_status":"","sticky":false,"template":"","format":"standard","meta":{"footnotes":"","_share_on_mastodon":"0"},"categories":[86],"tags":[109,6577,2807,6574,6575,6576,116,2172,6578,6115,32,33,117,110],"class_list":["post-303342","post","type-post","status-publish","format-standard","has-post-thumbnail","category-saude","tag-ciencia","tag-financiadores","tag-fiocruz","tag-fiotec","tag-fundacao-de-apoio","tag-fundacao-de-apoio-a-fiocruz","tag-health","tag-inovacao","tag-organizacao-social","tag-pesquisadores","tag-portugal","tag-pt","tag-saude","tag-tecnologia"],"share_on_mastodon":{"url":"https:\/\/pubeurope.com\/@pt\/116222696330729741","error":""},"_links":{"self":[{"href":"https:\/\/www.europesays.com\/pt\/wp-json\/wp\/v2\/posts\/303342","targetHints":{"allow":["GET"]}}],"collection":[{"href":"https:\/\/www.europesays.com\/pt\/wp-json\/wp\/v2\/posts"}],"about":[{"href":"https:\/\/www.europesays.com\/pt\/wp-json\/wp\/v2\/types\/post"}],"author":[{"embeddable":true,"href":"https:\/\/www.europesays.com\/pt\/wp-json\/wp\/v2\/users\/2"}],"replies":[{"embeddable":true,"href":"https:\/\/www.europesays.com\/pt\/wp-json\/wp\/v2\/comments?post=303342"}],"version-history":[{"count":0,"href":"https:\/\/www.europesays.com\/pt\/wp-json\/wp\/v2\/posts\/303342\/revisions"}],"wp:featuredmedia":[{"embeddable":true,"href":"https:\/\/www.europesays.com\/pt\/wp-json\/wp\/v2\/media\/303343"}],"wp:attachment":[{"href":"https:\/\/www.europesays.com\/pt\/wp-json\/wp\/v2\/media?parent=303342"}],"wp:term":[{"taxonomy":"category","embeddable":true,"href":"https:\/\/www.europesays.com\/pt\/wp-json\/wp\/v2\/categories?post=303342"},{"taxonomy":"post_tag","embeddable":true,"href":"https:\/\/www.europesays.com\/pt\/wp-json\/wp\/v2\/tags?post=303342"}],"curies":[{"name":"wp","href":"https:\/\/api.w.org\/{rel}","templated":true}]}}