{"id":303518,"date":"2026-03-13T19:39:13","date_gmt":"2026-03-13T19:39:13","guid":{"rendered":"https:\/\/www.europesays.com\/pt\/303518\/"},"modified":"2026-03-13T19:39:13","modified_gmt":"2026-03-13T19:39:13","slug":"noticia-morcego-com-diagnostico-positivo-para-raiva-e-identificado-em-botucatu","status":"publish","type":"post","link":"https:\/\/www.europesays.com\/pt\/303518\/","title":{"rendered":"Not\u00edcia &#8211; Morcego com diagn\u00f3stico positivo para raiva \u00e9 identificado em Botucatu"},"content":{"rendered":"<p>A Vigil\u00e2ncia Ambiental em Sa\u00fade (VAS) recebeu o resultado positivo para raiva de um morcego encontrado em um im\u00f3vel na Vila S\u00e3o L\u00facio. Trata-se de um morcego da esp\u00e9cie Myotis nigricans, inset\u00edvoro e muito comum na \u00e1rea urbana do munic\u00edpio.<\/p>\n<p>\u00a0<\/p>\n<p>Os morcegos est\u00e3o presentes nas \u00e1reas urbanas e desempenham importante papel ecol\u00f3gico, contribuindo para o controle da popula\u00e7\u00e3o de insetos, al\u00e9m da poliniza\u00e7\u00e3o e dispers\u00e3o de sementes. No entanto, tamb\u00e9m podem atuar como reservat\u00f3rios do v\u00edrus da raiva.<\/p>\n<p>\u00a0<\/p>\n<p>Por isso, ao encontrar um morcego ca\u00eddo, debilitado ou pousado em local n\u00e3o habitual, <strong>\u00e9 fundamental n\u00e3o manipular o animal<\/strong>, mant\u00ea-lo isolado, impedir o contato com c\u00e3es e gatos e acionar imediatamente a Vigil\u00e2ncia Ambiental em Sa\u00fade pelo n\u00famero (14) 3811-1609 para que o resgate seja feito de forma segura.<\/p>\n<p>\u00a0<\/p>\n<p><strong>Vacina\u00e7\u00e3o antirr\u00e1bica<\/strong><\/p>\n<p>No momento, seguindo recomenda\u00e7\u00e3o da Secretaria de Sa\u00fade do Estado de S\u00e3o Paulo, o n\u00famero de doses de vacina antirr\u00e1bica dispon\u00edvel nos munic\u00edpios est\u00e1 sendo reservado prioritariamente para animais que tiveram exposi\u00e7\u00e3o de risco ao v\u00edrus r\u00e1bico. Assim que for regularizada a distribui\u00e7\u00e3o da vacina antirr\u00e1bica aos munic\u00edpios, as vacina\u00e7\u00f5es de rotina de c\u00e3es e gatos ser\u00e3o retomadas.<\/p>\n<p>\u00a0<\/p>\n<p>No Brasil, j\u00e1 foram registradas cerca de 180 esp\u00e9cies de morcegos. Na regi\u00e3o de Botucatu, pesquisadores j\u00e1 catalogaram 41 esp\u00e9cies, com os mais variados h\u00e1bitos alimentares, demonstrando a grande riqueza da nossa biodiversidade. Para efeito de compara\u00e7\u00e3o, nos Estados Unidos foram registradas aproximadamente 45 esp\u00e9cies de morcegos.<\/p>\n<p>\u00a0<\/p>\n<p>O servi\u00e7o da Vigil\u00e2ncia Ambiental em Sa\u00fade atende de segunda a sexta-feira, das 7h30 \u00e0s 17 horas. Ap\u00f3s o hor\u00e1rio comercial, finais de semana e feriados, o plant\u00e3o para resgate de morcegos pode ser acionado por meio do telefone 153, da Guarda Civil Municipal.<\/p>\n","protected":false},"excerpt":{"rendered":"A Vigil\u00e2ncia Ambiental em Sa\u00fade (VAS) recebeu o resultado positivo para raiva de um morcego encontrado em um&hellip;\n","protected":false},"author":2,"featured_media":303519,"comment_status":"","ping_status":"","sticky":false,"template":"","format":"standard","meta":{"footnotes":"","_share_on_mastodon":"0"},"categories":[86],"tags":[34837,1300,116,5231,1133,32,3046,33,117],"class_list":["post-303518","post","type-post","status-publish","format-standard","has-post-thumbnail","category-saude","tag-botucatu","tag-cidade","tag-health","tag-municipal","tag-noticia","tag-portugal","tag-prefeitura","tag-pt","tag-saude"],"share_on_mastodon":{"url":"https:\/\/pubeurope.com\/@pt\/116223565108287101","error":""},"_links":{"self":[{"href":"https:\/\/www.europesays.com\/pt\/wp-json\/wp\/v2\/posts\/303518","targetHints":{"allow":["GET"]}}],"collection":[{"href":"https:\/\/www.europesays.com\/pt\/wp-json\/wp\/v2\/posts"}],"about":[{"href":"https:\/\/www.europesays.com\/pt\/wp-json\/wp\/v2\/types\/post"}],"author":[{"embeddable":true,"href":"https:\/\/www.europesays.com\/pt\/wp-json\/wp\/v2\/users\/2"}],"replies":[{"embeddable":true,"href":"https:\/\/www.europesays.com\/pt\/wp-json\/wp\/v2\/comments?post=303518"}],"version-history":[{"count":0,"href":"https:\/\/www.europesays.com\/pt\/wp-json\/wp\/v2\/posts\/303518\/revisions"}],"wp:featuredmedia":[{"embeddable":true,"href":"https:\/\/www.europesays.com\/pt\/wp-json\/wp\/v2\/media\/303519"}],"wp:attachment":[{"href":"https:\/\/www.europesays.com\/pt\/wp-json\/wp\/v2\/media?parent=303518"}],"wp:term":[{"taxonomy":"category","embeddable":true,"href":"https:\/\/www.europesays.com\/pt\/wp-json\/wp\/v2\/categories?post=303518"},{"taxonomy":"post_tag","embeddable":true,"href":"https:\/\/www.europesays.com\/pt\/wp-json\/wp\/v2\/tags?post=303518"}],"curies":[{"name":"wp","href":"https:\/\/api.w.org\/{rel}","templated":true}]}}