{"id":303908,"date":"2026-03-14T01:46:11","date_gmt":"2026-03-14T01:46:11","guid":{"rendered":"https:\/\/www.europesays.com\/pt\/303908\/"},"modified":"2026-03-14T01:46:11","modified_gmt":"2026-03-14T01:46:11","slug":"pesquisadores-ligam-remedios-para-emagrecer-a-doenca-do-pirata","status":"publish","type":"post","link":"https:\/\/www.europesays.com\/pt\/303908\/","title":{"rendered":"Pesquisadores ligam rem\u00e9dios para emagrecer \u00e0 &#8216;doen\u00e7a do pirata&#8217;"},"content":{"rendered":"<p><img decoding=\"async\" fetchpriority=\"high\" src=\"https:\/\/www.europesays.com\/pt\/wp-content\/uploads\/2026\/03\/17mtm941d1zlmtns63dv5yf6x.jpg\" width=\"906\" height=\"509\" alt=\"Escorbuto, chamada de \u201cdoen\u00e7a dos piratas\u201d, \u00e9 causada pela falta de vitamina C no organismo\" title=\"Escorbuto, chamada de \u201cdoen\u00e7a dos piratas\u201d, \u00e9 causada pela falta de vitamina C no organismo\"\/>iStock<\/p>\n<p>Escorbuto, chamada de \u201cdoen\u00e7a dos piratas\u201d, \u00e9 causada pela falta de vitamina C no organismo<\/p>\n<p class=\"\">Uma <strong>pesquisa<\/strong> realizada na\u00a0 <a href=\"https:\/\/ultimosegundo.ig.com.br\/mundo\/2026-03-10\/operacao-crocodilo-reptil-de-1-metro-e-capturado-em-varanda.html\" data-mce-href=\"https:\/\/ultimosegundo.ig.com.br\/mundo\/2026-03-10\/operacao-crocodilo-reptil-de-1-metro-e-capturado-em-varanda.html\" data-mce- rel=\"nofollow noopener\" target=\"_blank\">Austr\u00e1lia<\/a> mostra que <strong>medicamentos usados para perda de peso<\/strong> podem <strong>aumentar<\/strong> o risco de <strong>escorbuto<\/strong>, <strong>doen\u00e7a causada pela falta de vitamina C<\/strong> e historicamente conhecida como <strong>\u201cdoen\u00e7a dos piratas\u201d<\/strong>, por ter sido comum entre <strong>marinheiros<\/strong> que passavam <strong>longos per\u00edodos<\/strong> no <strong>mar<\/strong> sem acesso a frutas e alimentos frescos. O estudo analisou pesquisas sobre pacientes que utilizaram essas terapias.<\/p>\n<p class=\"\">Os medicamentos analisados pertencem a uma classe usada no tratamento de diabetes e obesidade. Eles atuam no organismo reduzindo o apetite e aumentando a sensa\u00e7\u00e3o de saciedade, o que pode levar muitas pessoas a comer menos ao longo do dia.\u00a0Entre os exemplos mais conhecidos est\u00e3o inje\u00e7\u00f5es utilizadas para controle de peso, como Ozempic e Wegovy.<\/p>\n<p>A an\u00e1lise reuniu 41 pesquisas realizadas ao longo de 17 anos, envolvendo mais de 50 mil participantes. Segundo os autores, apenas dois desses estudos registraram de forma detalhada o que os pacientes estavam comendo durante o tratamento, enquanto a maioria avaliou principalmente a perda de peso.<\/p>\n<p>Em comunicado sobre o estudo, a professora de nutri\u00e7\u00e3o Clare Collins, da Universidade de Newcastle, afirmou que a redu\u00e7\u00e3o do peso corporal n\u00e3o significa necessariamente que a pessoa esteja bem nutrida. \u201cA nutri\u00e7\u00e3o desempenha um papel fundamental na sa\u00fade, e neste momento ela est\u00e1 amplamente ausente das evid\u00eancias\u201d, declarou Collins.<\/p>\n<p>De acordo com Collins, rem\u00e9dios desse tipo reduzem o apetite e a quantidade total de alimentos consumidos. Embora esse mecanismo contribua para a perda de peso, ele tamb\u00e9m pode aumentar o risco de\u00a0consumo insuficiente de prote\u00ednas, fibras, vitaminas e minerais quando a alimenta\u00e7\u00e3o n\u00e3o \u00e9 monitorada.<\/p>\n<p>A pesquisadora tamb\u00e9m afirmou que a defici\u00eancia de nutrientes n\u00e3o se limita \u00e0 vitamina C. Segundo ela, a falta de ferro pode provocar anemia, enquanto a defici\u00eancia de vitamina B1 est\u00e1 associada a doen\u00e7as que afetam o sistema nervoso e o cora\u00e7\u00e3o.<\/p>\n<p class=\"\">O endocrinologista Philip Rabito, especialista em perda de peso em Nova York, afirmou que a redu\u00e7\u00e3o da ingest\u00e3o de calorias pode provocar falta de nutrientes. Segundo ele, dietas muito restritivas ou baseadas em alimentos pobres em nutrientes podem levar, em casos raros, ao desenvolvimento de escorbuto.<\/p>\n<p class=\"\">Para os especialistas, pacientes que fazem uso desse tipo de medicamento devem ter acompanhamento m\u00e9dico e nutricional durante o processo, com monitoramento dos n\u00edveis de vitaminas e minerais no organismo.<\/p>\n<p class=\"\">*Estagi\u00e1ria sob supervis\u00e3o<\/p>\n","protected":false},"excerpt":{"rendered":"iStock Escorbuto, chamada de \u201cdoen\u00e7a dos piratas\u201d, \u00e9 causada pela falta de vitamina C no organismo Uma pesquisa&hellip;\n","protected":false},"author":2,"featured_media":303909,"comment_status":"","ping_status":"","sticky":false,"template":"","format":"standard","meta":{"footnotes":"","_share_on_mastodon":"0"},"categories":[86],"tags":[54315,54313,116,54314,1025,32,33,117,3228,3008],"class_list":["post-303908","post","type-post","status-publish","format-standard","has-post-thumbnail","category-saude","tag-doenca-dos-piratas","tag-escorbuto","tag-health","tag-medicamentos-para-perda-de-peso","tag-ozempic","tag-portugal","tag-pt","tag-saude","tag-vitamina-c","tag-wegovy"],"share_on_mastodon":{"url":"https:\/\/pubeurope.com\/@pt\/116225008213342657","error":""},"_links":{"self":[{"href":"https:\/\/www.europesays.com\/pt\/wp-json\/wp\/v2\/posts\/303908","targetHints":{"allow":["GET"]}}],"collection":[{"href":"https:\/\/www.europesays.com\/pt\/wp-json\/wp\/v2\/posts"}],"about":[{"href":"https:\/\/www.europesays.com\/pt\/wp-json\/wp\/v2\/types\/post"}],"author":[{"embeddable":true,"href":"https:\/\/www.europesays.com\/pt\/wp-json\/wp\/v2\/users\/2"}],"replies":[{"embeddable":true,"href":"https:\/\/www.europesays.com\/pt\/wp-json\/wp\/v2\/comments?post=303908"}],"version-history":[{"count":0,"href":"https:\/\/www.europesays.com\/pt\/wp-json\/wp\/v2\/posts\/303908\/revisions"}],"wp:featuredmedia":[{"embeddable":true,"href":"https:\/\/www.europesays.com\/pt\/wp-json\/wp\/v2\/media\/303909"}],"wp:attachment":[{"href":"https:\/\/www.europesays.com\/pt\/wp-json\/wp\/v2\/media?parent=303908"}],"wp:term":[{"taxonomy":"category","embeddable":true,"href":"https:\/\/www.europesays.com\/pt\/wp-json\/wp\/v2\/categories?post=303908"},{"taxonomy":"post_tag","embeddable":true,"href":"https:\/\/www.europesays.com\/pt\/wp-json\/wp\/v2\/tags?post=303908"}],"curies":[{"name":"wp","href":"https:\/\/api.w.org\/{rel}","templated":true}]}}