{"id":304967,"date":"2026-03-14T22:07:04","date_gmt":"2026-03-14T22:07:04","guid":{"rendered":"https:\/\/www.europesays.com\/pt\/304967\/"},"modified":"2026-03-14T22:07:04","modified_gmt":"2026-03-14T22:07:04","slug":"harry-potter-emma-watson-e-robert-pattinson-se-reunem-veja","status":"publish","type":"post","link":"https:\/\/www.europesays.com\/pt\/304967\/","title":{"rendered":"Harry Potter: Emma Watson e Robert Pattinson se re\u00fanem; veja"},"content":{"rendered":"<p class=\"wp-block-yoast-seo-estimated-reading-time yoast-reading-time__wrapper\">Estimated reading time: 2 minutos<\/p>\n<p><strong>Emma Watson<\/strong> e <strong>Robert Pattinson<\/strong> protagonizaram um reencontro nost\u00e1lgico na festa pr\u00e9-<strong>Oscar 2026<\/strong>, organizada pela <strong>W Magazine<\/strong> em parceria com a marca <strong>Dior<\/strong>. Os atores trabalharam juntos na franquia m\u00e1gica, dividindo as telas em <a href=\"https:\/\/ovicio.com.br\/tag\/harry-potter\/\" rel=\"nofollow noopener\" target=\"_blank\">Harry Potter e o C\u00e1lice de Fogo<\/a>.<\/p>\n<p>Na obra, <strong>Watson<\/strong> interpreta <strong>Hermione Granger<\/strong>, enquanto <strong>Pattinson<\/strong> d\u00e1 vida a <strong>Cedrico Diggory<\/strong>, o campe\u00e3o de <strong>Hogwarts<\/strong> no perigoso <strong>Torneio Tribruxo<\/strong>.<\/p>\n<p>Ap\u00f3s a passagem pelo <strong>Mundo Bruxo<\/strong>, os artistas seguiram carreiras muito distintas em Hollywood.<\/p>\n<p>A atriz estrelou grandes produ\u00e7\u00f5es como <strong>A Bela e a Fera<\/strong> e <strong>Ador\u00e1veis Mulheres<\/strong>, tornando-se tamb\u00e9m uma voz ativa em causas sociais, embora tenha desaparecido um pouco dos holofotes nos \u00faltimos anos.<\/p>\n<p>J\u00e1 o ator alcan\u00e7ou fama global com a <strong>Saga Crep\u00fasculo<\/strong> e, posteriormente, destacou-se em projetos elogiados pela cr\u00edtica, como <strong>Bom Comportamento<\/strong>, <strong>O Farol<\/strong> e <strong>Batman<\/strong>, entre v\u00e1rios outros, sendo considerado um dos atores mais vers\u00e1teis da sua gera\u00e7\u00e3o.<\/p>\n<p>Uma curiosidade de bastidores que conecta a dupla envolve a popular s\u00e9rie liter\u00e1ria <strong>Cinquenta Tons de Cinza<\/strong>.<\/p>\n<p><strong>Watson<\/strong> e <strong>Pattinson<\/strong> foram as principais inspira\u00e7\u00f5es da autora para a cria\u00e7\u00e3o dos protagonistas da trama.<\/p>\n<p>Os dois chegaram a receber propostas oficiais para estrelar a adapta\u00e7\u00e3o cinematogr\u00e1fica da obra, mas ambos recusaram os pap\u00e9is.<\/p>\n<p><strong>Harry Potter e o C\u00e1lice de Fogo<\/strong>, assim como todos os outros filmes da franquia, est\u00e1 dispon\u00edvel no cat\u00e1logo da <a href=\"https:\/\/ovicio.com.br\/tag\/hbo-max\/\" rel=\"nofollow noopener\" target=\"_blank\">HBO Max<\/a>.<\/p>\n<p>Leia tamb\u00e9m sobre Harry Potter:<\/p>\n","protected":false},"excerpt":{"rendered":"Estimated reading time: 2 minutos Emma Watson e Robert Pattinson protagonizaram um reencontro nost\u00e1lgico na festa pr\u00e9-Oscar 2026,&hellip;\n","protected":false},"author":2,"featured_media":304968,"comment_status":"","ping_status":"","sticky":false,"template":"","format":"standard","meta":{"footnotes":"","_share_on_mastodon":"0"},"categories":[140],"tags":[21871,114,115,147,148,700,146,32,33,14908],"class_list":["post-304967","post","type-post","status-publish","format-standard","has-post-thumbnail","category-filmes","tag-emma-watson","tag-entertainment","tag-entretenimento","tag-film","tag-filmes","tag-harry-potter","tag-movies","tag-portugal","tag-pt","tag-robert-pattinson"],"share_on_mastodon":{"url":"https:\/\/pubeurope.com\/@pt\/116229809567418114","error":""},"_links":{"self":[{"href":"https:\/\/www.europesays.com\/pt\/wp-json\/wp\/v2\/posts\/304967","targetHints":{"allow":["GET"]}}],"collection":[{"href":"https:\/\/www.europesays.com\/pt\/wp-json\/wp\/v2\/posts"}],"about":[{"href":"https:\/\/www.europesays.com\/pt\/wp-json\/wp\/v2\/types\/post"}],"author":[{"embeddable":true,"href":"https:\/\/www.europesays.com\/pt\/wp-json\/wp\/v2\/users\/2"}],"replies":[{"embeddable":true,"href":"https:\/\/www.europesays.com\/pt\/wp-json\/wp\/v2\/comments?post=304967"}],"version-history":[{"count":0,"href":"https:\/\/www.europesays.com\/pt\/wp-json\/wp\/v2\/posts\/304967\/revisions"}],"wp:featuredmedia":[{"embeddable":true,"href":"https:\/\/www.europesays.com\/pt\/wp-json\/wp\/v2\/media\/304968"}],"wp:attachment":[{"href":"https:\/\/www.europesays.com\/pt\/wp-json\/wp\/v2\/media?parent=304967"}],"wp:term":[{"taxonomy":"category","embeddable":true,"href":"https:\/\/www.europesays.com\/pt\/wp-json\/wp\/v2\/categories?post=304967"},{"taxonomy":"post_tag","embeddable":true,"href":"https:\/\/www.europesays.com\/pt\/wp-json\/wp\/v2\/tags?post=304967"}],"curies":[{"name":"wp","href":"https:\/\/api.w.org\/{rel}","templated":true}]}}