{"id":30515,"date":"2025-08-15T13:39:21","date_gmt":"2025-08-15T13:39:21","guid":{"rendered":"https:\/\/www.europesays.com\/pt\/30515\/"},"modified":"2025-08-15T13:39:21","modified_gmt":"2025-08-15T13:39:21","slug":"vacinacao-da-poliomielite-em-sc-nao-atinge-a-meta-ha-8-anos","status":"publish","type":"post","link":"https:\/\/www.europesays.com\/pt\/30515\/","title":{"rendered":"Vacina\u00e7\u00e3o da poliomielite em SC n\u00e3o atinge a meta h\u00e1 8 anos"},"content":{"rendered":"<p>Tamb\u00e9m chamada de paralisia infantil, a doen\u00e7a infecciosa grave \u00e9 causada por um v\u00edrus que pode provocar paralisias permanentes e at\u00e9 a morte<\/p>\n<p>  <img class=\"content-first-image wp-image-2626492 size-full\" loading=\"eager\" decoding=\"sync\" fetchpriority=\"high\" src=\"https:\/\/www.europesays.com\/pt\/wp-content\/uploads\/2025\/08\/vacinacao-de-poliomielite-em-sc-nao-atinge-a-meta-ha-8-anos-paralisia-infantil-1.jpg\" alt=\"Vacina\u00e7\u00e3o de poliomielite\" width=\"1200\" height=\"700\"  \/>Vacina\u00e7\u00e3o contra a poliomielite est\u00e1 abaixo do esperado \u2013 Foto: Marcelo Camargo\/Ag\u00eancia Brasil\/Reprodu\u00e7\u00e3o\/ND<\/p>\n<p>Santa Catarina n\u00e3o atinge a meta de vacina\u00e7\u00e3o contra a poliomielite, conhecida como paralisia infantil, desde 2017 \u2014 h\u00e1 oito anos. Uma especialista alertou para a \u201camea\u00e7a real\u201d que a <a href=\"https:\/\/ndmais.com.br\/saude\/poliomielite-quais-os-sintomas-e-sequelas-irreversiveis-da-doenca-que-causa-paralisia-infantil\/\" rel=\"nofollow noopener\" target=\"_blank\">doen\u00e7a infecciosa<\/a> representa e comentou sobre a falsa sensa\u00e7\u00e3o de seguran\u00e7a criada diante de \u00edndices preocupantes de vacina\u00e7\u00e3o.<\/p>\n<p>A poliomielite, tamb\u00e9m chamada de paralisia infantil, \u00e9 uma doen\u00e7a infecciosa grave, causada por um v\u00edrus que pode provocar paralisias permanentes e at\u00e9 a morte. A <a href=\"https:\/\/ndmais.com.br\/saude\/poliomielite-quais-os-sintomas-e-sequelas-irreversiveis-da-doenca-que-causa-paralisia-infantil\/\" rel=\"nofollow noopener\" target=\"_blank\">transmiss\u00e3o<\/a> pode ocorrer tanto em crian\u00e7as quanto em adultos pela via fecal-oral \u2014 ou seja, por meio do contato direto com as fezes ou com secre\u00e7\u00f5es expelidas pela boca de pessoas infectadas.<\/p>\n<p>Dados da Dive (Diretoria de Vigil\u00e2ncia Epidemiol\u00f3gica) apontam que a cobertura vacinal caiu gradativamente desde 2017, \u00faltima vez em que a meta de 95% foi alcan\u00e7ada. Em 2022, o Estado registrou o \u00edndice mais cr\u00edtico: 86,33%. Em 2024, Santa Catarina atingiu 92,37% de cobertura, mas, at\u00e9 maio de 2025, apenas 87,99% das crian\u00e7as haviam sido vacinadas.<\/p>\n<p>Segundo a gerente de Doen\u00e7as Infecciosas Agudas e Imuniza\u00e7\u00e3o da Dive, Arieli Schiessl Fialho, a queda na vacina\u00e7\u00e3o contra a poliomielite acende um alerta para o retorno da doen\u00e7a, erradicada no Brasil desde 1994. A especialista refor\u00e7ou que a vacina\u00e7\u00e3o \u00e9 a \u00fanica forma eficiente de prevenir a paralisia infantil.<\/p>\n<p>\u201cPor n\u00e3o haver casos de paralisia infantil no Estado h\u00e1 mais de 30 anos, criou-se uma falsa sensa\u00e7\u00e3o de seguran\u00e7a. As pessoas passaram a acreditar que a doen\u00e7a n\u00e3o pode voltar. \u00c9 preciso retomar as coberturas para que nem a p\u00f3lio nem outras doen\u00e7as imunopreven\u00edveis voltem a ser uma amea\u00e7a em nosso pa\u00eds\u201d, afirmou.<\/p>\n<p>Como funciona o esquema de vacina\u00e7\u00e3o contra a poliomielite<img class=\"size-full wp-image-2626491\" loading=\"lazy\" decoding=\"async\" src=\"https:\/\/www.europesays.com\/pt\/wp-content\/uploads\/2025\/08\/vacinacao-de-poliomielite-em-sc-nao-atinge-a-meta-ha-8-anos-paralisia-infantil.jpg\" alt=\"Vacina\u00e7\u00e3o contra a poliomielite \u00e9 apenas a injet\u00e1vel- Foto: Myke Sena\/MS\/Divulga\u00e7\u00e3o\/ND\" width=\"1200\" height=\"700\"  \/>Vacina\u00e7\u00e3o contra a poliomielite \u00e9 apenas a injet\u00e1vel- Foto: Myke Sena\/MS\/Divulga\u00e7\u00e3o\/ND<\/p>\n<p>Recentemente, o Minist\u00e9rio da Sa\u00fade alterou o calend\u00e1rio de vacina\u00e7\u00e3o da doen\u00e7a, deixando de utilizar a vacina oral e adotando apenas a injet\u00e1vel. A imuniza\u00e7\u00e3o contra a poliomielite \u00e9 indicada para todas as crian\u00e7as menores de cinco anos, no esquema de tr\u00eas doses e uma dose de refor\u00e7o:<\/p>\n<ul>\n<li>1\u00aa dose: 2 meses com a vacina injet\u00e1vel (VIP)<\/li>\n<li>2\u00aa dose: 4 meses com a vacina injet\u00e1vel (VIP)<\/li>\n<li>3\u00aa dose: 6 meses com a vacina injet\u00e1vel (VIP)<\/li>\n<li>Refor\u00e7o: 1 ano e 3 meses com a vacina injet\u00e1vel (VIP)<\/li>\n<\/ul>\n","protected":false},"excerpt":{"rendered":"Tamb\u00e9m chamada de paralisia infantil, a doen\u00e7a infecciosa grave \u00e9 causada por um v\u00edrus que pode provocar paralisias&hellip;\n","protected":false},"author":2,"featured_media":30516,"comment_status":"","ping_status":"","sticky":false,"template":"","format":"standard","meta":{"footnotes":""},"categories":[86],"tags":[116,1968,2250,32,33,4066,3801,117],"class_list":{"0":"post-30515","1":"post","2":"type-post","3":"status-publish","4":"format-standard","5":"has-post-thumbnail","7":"category-saude","8":"tag-health","9":"tag-notcia","10":"tag-notcia-santa-catarina","11":"tag-portugal","12":"tag-pt","13":"tag-sade","14":"tag-santa-catarina","15":"tag-saude"},"share_on_mastodon":{"url":"","error":""},"_links":{"self":[{"href":"https:\/\/www.europesays.com\/pt\/wp-json\/wp\/v2\/posts\/30515","targetHints":{"allow":["GET"]}}],"collection":[{"href":"https:\/\/www.europesays.com\/pt\/wp-json\/wp\/v2\/posts"}],"about":[{"href":"https:\/\/www.europesays.com\/pt\/wp-json\/wp\/v2\/types\/post"}],"author":[{"embeddable":true,"href":"https:\/\/www.europesays.com\/pt\/wp-json\/wp\/v2\/users\/2"}],"replies":[{"embeddable":true,"href":"https:\/\/www.europesays.com\/pt\/wp-json\/wp\/v2\/comments?post=30515"}],"version-history":[{"count":0,"href":"https:\/\/www.europesays.com\/pt\/wp-json\/wp\/v2\/posts\/30515\/revisions"}],"wp:featuredmedia":[{"embeddable":true,"href":"https:\/\/www.europesays.com\/pt\/wp-json\/wp\/v2\/media\/30516"}],"wp:attachment":[{"href":"https:\/\/www.europesays.com\/pt\/wp-json\/wp\/v2\/media?parent=30515"}],"wp:term":[{"taxonomy":"category","embeddable":true,"href":"https:\/\/www.europesays.com\/pt\/wp-json\/wp\/v2\/categories?post=30515"},{"taxonomy":"post_tag","embeddable":true,"href":"https:\/\/www.europesays.com\/pt\/wp-json\/wp\/v2\/tags?post=30515"}],"curies":[{"name":"wp","href":"https:\/\/api.w.org\/{rel}","templated":true}]}}