{"id":30517,"date":"2025-08-15T13:40:41","date_gmt":"2025-08-15T13:40:41","guid":{"rendered":"https:\/\/www.europesays.com\/pt\/30517\/"},"modified":"2025-08-15T13:40:41","modified_gmt":"2025-08-15T13:40:41","slug":"pode-mesmo-ser-o-vestido-de-verao-mais-bonito-da-mango-e-bella-hadid-concorda","status":"publish","type":"post","link":"https:\/\/www.europesays.com\/pt\/30517\/","title":{"rendered":"Pode mesmo ser o vestido de ver\u00e3o mais bonito da Mango (e Bella Hadid concorda)"},"content":{"rendered":"<p>Estamos sempre atentos aos looks de celebridades porque ajudam-nos a pensar em novas combina\u00e7\u00f5es ou <a href=\"https:\/\/versa.iol.pt\/lidl\/calcas\/tendencia-lidl-ja-tem-as-polemicas-calcas-e-so-custam-6-euros\/20250810\/6895daa5d34ef72ee4493ad9\" rel=\"nofollow noopener\" target=\"_blank\">a considerar pe\u00e7as que prometemos nunca usar<\/a>. Bella Hadid, por exemplo, usou, recentemente, um vestido da Mango que nos parece ideal para a esta\u00e7\u00e3o.\u00a0<\/p>\n<p>\u00c9 uma pe\u00e7a que nos leva numa viagem pelo tempo que come\u00e7a nos anos 20, mas que termina apenas nos 90. Porqu\u00ea? Trata-se de um vestido ao estilo lingerie com design evas\u00e9 e al\u00e7as muito finas. <a href=\"https:\/\/versa.iol.pt\/zara\/vestido\/eis-que-vestido-com-bordado-da-zara-e-o-maior-sonho-vintage\/20250728\/68874c37d34e3f0baea0fcc6\" rel=\"nofollow noopener\" target=\"_blank\">Remete sem d\u00favida para os vestidos fluidos, elegantes e muito femininos caracter\u00edsticos da Belle \u00c9poque (entre 1920 e 1930)<\/a>.\u00a0<\/p>\n<blockquote class=\"instagram-media\" data-instgrm-permalink=\"https:\/\/www.instagram.com\/p\/DMtSsgaArFg\/?utm_source=ig_embed&amp;utm_campaign=loading\" data-instgrm-version=\"14\" style=\" background:#FFF; border:0; border-radius:3px; box-shadow:0 0 1px 0 rgba(0,0,0,0.5),0 1px 10px 0 rgba(0,0,0,0.15); margin: 1px; max-width:540px; min-width:326px; padding:0; width:99.375%; width:-webkit-calc(100% - 2px); width:calc(100% - 2px);\">\n<\/blockquote>\n<p>\u00a0<\/p>\n<p>Claro, ao mesmo tempo, o vestido da modelo acaba por levar-nos \u00e0 d\u00e9cada de 90, em que <a href=\"https:\/\/versa.iol.pt\/zara\/kate-moss\/o-melhor-festival-deste-verao-esta-na-zara-por-culpa-de-um-vestido\/20250610\/6846c56ad34e3f0bae9f2e1b\" rel=\"nofollow noopener\" target=\"_blank\">supermodelos, como Kate Moss<\/a>, eram adeptas dos famosos\u00a0slip dresses, uma categoria de vestidos minimalistas que inclui estes ao <a href=\"https:\/\/versa.iol.pt\/zara\/vestidos\/saldos-a-terminar-e-as-espanholas-ja-querem-estes-vestidos-tendencia-da-zara\/20250722\/68753b7cd34e3f0baea07faa\" rel=\"nofollow noopener\" target=\"_blank\">estilo de lingerie com detalhes em renda<\/a>.\u00a0<\/p>\n<p>Para completar este look de ver\u00e3o, a irm\u00e3 mais nova de Gigi Hadid escolheu <a href=\"https:\/\/versa.iol.pt\/georgina-rodriguez\/zara\/botas-no-verao-so-se-seguirmos-georgina-ate-aos-saldos-da-zara\/20250723\/6880ac38d34ef72ee448a1d7\" rel=\"nofollow noopener\" target=\"_blank\">umas botas ao estilo cowboy, um tipo de cal\u00e7ado que tamb\u00e9m conquistou Georgina Rodr\u00edguez<\/a>.\u00a0<\/p>\n<p>Infelizmente, o vestido da modelo encontra-se esgotado, mas existem outras alternativas no cat\u00e1logo da Mango, assim como no de outras marcas, incluindo a Zara e a Stradivarius.\u00a0<\/p>\n<p>                            <script async src=\"\/\/www.instagram.com\/embed.js\"><\/script><\/p>\n","protected":false},"excerpt":{"rendered":"Estamos sempre atentos aos looks de celebridades porque ajudam-nos a pensar em novas combina\u00e7\u00f5es ou a considerar pe\u00e7as&hellip;\n","protected":false},"author":2,"featured_media":30518,"comment_status":"","ping_status":"","sticky":false,"template":"","format":"standard","meta":{"footnotes":""},"categories":[85],"tags":[1081,10112,204,114,115,754,186,5873,1079,32,33,1078,1367,1080],"class_list":{"0":"post-30517","1":"post","2":"type-post","3":"status-publish","4":"format-standard","5":"has-post-thumbnail","7":"category-entretenimento","8":"tag-beleza","9":"tag-bella-hadid","10":"tag-design","11":"tag-entertainment","12":"tag-entretenimento","13":"tag-gastronomia","14":"tag-lifestyle","15":"tag-mango","16":"tag-moda","17":"tag-portugal","18":"tag-pt","19":"tag-versa","20":"tag-vestido","21":"tag-viagens"},"share_on_mastodon":{"url":"","error":""},"_links":{"self":[{"href":"https:\/\/www.europesays.com\/pt\/wp-json\/wp\/v2\/posts\/30517","targetHints":{"allow":["GET"]}}],"collection":[{"href":"https:\/\/www.europesays.com\/pt\/wp-json\/wp\/v2\/posts"}],"about":[{"href":"https:\/\/www.europesays.com\/pt\/wp-json\/wp\/v2\/types\/post"}],"author":[{"embeddable":true,"href":"https:\/\/www.europesays.com\/pt\/wp-json\/wp\/v2\/users\/2"}],"replies":[{"embeddable":true,"href":"https:\/\/www.europesays.com\/pt\/wp-json\/wp\/v2\/comments?post=30517"}],"version-history":[{"count":0,"href":"https:\/\/www.europesays.com\/pt\/wp-json\/wp\/v2\/posts\/30517\/revisions"}],"wp:featuredmedia":[{"embeddable":true,"href":"https:\/\/www.europesays.com\/pt\/wp-json\/wp\/v2\/media\/30518"}],"wp:attachment":[{"href":"https:\/\/www.europesays.com\/pt\/wp-json\/wp\/v2\/media?parent=30517"}],"wp:term":[{"taxonomy":"category","embeddable":true,"href":"https:\/\/www.europesays.com\/pt\/wp-json\/wp\/v2\/categories?post=30517"},{"taxonomy":"post_tag","embeddable":true,"href":"https:\/\/www.europesays.com\/pt\/wp-json\/wp\/v2\/tags?post=30517"}],"curies":[{"name":"wp","href":"https:\/\/api.w.org\/{rel}","templated":true}]}}