{"id":30521,"date":"2025-08-15T13:48:09","date_gmt":"2025-08-15T13:48:09","guid":{"rendered":"https:\/\/www.europesays.com\/pt\/30521\/"},"modified":"2025-08-15T13:48:09","modified_gmt":"2025-08-15T13:48:09","slug":"luckas-iohanathan-mossoroense-premiado-com-jabuti-estara-na-feira-do-livro-de-mossoro-hoje","status":"publish","type":"post","link":"https:\/\/www.europesays.com\/pt\/30521\/","title":{"rendered":"Luckas Iohanathan: mossoroense premiado com Jabuti estar\u00e1 na Feira do Livro de Mossor\u00f3 hoje"},"content":{"rendered":"<p>\t\t\t1<\/p>\n<p>\u00a0<\/p>\n<p>A Feira do Livro de Mossor\u00f3 2025 chega ao seu \u00faltimo dia, com muita literatura e m\u00fasica. O encerramento da 19 edi\u00e7\u00e3o da Feira que est\u00e1 acontecendo desde o dia 11 na Faculdade de Educa\u00e7\u00e3o da UERN, traz uma agenda voltada \u00e0 nova gera\u00e7\u00e3o de jovens autores e leitores: haver\u00e1 o lan\u00e7amento do livro \u201cSangue de Cabra\u201d de Mylena Queiroz e a autores de quadrinhos como Ilustralu (\u201cArlindo\u201d) e Gabriel Dantas (\u201cBife de Unic\u00f3rnio\u201d).<\/p>\n<p>Entre os autores de destaque a feira recebe hoje o quadrinista mossoroense Luckas Iohanathan, vencedor do Pr\u00eamio Jabuti 2024 na categoria Hist\u00f3rias em Quadrinhos com a obra \u2018Como Pedra\u2019, publicada pela Comix Zone.<\/p>\n<p>Formado em Publicidade e Propaganda pela UERN, Luckas \u00e9 o primeiro autor da cidade a conquistar o pr\u00eamio nessa categoria. A HQ \u00e9 ambientada no sert\u00e3o nordestino e acompanha a vida de uma fam\u00edlia marcada pela seca e pela fome. \u2018Como Pedra\u2019 em breve deve ganhar as telas pois ser\u00e1 adaptada para o cinema pelo diretor F\u00e1bio Allon. Luckas tamb\u00e9m \u00e9 autor de \u2018O Monstro Debaixo da Minha Cama\u2019, indicada ao Trof\u00e9u HQMix e vencedora do Pr\u00eamio Geek de Literatura, e \u2018Enterrei Todos no Meu Quintal\u2019. Atualmente, desenvolve novos trabalhos com previs\u00e3o de lan\u00e7amento entre 2025 e 2026.<\/p>\n<p>Al\u00e9m dos autores, a programa\u00e7\u00e3o de hoje, abre as 18h00 e encerra tamb\u00e9m com o show musical \u201cDe vez em quando florescer\u201d, com Symmara Fernandes e Emiliano Pordeus com o apoio do BNB Cultural. Literatura e m\u00fasica, juntos encerrando uma semana intensa de muitas trocas culturais na Feira do Livro de Mossor\u00f3.<\/p>\n<p>Publicidade<\/p>\n<p><img loading=\"lazy\" decoding=\"async\" src=\"https:\/\/www.europesays.com\/pt\/wp-content\/uploads\/2025\/08\/gov_ago2025_1400x250.gif\" alt=\"\" width=\"784\" height=\"140\"\/><\/p>\n","protected":false},"excerpt":{"rendered":"1 \u00a0 A Feira do Livro de Mossor\u00f3 2025 chega ao seu \u00faltimo dia, com muita literatura e&hellip;\n","protected":false},"author":2,"featured_media":30522,"comment_status":"","ping_status":"","sticky":false,"template":"","format":"standard","meta":{"footnotes":""},"categories":[143],"tags":[3952,169,114,115,874,3777,237,170,10113,32,33],"class_list":{"0":"post-30521","1":"post","2":"type-post","3":"status-publish","4":"format-standard","5":"has-post-thumbnail","7":"category-livros","8":"tag-feira","9":"tag-books","10":"tag-entertainment","11":"tag-entretenimento","12":"tag-escritor","13":"tag-jabuti","14":"tag-livro","15":"tag-livros","16":"tag-lukas","17":"tag-portugal","18":"tag-pt"},"share_on_mastodon":{"url":"","error":""},"_links":{"self":[{"href":"https:\/\/www.europesays.com\/pt\/wp-json\/wp\/v2\/posts\/30521","targetHints":{"allow":["GET"]}}],"collection":[{"href":"https:\/\/www.europesays.com\/pt\/wp-json\/wp\/v2\/posts"}],"about":[{"href":"https:\/\/www.europesays.com\/pt\/wp-json\/wp\/v2\/types\/post"}],"author":[{"embeddable":true,"href":"https:\/\/www.europesays.com\/pt\/wp-json\/wp\/v2\/users\/2"}],"replies":[{"embeddable":true,"href":"https:\/\/www.europesays.com\/pt\/wp-json\/wp\/v2\/comments?post=30521"}],"version-history":[{"count":0,"href":"https:\/\/www.europesays.com\/pt\/wp-json\/wp\/v2\/posts\/30521\/revisions"}],"wp:featuredmedia":[{"embeddable":true,"href":"https:\/\/www.europesays.com\/pt\/wp-json\/wp\/v2\/media\/30522"}],"wp:attachment":[{"href":"https:\/\/www.europesays.com\/pt\/wp-json\/wp\/v2\/media?parent=30521"}],"wp:term":[{"taxonomy":"category","embeddable":true,"href":"https:\/\/www.europesays.com\/pt\/wp-json\/wp\/v2\/categories?post=30521"},{"taxonomy":"post_tag","embeddable":true,"href":"https:\/\/www.europesays.com\/pt\/wp-json\/wp\/v2\/tags?post=30521"}],"curies":[{"name":"wp","href":"https:\/\/api.w.org\/{rel}","templated":true}]}}