{"id":30527,"date":"2025-08-15T13:52:21","date_gmt":"2025-08-15T13:52:21","guid":{"rendered":"https:\/\/www.europesays.com\/pt\/30527\/"},"modified":"2025-08-15T13:52:21","modified_gmt":"2025-08-15T13:52:21","slug":"goncalo-ramos-garante-permanencia-no-psg-estou-muito-feliz-zerozero-pt","status":"publish","type":"post","link":"https:\/\/www.europesays.com\/pt\/30527\/","title":{"rendered":"Gon\u00e7alo Ramos garante perman\u00eancia no PSG: \u00abEstou muito feliz\u00bb &#8211; zerozero.pt"},"content":{"rendered":"<ol>\n<li><a href=\"https:\/\/news.google.com\/rss\/articles\/CBMioAFBVV95cUxPT2wxQ1VOeWpDUVJHdlFISDIwRzc1S1Y2b0VmdlQwSWpLdzBMYnFjYTZQbHpxQUtnQTZhb2RkcndMWWY4RklUbGxhaGJuTTRJUmRIcmd4QzVqaHJQZ1FvREtJRE5jTjYxTnlXRHpldEl0WWFObThMTnRGZW1nd0dKeGNiZUhkd1Q4YmxRVWZ3bFRQWjNmazRrUFVrX0lUbHFR?oc=5\" target=\"_blank\" rel=\"nofollow noopener\">Gon\u00e7alo Ramos garante perman\u00eancia no PSG: \u00abEstou muito feliz\u00bb<\/a>&nbsp;&nbsp;zerozero.pt<\/li>\n<li><a href=\"https:\/\/news.google.com\/rss\/articles\/CBMi_wFBVV95cUxPZ3UwdWNfN1F5aTFuZnlSVXRCUzdZenlKQ2lvU1JQeHhKZ3M2Yy0zMVlldW9teUppdmMxY1pILWZ4NUhnc0lEM2ZkdEZ2RTFBbkVVSzNtYVRfLW9acDlUVzB3MWx5QkxIRlhCOHRqNHQ2a01VYmFKVndUTHFick9uN0pxZlc5Q2RDWVBxcHYxQVhJZWdLZ2hZZk9EQUhia3RhSEMwM2JaeERFSEZyV2Rla1NES2tVZU9GSVE1ZXBSRHNIWGk3dFBYVGY4Rk9ncTZ5d25SMjhzVVU4T01pX0FNSEpyR0RVTXo0eXpSMGlvbF9tVXI2ODhlNHVkX1BrWTTSAY4CQVVfeXFMTWgxRjRGNUdqcTBLZ1Y0RGtLN2NOSFd6V01kLXVleWQ5OThKMU5iMkdOQmxpRFlfRjhDMUVzWVhKYzNxRTJqUl9GQ1Z3a1RWU2g4M1UyV2JhQ1VpZFlDYVU2b19LMXBwZy10ZTlsZTZ4Y1NsRlRTbERqN29RSDVYLXV2bFFyMGZCQ3UyZVhzNlB2WVdkcGVaa0JVR2pjUUpoeVhFWHI4SEhlYk9rZE1Jc3R2OTJTbmZrRDZsNmwzX2F2elVjSzRaeWZIQjF5NVBwTVV2QjdZUHVSclJXcElzeWlYM242dnJZZzQxdlhUcHVHaVNDZ2tESVhHc0tYaHVPRkg1TllOMll2aWlOdXN3?oc=5\" target=\"_blank\" rel=\"nofollow noopener\">Capit\u00e3o do PSG, Marquinhos celebra supera\u00e7\u00e3o do goleiro Chevalier: &#8220;Ele conseguiu&#8221;<\/a>&nbsp;&nbsp;ge<\/li>\n<li><a href=\"https:\/\/news.google.com\/rss\/articles\/CBMi4gFBVV95cUxOa3ZoOGIwdzJ6NmxIUjVMQ3NlSWdfbHE0cVZUeXJTd19GMnFRSFNlZWRlNEZ5UWVjQkJESXVHYTJ4Qi05RDlFaTZTM3J0RnV4c090ZXYyTzdwME1NaDhDYlFyczdEcS1LdU9TdXhOQ2YwSkxpUFRtTXFjbS14em43Y0xOZHlRR0gtVzdNcmotcnRvOWVzR2ZhbEJlQW44YnJwU2RqeWFuR2V3NVhxUXZXYnV0alN1WExLWWRPTU03NFk3VDFUek9RVWpzV1ZmeUU1Tmk0ZkJ1ZEpqQXF6bHpCcmxn?oc=5\" target=\"_blank\" rel=\"nofollow noopener\">Luis Enrique critica PSG e v\u00ea t\u00edtulo injusto na Supercopa: &#8216;Tottenham merecia vencer, tivemos sorte&#8217;<\/a>&nbsp;&nbsp;ESPN Brasil<\/li>\n<li><a href=\"https:\/\/news.google.com\/rss\/articles\/CBMivAFBVV95cUxQaE5TdWVIVks3dmN3TGNiZXdRNTJOZ1J4VmhCejI4M21tczhkblA4amlwcWV4UGhhMmI2eHU3V3BhRDd0ZUZxNld0WkRYNm12VlJTak5lU2F4bkNWV2U1dUk2MEpSNTc2c2gxYzhuZ1kwRDN3RkVRcXZ5eTRFWlVMUlBFb3MwaGctSG9VNmlFVFQxazhhbXVNem1FdXdyV1ctYnJCQ1pjcjN1MHJxUXVvM09lQWFuUjFuR1FJVw?oc=5\" target=\"_blank\" rel=\"nofollow noopener\">Estreante se redime ap\u00f3s falha, PSG bate Tottenham nos p\u00eanaltis e \u00e9 campe\u00e3o<\/a>&nbsp;&nbsp;UOL<\/li>\n<li><a href=\"https:\/\/news.google.com\/rss\/articles\/CBMikAJBVV95cUxObHhuZ1hYNXhkNGxUazM2ZjNrMDNvLU1RdVJBUFFmUnBQMjRjZVNPQUk0VldOYjJRZDJid0RJeHVKVTlXV0dFM2pmdnpIaE1fZFJYcVFRS2Z5QnlERDAyaURIb3ZIQlVTLWhBRGE2akJVS3c2TEhJSl9KZ3pjTEpnY2hDWmt0WnBTNkM1eVJEbzJLWmE2U1ZnTm11UVZ2TC1sbUlvMEtlNHBfNzhZQm8zRF9hbm9TazJsX3JNY2Z5UnhETENtbmtjdXNnTUlUcVNKcUxrSTBWZkt5bEF2bkxaV3hENmVZY2FIdmpZYzBDMEJpZDYzb0ZDYWN1bTVva3pHOUV5cFlwMUFKdjJ6MDBiMw?oc=5\" target=\"_blank\" rel=\"nofollow noopener\">PSG empata no fim, vence disputa de p\u00eanaltis contra o Tottenham e \u00e9 campe\u00e3o da Supercopa da Uefa<\/a>&nbsp;&nbsp;GZH<\/li>\n<\/ol>\n","protected":false},"excerpt":{"rendered":"Gon\u00e7alo Ramos garante perman\u00eancia no PSG: \u00abEstou muito feliz\u00bb&nbsp;&nbsp;zerozero.pt Capit\u00e3o do PSG, Marquinhos celebra supera\u00e7\u00e3o do goleiro Chevalier:&hellip;\n","protected":false},"author":2,"featured_media":30528,"comment_status":"","ping_status":"","sticky":false,"template":"","format":"standard","meta":{"footnotes":""},"categories":[87],"tags":[135,526,524,13,32,33,527,525,134,523],"class_list":{"0":"post-30527","1":"post","2":"type-post","3":"status-publish","4":"format-standard","5":"has-post-thumbnail","7":"category-desporto","8":"tag-desporto","9":"tag-football","10":"tag-futebol","11":"tag-noticias","12":"tag-portugal","13":"tag-pt","14":"tag-resultados","15":"tag-soccer","16":"tag-sports","17":"tag-zerozero"},"share_on_mastodon":{"url":"","error":""},"_links":{"self":[{"href":"https:\/\/www.europesays.com\/pt\/wp-json\/wp\/v2\/posts\/30527","targetHints":{"allow":["GET"]}}],"collection":[{"href":"https:\/\/www.europesays.com\/pt\/wp-json\/wp\/v2\/posts"}],"about":[{"href":"https:\/\/www.europesays.com\/pt\/wp-json\/wp\/v2\/types\/post"}],"author":[{"embeddable":true,"href":"https:\/\/www.europesays.com\/pt\/wp-json\/wp\/v2\/users\/2"}],"replies":[{"embeddable":true,"href":"https:\/\/www.europesays.com\/pt\/wp-json\/wp\/v2\/comments?post=30527"}],"version-history":[{"count":0,"href":"https:\/\/www.europesays.com\/pt\/wp-json\/wp\/v2\/posts\/30527\/revisions"}],"wp:featuredmedia":[{"embeddable":true,"href":"https:\/\/www.europesays.com\/pt\/wp-json\/wp\/v2\/media\/30528"}],"wp:attachment":[{"href":"https:\/\/www.europesays.com\/pt\/wp-json\/wp\/v2\/media?parent=30527"}],"wp:term":[{"taxonomy":"category","embeddable":true,"href":"https:\/\/www.europesays.com\/pt\/wp-json\/wp\/v2\/categories?post=30527"},{"taxonomy":"post_tag","embeddable":true,"href":"https:\/\/www.europesays.com\/pt\/wp-json\/wp\/v2\/tags?post=30527"}],"curies":[{"name":"wp","href":"https:\/\/api.w.org\/{rel}","templated":true}]}}