{"id":30531,"date":"2025-08-15T13:55:04","date_gmt":"2025-08-15T13:55:04","guid":{"rendered":"https:\/\/www.europesays.com\/pt\/30531\/"},"modified":"2025-08-15T13:55:04","modified_gmt":"2025-08-15T13:55:04","slug":"whatsapp-muda-jeito-de-fazer-ligacoes-em-grupo-veja-o-que-chega-agora","status":"publish","type":"post","link":"https:\/\/www.europesays.com\/pt\/30531\/","title":{"rendered":"WhatsApp muda jeito de fazer liga\u00e7\u00f5es em grupo; veja o que chega agora"},"content":{"rendered":"<p>O <strong>WhatsApp <\/strong>anunciou a chegada de dois novos recursos para as liga\u00e7\u00f5es em grupo. A partir de agora, o mensageiro permite que os usu\u00e1rios <strong>agendem chamadas<\/strong> e <strong>enviem rea\u00e7\u00f5es durante as liga\u00e7\u00f5es<\/strong>. As novidades se juntam a outras fun\u00e7\u00f5es introduzidas recentemente no aplicativo, <a class=\"tg-link-manual\" href=\"https:\/\/www.oficinadanet.com.br\/noticias\/62619-whatsapp-agora-resume-mensagens-nao-lidas-ia\" rel=\"nofollow noopener\" target=\"_blank\">como a op\u00e7\u00e3o de resumir mensagens n\u00e3o lidas com a ajuda de IA<\/a> e <a class=\"tg-link-manual\" href=\"https:\/\/www.oficinadanet.com.br\/whatsapp\/63626-whatsapp-suporte-fotos-movimento-android\" rel=\"nofollow noopener\" target=\"_blank\">suporte para fotos em movimento<\/a>.<\/p>\n<p>WhatsApp ganha novos recursos para liga\u00e7\u00f5es em grupo<\/p>\n<p><a href=\"https:\/\/blog.whatsapp.com\/calling-on-whatsapp-new-ways-to-plan-ahead-and-take-part\" class=\"tg-link-manual\" rel=\"nofollow  noopener\" target=\"_blank\">Em seu blog oficial<\/a>, a equipe do mensageiro destacou que os novos recursos chegam para &#8220;deixar as liga\u00e7\u00f5es em grupo mais f\u00e1ceis de planejar e mais interativas&#8221;.<\/p>\n<p>Come\u00e7ando com a op\u00e7\u00e3o de <strong>agendar chamadas<\/strong>, agora \u00e9 poss\u00edvel programar liga\u00e7\u00f5es e convidar pessoas ou grupos com anteced\u00eancia. Para utilizar a fun\u00e7\u00e3o, basta tocar no bot\u00e3o &#8220;+&#8221; na aba &#8220;Liga\u00e7\u00f5es&#8221; e depois em &#8220;Programar liga\u00e7\u00e3o&#8221;.<\/p>\n<p>Na mesma aba, o <strong>WhatsApp <\/strong>permite <strong>gerenciar todas as chamadas programadas<\/strong>, al\u00e9m de exibir uma lista de convidados e links de liga\u00e7\u00e3o para adicionar ao seu calend\u00e1rio ou compartilhar com outras pessoas.<\/p>\n<p>            &#13;<br \/>\n                    &#13;<br \/>\n                        &#13;<br \/>\n                        &#13;<br \/>\n                        &#13;<br \/>\n                        &#13;<br \/>\n                        <img decoding=\"async\" loading=\"lazy\" width=\"330\" height=\"186\" src=\"https:\/\/www.europesays.com\/pt\/wp-content\/uploads\/2025\/08\/whatsapp-recursos-ligacoes-grupo.png\"  alt=\"Novos recursos para liga\u00e7\u00f5es em grupo do WhatsApp\" title=\"Novos recursos para liga\u00e7\u00f5es em grupo do WhatsApp\"\/>&#13;<br \/>\n                    Novos recursos para liga\u00e7\u00f5es em grupo do <a class=\"lib tg-lib\" href=\"https:\/\/www.oficinadanet.com.br\/whatsapp\" rel=\"nofollow noopener\" target=\"_blank\">WhatsApp<\/a>&#13;<\/p>\n<p>Antes da liga\u00e7\u00e3o come\u00e7ar, o aplicativo tamb\u00e9m <strong>enviar\u00e1 uma notifica\u00e7\u00e3o a todos os participantes<\/strong>. Al\u00e9m disso, a pessoa respons\u00e1vel por criar o link da chamada receber\u00e1 notifica\u00e7\u00f5es quando os outros usu\u00e1rios entrarem na liga\u00e7\u00e3o.<\/p>\n<p>Quanto as rea\u00e7\u00f5es, o <strong>WhatsApp <\/strong>introduziu uma nova forma de se expressar durante as chamadas em grupo. A partir de agora, \u00e9 poss\u00edvel levantar a m\u00e3o para indicar que quer falar ou at\u00e9 enviar um emoji para participar da conversa sem precisar interromper.<\/p>\n<p>Disponibilidade<\/p>\n<p>As novidades j\u00e1 est\u00e3o dispon\u00edveis para todos os usu\u00e1rios \u2014 atualize seu aplicativo para a vers\u00e3o mais recente para aproveitar os recursos.<\/p>\n<p><a href=\"https:\/\/blog.whatsapp.com\/calling-on-whatsapp-new-ways-to-plan-ahead-and-take-part\" class=\"tg-link-manual\" rel=\"nofollow  noopener\" target=\"_blank\">Fonte<\/a><\/p>\n","protected":false},"excerpt":{"rendered":"O WhatsApp anunciou a chegada de dois novos recursos para as liga\u00e7\u00f5es em grupo. A partir de agora,&hellip;\n","protected":false},"author":2,"featured_media":30532,"comment_status":"","ping_status":"","sticky":false,"template":"","format":"standard","meta":{"footnotes":""},"categories":[84],"tags":[1218,109,107,108,10114,9915,111,13,32,33,548,105,103,104,106,110,894],"class_list":{"0":"post-30531","1":"post","2":"type-post","3":"status-publish","4":"format-standard","5":"has-post-thumbnail","7":"category-ciencia-e-tecnologia","8":"tag-aplicativos","9":"tag-ciencia","10":"tag-ciencia-e-tecnologia","11":"tag-cienciaetecnologia","12":"tag-grupo","13":"tag-ligacoes","14":"tag-meta","15":"tag-noticias","16":"tag-portugal","17":"tag-pt","18":"tag-redes-sociais","19":"tag-science","20":"tag-science-and-technology","21":"tag-scienceandtechnology","22":"tag-technology","23":"tag-tecnologia","24":"tag-whatsapp"},"share_on_mastodon":{"url":"","error":""},"_links":{"self":[{"href":"https:\/\/www.europesays.com\/pt\/wp-json\/wp\/v2\/posts\/30531","targetHints":{"allow":["GET"]}}],"collection":[{"href":"https:\/\/www.europesays.com\/pt\/wp-json\/wp\/v2\/posts"}],"about":[{"href":"https:\/\/www.europesays.com\/pt\/wp-json\/wp\/v2\/types\/post"}],"author":[{"embeddable":true,"href":"https:\/\/www.europesays.com\/pt\/wp-json\/wp\/v2\/users\/2"}],"replies":[{"embeddable":true,"href":"https:\/\/www.europesays.com\/pt\/wp-json\/wp\/v2\/comments?post=30531"}],"version-history":[{"count":0,"href":"https:\/\/www.europesays.com\/pt\/wp-json\/wp\/v2\/posts\/30531\/revisions"}],"wp:featuredmedia":[{"embeddable":true,"href":"https:\/\/www.europesays.com\/pt\/wp-json\/wp\/v2\/media\/30532"}],"wp:attachment":[{"href":"https:\/\/www.europesays.com\/pt\/wp-json\/wp\/v2\/media?parent=30531"}],"wp:term":[{"taxonomy":"category","embeddable":true,"href":"https:\/\/www.europesays.com\/pt\/wp-json\/wp\/v2\/categories?post=30531"},{"taxonomy":"post_tag","embeddable":true,"href":"https:\/\/www.europesays.com\/pt\/wp-json\/wp\/v2\/tags?post=30531"}],"curies":[{"name":"wp","href":"https:\/\/api.w.org\/{rel}","templated":true}]}}