{"id":30533,"date":"2025-08-15T13:58:08","date_gmt":"2025-08-15T13:58:08","guid":{"rendered":"https:\/\/www.europesays.com\/pt\/30533\/"},"modified":"2025-08-15T13:58:08","modified_gmt":"2025-08-15T13:58:08","slug":"jose-luis-carneiro-considera-muito-grave-o-ataque-de-montenegro-ao-constitucional-festa-do-pontal","status":"publish","type":"post","link":"https:\/\/www.europesays.com\/pt\/30533\/","title":{"rendered":"Jos\u00e9 Lu\u00eds Carneiro considera \u201cmuito grave\u201d o \u201cataque\u201d de Montenegro ao Constitucional | Festa do Pontal"},"content":{"rendered":"<p>\u201cIncompreens\u00edvel\u201d e \u201cmuito grave\u201d. Foi assim que o secret\u00e1rio-geral do PS, Jos\u00e9 Lu\u00eds Carneiro, classificou o que considera ter sido um \u201cataque do primeiro-ministro ao Tribunal Constitucional (TC) e aos seus ju\u00edzes por fazerem cumprir a Constitui\u00e7\u00e3o\u201d, acusando-o de estar \u201calheado\u201d dos problemas do pa\u00eds.<\/p>\n<p>\u201c\u00c9 incompreens\u00edvel o ataque feito ao TC e aos seus ju\u00edzes por fazerem cumprir a Constitui\u00e7\u00e3o, o ataque aos jornalistas por fazerem informa\u00e7\u00e3o, aos analistas por fazerem opini\u00e3o e at\u00e9 aos crit\u00e9rios editoriais das televis\u00f5es\u201d, lamentou <a href=\"https:\/\/www.publico.pt\/jose-luis-carneiro\" target=\"_blank\" rel=\"nofollow noopener\">Jos\u00e9 Lu\u00eds Carneiro<\/a> em declara\u00e7\u00f5es aos jornalistas em Paredes de Coura, classificando como \u201cmuito grave o que foi dito em rela\u00e7\u00e3o a todos: aos jornalistas, \u00e0s televis\u00f5es, aos comentadores e aos ju\u00edzes do TC\u201d.<\/p>\n<p>\u201cTemos um primeiro-ministro completamente alheado do que se est\u00e1 a passar e a viver no pa\u00eds\u201d, vincou.<\/p>\n<p>O l\u00edder dos socialistas referia-se \u00e0 declara\u00e7\u00e3o de Lu\u00eds Montenegro na <a href=\"https:\/\/www.publico.pt\/2025\/08\/14\/politica\/noticia\/montenegro-deixa-avaliacao-incendios-vamos-ganhar-guerra-2144044\" target=\"_blank\" rel=\"nofollow noopener\">Festa do Pontal<\/a>, esta quinta-feira \u00e0 noite. Num discurso no Cal\u00e7ad\u00e3o da Quarteira, no Algarve, o primeiro-ministro abordou o chumbo da lei dos estrangeiros pelo TC para salientar que viu com normalidade o <a href=\"https:\/\/www.publico.pt\/2025\/07\/24\/politica\/noticia\/presidente-enviou-lei-estrangeiros-tribunal-constitucional-2141672\" target=\"_blank\" rel=\"nofollow noopener\">pedido de fiscaliza\u00e7\u00e3o<\/a> feito pelo Presidente da Rep\u00fablica e para depois defender que n\u00e3o seria normal os ju\u00edzes do TC fazerem \u201cum ju\u00edzo pol\u00edtico quando a sua fun\u00e7\u00e3o \u00e9 fazer um ju\u00edzo jur\u00eddico\u201d, afirmando esperar que isso n\u00e3o venha a acontecer.<\/p>\n<p>        &#13;<\/p>\n<p>&#13;<br \/>\n                &#13;\n            <\/p>\n<p>&#13;<\/p>\n<p>No entanto, o chefe do executivo considerou que \u201co que j\u00e1 n\u00e3o \u00e9 normal\u201d, e \u201cat\u00e9 um pouco esquisito, \u00e9 quando h\u00e1 pol\u00edticos, partidos pol\u00edticos, que fazem das aprecia\u00e7\u00f5es de um \u00f3rg\u00e3o jurisdicional decis\u00f5es pol\u00edticas\u201d e \u201cpedem a um tribunal que fa\u00e7a um ju\u00edzo pol\u00edtico e decida politicamente uma decis\u00e3o\u201d.<\/p>\n<p>\u201cIsso \u00e9 que j\u00e1 n\u00e3o \u00e9 normal e muito menos normal ser\u00e1, se eventualmente acontecer \u2014 e eu n\u00e3o quero acreditar que aconte\u00e7a \u2014, que os pr\u00f3prios detentores do poder judicial possam, eles pr\u00f3prios, assumir fazer um ju\u00edzo pol\u00edtico quando a sua fun\u00e7\u00e3o \u00e9 fazer um ju\u00edzo jur\u00eddico\u201d, sustentou.<\/p>\n<p>\u201cFalhou gravemente na resposta \u00e0 sa\u00fade\u201d<\/p>\n<p>Carneiro disse ainda que o primeiro-ministro Lu\u00eds Montenegro tem repetido algumas das mensagens socialistas. \u201cMas a sua fun\u00e7\u00e3o n\u00e3o \u00e9 repetir a mensagem do l\u00edder da oposi\u00e7\u00e3o. \u00c9 executar aquilo com que se comprometeu. Nisso, falhou em todas as dimens\u00f5es\u201d, afirmou.<\/p>\n<p>O secret\u00e1rio-geral do PS frisou ainda que Montenegro \u201cfalhou gravemente na resposta \u00e0 Sa\u00fade\u201d, n\u00e3o se lhe tendo ouvido \u201cuma resposta \u00e0s mulheres que andam de terra em terra para <a href=\"https:\/\/www.publico.pt\/2025\/08\/13\/sociedade\/noticia\/gravida-deu-luz-rua-esperar-hora-medico-seguir-hospital-2143891\" target=\"_blank\" rel=\"nofollow noopener\">dar \u00e0 luz<\/a>, \u00e0 quest\u00e3o da habita\u00e7\u00e3o, outro problema grave, ou \u00e0s quest\u00f5es dos sal\u00e1rios\u201d.<\/p>\n","protected":false},"excerpt":{"rendered":"\u201cIncompreens\u00edvel\u201d e \u201cmuito grave\u201d. Foi assim que o secret\u00e1rio-geral do PS, Jos\u00e9 Lu\u00eds Carneiro, classificou o que considera&hellip;\n","protected":false},"author":2,"featured_media":30534,"comment_status":"","ping_status":"","sticky":false,"template":"","format":"standard","meta":{"footnotes":""},"categories":[10],"tags":[27,28,15,16,10115,14,2433,25,26,21,22,12,13,19,20,52,32,23,24,455,33,17,18,298,29,30,31],"class_list":{"0":"post-30533","1":"post","2":"type-post","3":"status-publish","4":"format-standard","5":"has-post-thumbnail","7":"category-portugal","8":"tag-breaking-news","9":"tag-breakingnews","10":"tag-featured-news","11":"tag-featurednews","12":"tag-festa-do-pontal","13":"tag-headlines","14":"tag-jose-luis-carneiro","15":"tag-latest-news","16":"tag-latestnews","17":"tag-main-news","18":"tag-mainnews","19":"tag-news","20":"tag-noticias","21":"tag-noticias-principais","22":"tag-noticiasprincipais","23":"tag-politica","24":"tag-portugal","25":"tag-principais-noticias","26":"tag-principaisnoticias","27":"tag-ps","28":"tag-pt","29":"tag-top-stories","30":"tag-topstories","31":"tag-tribunal-constitucional","32":"tag-ultimas","33":"tag-ultimas-noticias","34":"tag-ultimasnoticias"},"share_on_mastodon":{"url":"","error":""},"_links":{"self":[{"href":"https:\/\/www.europesays.com\/pt\/wp-json\/wp\/v2\/posts\/30533","targetHints":{"allow":["GET"]}}],"collection":[{"href":"https:\/\/www.europesays.com\/pt\/wp-json\/wp\/v2\/posts"}],"about":[{"href":"https:\/\/www.europesays.com\/pt\/wp-json\/wp\/v2\/types\/post"}],"author":[{"embeddable":true,"href":"https:\/\/www.europesays.com\/pt\/wp-json\/wp\/v2\/users\/2"}],"replies":[{"embeddable":true,"href":"https:\/\/www.europesays.com\/pt\/wp-json\/wp\/v2\/comments?post=30533"}],"version-history":[{"count":0,"href":"https:\/\/www.europesays.com\/pt\/wp-json\/wp\/v2\/posts\/30533\/revisions"}],"wp:featuredmedia":[{"embeddable":true,"href":"https:\/\/www.europesays.com\/pt\/wp-json\/wp\/v2\/media\/30534"}],"wp:attachment":[{"href":"https:\/\/www.europesays.com\/pt\/wp-json\/wp\/v2\/media?parent=30533"}],"wp:term":[{"taxonomy":"category","embeddable":true,"href":"https:\/\/www.europesays.com\/pt\/wp-json\/wp\/v2\/categories?post=30533"},{"taxonomy":"post_tag","embeddable":true,"href":"https:\/\/www.europesays.com\/pt\/wp-json\/wp\/v2\/tags?post=30533"}],"curies":[{"name":"wp","href":"https:\/\/api.w.org\/{rel}","templated":true}]}}