{"id":30605,"date":"2025-08-15T14:58:09","date_gmt":"2025-08-15T14:58:09","guid":{"rendered":"https:\/\/www.europesays.com\/pt\/30605\/"},"modified":"2025-08-15T14:58:09","modified_gmt":"2025-08-15T14:58:09","slug":"ataques-de-colonos-na-cisjordania-deixam-varios-feridos-israel","status":"publish","type":"post","link":"https:\/\/www.europesays.com\/pt\/30605\/","title":{"rendered":"Ataques de colonos na Cisjord\u00e2nia deixam v\u00e1rios feridos | Israel"},"content":{"rendered":"<p>Tr\u00eas ataques de colonos na noite de quinta-feira e manh\u00e3 desta sexta deixaram v\u00e1rios feridos e dois deles, um casal, tiveram mesmo de ser hospitalizados, segundo o di\u00e1rio Times of Israel. Nenhum dos ataques resultou em pris\u00f5es.<\/p>\n<p>Os ataques aconteceram depois de o ministro das Finan\u00e7as, Bezalel Smotrich, de extrema-direita e ele pr\u00f3prio colono, ter anunciado um plano de constru\u00e7\u00f5es de mais casas junto de um colonato que ir\u00e1 liga-lo a Jerusal\u00e9m, cortando efectivamente a cidade que os palestinianos querem para capital de um futuro Estado do resto do territ\u00f3rio e deixando a Cisjord\u00e2nia dividida em dois.<\/p>\n<p>O ataque que ter\u00e1 deixado o homem e mulher feridos aconteceu em Susya, a sul de Hebron, uma de v\u00e1rias localidades onde tem havido viol\u00eancia, n\u00e3o muito longe, no m\u00eas passado, um colono israelita <a href=\"https:\/\/www.publico.pt\/2025\/07\/29\/mundo\/noticia\/palestiniano-participou-documentario-other-land-morto-colono-2142120\" rel=\"nofollow noopener\" target=\"_blank\">matou o activista palestiniano<\/a> Awdah Muhammad Hathaleen, professor de ingl\u00eas, colaborador da revista israelo-palestiniana +972 e participante no document\u00e1rio <a href=\"https:\/\/www.publico.pt\/2025\/01\/24\/culturaipsilon\/noticia\/other-land-vida-palestiniana-ocupacao-fim-2119968\" rel=\"nofollow noopener\" target=\"_blank\">No Other Land<\/a>, que foi distinguido com um \u00d3scar.<\/p>\n<p>O colono, Yinon Levi, sujeito a san\u00e7\u00f5es de alguns pa\u00edses por viol\u00eancia contra palestinianos, foi brevemente detido, passando para pris\u00e3o domicili\u00e1ria e entretanto libertado, com o tribunal a dizer que o caso contra ele tinha perdido for\u00e7a.<\/p>\n<p>Outro ataque ainda na noite de quinta-feira aconteceu na localidade de Atara, a norte de Ramallah, onde foram incendiados v\u00e1rios ve\u00edculos de palestinianos.<\/p>\n<p>Na sexta-feira de manh\u00e3, a ag\u00eancia palestiniana Wafa relatava que tr\u00eas jovens palestinianos foram feridos a tiro numa aldeia a leste de Ramallah, n\u00e3o muito longe de onde foram mortos dois residentes, um deles <a href=\"https:\/\/www.publico.pt\/2025\/07\/22\/mundo\/reportagem\/mortes-cisjordania-mostram-norteamericanos-estao-salvo-colonos-radicais-2141147\" rel=\"nofollow noopener\" target=\"_blank\">cidad\u00e3o<\/a><a href=\"https:\/\/www.publico.pt\/2025\/07\/22\/mundo\/reportagem\/mortes-cisjordania-mostram-norteamericanos-estao-salvo-colonos-radicais-2141147\" rel=\"nofollow noopener\" target=\"_blank\"> americano<\/a>, noutro ataque de colonos em Julho.<\/p>\n<p>A Cisjord\u00e2nia est\u00e1 cada vez mais a ser palco de viol\u00eancia de colonos e tamb\u00e9m de opera\u00e7\u00f5es do Ex\u00e9rcito, com muitas organiza\u00e7\u00f5es a dizerem temer uma \u201cgazifica\u00e7\u00e3o\u201d do territ\u00f3rio.<\/p>\n<p>Morreram mais de mil palestinianos na sequ\u00eancia de ataques de colonos ou do Ex\u00e9rcito desde 7 de Outubro de 2023, diz o di\u00e1rio The Guardian.<\/p>\n<p>Os habitantes de algumas aldeias acabaram mesmo por as deixar depois do constante ass\u00e9dio de grupos de colonos. O grupo Peace Now contou recentemente como centenas de residentes de Ma\u2019arjat, uma aldeia a norte de Jeric\u00f3, acabaram por decidir sair depois de um ataque de colonos, a \u00faltima gota ap\u00f3s amea\u00e7as constantes de grupos que se vinham a estabelecer em torno da localidade.<\/p>\n<p>Nas semanas anteriores \u00e0 sa\u00edda destes habitantes do local, os colonos come\u00e7aram a entrar nas suas casas, a sentar-se, horas a fio, nos seus quintais, amea\u00e7ando-os e exigindo-lhes que sa\u00edssem.<\/p>\n<p>A organiza\u00e7\u00e3o B\u2019Tselem diz que foram j\u00e1 sujeitas a desloca\u00e7\u00e3o for\u00e7ada mais de 30 comunidades na Cisjord\u00e2nia ocupada.<\/p>\n<p>No Haaretz, um artigo da jornalista Amira Hass debru\u00e7a-se sobre as ac\u00e7\u00f5es do Ex\u00e9rcito na Cisjord\u00e2nia, onde \u201ccada soldado israelita faz o que quer, agindo como um comandante, sem qualquer medo dos superiores\u201d, disse um habitante de uma localidade em que soldados ocuparam casas e levaram bens sem deixar qualquer documento mostrando o que foi levado.<\/p>\n<p>Antes, contou, os soldados obedeciam aos superiores e era poss\u00edvel contactar um superior e ter \u201calgum tipo de di\u00e1logo\u201d. Hoje, contrap\u00f4s, isso \u00e9 imposs\u00edvel.<\/p>\n<p>Em Julho, o Ex\u00e9rcito levou a cabo mais de 1300 opera\u00e7\u00f5es em bairros palestinianos, diz o artigo, com os residentes a suportar <a href=\"https:\/\/www.publico.pt\/2021\/05\/23\/mundo\/entrevista\/territorios-ocupados-nao-proteger-israel-1963715\" rel=\"nofollow noopener\" target=\"_blank\">controlo<\/a>, ass\u00e9dio, ataques e at\u00e9 roubos.<\/p>\n<p>O artigo conta os casos de duas mulheres de partes diferentes da Cisjord\u00e2nia: de um foram levados mais de 10 mil shekels (mais de 2,5 mil euros) deixando-lhe um documento citando regras de emerg\u00eancia do mandato brit\u00e2nico de 1945, no outro caso levaram dinheiro e j\u00f3ias, sem deixar qualquer documenta\u00e7\u00e3o.<\/p>\n<p>As duas mulheres n\u00e3o dizem os seus nomes por medo de retalia\u00e7\u00e3o dos soldados \u2013 j\u00e1 aconteceu num caso de um vizinho, diz uma delas. \u00c9 um padr\u00e3o, sublinha o Haaretz tamb\u00e9m documentado por ag\u00eancias de defesa de direitos humanos, o facto de as pessoas n\u00e3o quererem fazer queixa ou sequer dizer os seus nomes por medo de retalia\u00e7\u00e3o.<\/p>\n<p>Estas ac\u00e7\u00f5es n\u00e3o s\u00e3o compar\u00e1veis \u00e0s opera\u00e7\u00f5es militares nos campos de refugiados de Jenin ou Tulkarm, sublinha o Haaretz, mas depois de 7 de Outubro de 2023, o Ex\u00e9rcito aumentou a presen\u00e7a na Cisjord\u00e2nia, com mais opera\u00e7\u00f5es e mais checkpoints no interior do territ\u00f3rio ocupado.<\/p>\n","protected":false},"excerpt":{"rendered":"Tr\u00eas ataques de colonos na noite de quinta-feira e manh\u00e3 desta sexta deixaram v\u00e1rios feridos e dois deles,&hellip;\n","protected":false},"author":2,"featured_media":30606,"comment_status":"","ping_status":"","sticky":false,"template":"","format":"standard","meta":{"footnotes":""},"categories":[50],"tags":[27,28,7191,15,16,14,10128,259,25,26,21,22,432,62,12,13,19,20,23,24,17,18,29,30,31,63,64,65],"class_list":{"0":"post-30605","1":"post","2":"type-post","3":"status-publish","4":"format-standard","5":"has-post-thumbnail","7":"category-mundo","8":"tag-breaking-news","9":"tag-breakingnews","10":"tag-cisjordania","11":"tag-featured-news","12":"tag-featurednews","13":"tag-headlines","14":"tag-hebron","15":"tag-israel","16":"tag-latest-news","17":"tag-latestnews","18":"tag-main-news","19":"tag-mainnews","20":"tag-medio-oriente","21":"tag-mundo","22":"tag-news","23":"tag-noticias","24":"tag-noticias-principais","25":"tag-noticiasprincipais","26":"tag-principais-noticias","27":"tag-principaisnoticias","28":"tag-top-stories","29":"tag-topstories","30":"tag-ultimas","31":"tag-ultimas-noticias","32":"tag-ultimasnoticias","33":"tag-world","34":"tag-world-news","35":"tag-worldnews"},"share_on_mastodon":{"url":"","error":""},"_links":{"self":[{"href":"https:\/\/www.europesays.com\/pt\/wp-json\/wp\/v2\/posts\/30605","targetHints":{"allow":["GET"]}}],"collection":[{"href":"https:\/\/www.europesays.com\/pt\/wp-json\/wp\/v2\/posts"}],"about":[{"href":"https:\/\/www.europesays.com\/pt\/wp-json\/wp\/v2\/types\/post"}],"author":[{"embeddable":true,"href":"https:\/\/www.europesays.com\/pt\/wp-json\/wp\/v2\/users\/2"}],"replies":[{"embeddable":true,"href":"https:\/\/www.europesays.com\/pt\/wp-json\/wp\/v2\/comments?post=30605"}],"version-history":[{"count":0,"href":"https:\/\/www.europesays.com\/pt\/wp-json\/wp\/v2\/posts\/30605\/revisions"}],"wp:featuredmedia":[{"embeddable":true,"href":"https:\/\/www.europesays.com\/pt\/wp-json\/wp\/v2\/media\/30606"}],"wp:attachment":[{"href":"https:\/\/www.europesays.com\/pt\/wp-json\/wp\/v2\/media?parent=30605"}],"wp:term":[{"taxonomy":"category","embeddable":true,"href":"https:\/\/www.europesays.com\/pt\/wp-json\/wp\/v2\/categories?post=30605"},{"taxonomy":"post_tag","embeddable":true,"href":"https:\/\/www.europesays.com\/pt\/wp-json\/wp\/v2\/tags?post=30605"}],"curies":[{"name":"wp","href":"https:\/\/api.w.org\/{rel}","templated":true}]}}