{"id":306176,"date":"2026-03-15T23:51:06","date_gmt":"2026-03-15T23:51:06","guid":{"rendered":"https:\/\/www.europesays.com\/pt\/306176\/"},"modified":"2026-03-15T23:51:06","modified_gmt":"2026-03-15T23:51:06","slug":"portugueses-deixam-de-pagar-contas-a-tempo-incumprimento-dispara-num-ano","status":"publish","type":"post","link":"https:\/\/www.europesays.com\/pt\/306176\/","title":{"rendered":"Portugueses deixam de pagar contas a tempo: incumprimento dispara num ano"},"content":{"rendered":"<p><strong>A capacidade das fam\u00edlias portuguesas para honrarem os seus compromissos financeiros dentro do prazo sofreu uma deteriora\u00e7\u00e3o significativa no \u00faltimo ano.<\/strong> Segundo o mais recente relat\u00f3rio European Consumer Payment Report (ECPR) 2025, publicado pela Intrum, a percentagem de consumidores que <strong>afirma pagar todas as faturas a tempo caiu de 85, em 2024 para apenas 77% em 2025<\/strong>. Este recuo de oito pontos percentuais sinaliza uma rutura na resili\u00eancia financeira e sugere que a &#8220;almofada&#8221; de capital das fam\u00edlias portuguesas se esgotou perante um cen\u00e1rio onde o aumento do custo de vida e o estancamento dos sal\u00e1rios asfixiam os or\u00e7amentos dom\u00e9sticos.<\/p>\n<p><strong>O estudo, divulgado no \u00e2mbito do Dia Mundial do Consumidor, destaca um dado preocupante<\/strong> sobre a gest\u00e3o de liquidez: <strong>46% dos portugueses admitem ter utilizado o cart\u00e3o de cr\u00e9dito nos \u00faltimos seis meses para pagar contas correntes<\/strong> ou despesas b\u00e1sicas. Este recurso ao cr\u00e9dito deixou de ser uma op\u00e7\u00e3o para consumos extraordin\u00e1rios, <strong>passando a funcionar como uma extens\u00e3o do sal\u00e1rio para garantir a sobreviv\u00eancia di\u00e1ria<\/strong>.<\/p>\n<p>Lu\u00eds Salvaterra, diretor-geral da Intrum Portugal, sublinha que os dados mostram uma &#8220;press\u00e3o significativa&#8221;, notando que mesmo os consumidores que habitualmente cumprem os prazos &#8220;enfrentam cada vez mais desafios para gerir despesas inesperadas&#8221;.<\/p>\n<p>As causas do endividamento: o peso do essencial<\/p>\n<p>A an\u00e1lise da Intrum identifica o que se pode designar como o <strong>&#8220;Tri\u00e2ngulo das Bermudas&#8221; do endividamento<\/strong>, revelando que as causas para as d\u00edvidas n\u00e3o resultam de uma m\u00e1 gest\u00e3o ou de luxos, mas sim da press\u00e3o asfixiante sobre as necessidades b\u00e1sicas. Neste cen\u00e1rio, <strong>o aumento do custo de vida<\/strong> surge como o principal vil\u00e3o para 50% dos inquiridos, focando-se sobretudo na alimenta\u00e7\u00e3o e na energia. A este fator somam-se <strong>os imprevistos, como emerg\u00eancias m\u00e9dicas ou familiares<\/strong>, que afetam 43% das fam\u00edlias, e <strong>o estancamento dos sal\u00e1rios para 34% da popula\u00e7\u00e3o, cujo rendimento simplesmente n\u00e3o esticou o suficiente<\/strong> para acompanhar a infla\u00e7\u00e3o.<\/p>\n<p>A falta de liquidez no momento do pagamento \u00e9 a raz\u00e3o dada por 40% dos que se atrasam, embora 27% tamb\u00e9m apontem o &#8220;esquecimento&#8221; como fator \u2014 um sintoma que especialistas muitas vezes associam ao stress mental provocado pela precariedade financeira e pela dificuldade em gerir or\u00e7amentos no limite.<\/p>\n<p>Disparidades regionais e geracionais<\/p>\n<p>No plano geracional, as diferen\u00e7as s\u00e3o marcantes. A Gera\u00e7\u00e3o X, com 74% de respostas, afirma-se como a faixa et\u00e1ria mais fustigada pela infla\u00e7\u00e3o e pelo aumento do custo de vida. No entanto, \u00e9 <strong>a Gera\u00e7\u00e3o Z que demonstra a maior fragilidade de tesouraria e falta de liquidez imediata<\/strong>: 59% dos jovens admitem que qualquer custo inesperado \u00e9 hoje suficiente para os colocar numa situa\u00e7\u00e3o de incumprimento.<\/p>\n<p>O estudo da Intrum, empresa l\u00edder europeia no setor de servi\u00e7os de gest\u00e3o de cr\u00e9dito, com presen\u00e7a em 20 mercados, demonstra que <strong>a press\u00e3o financeira n\u00e3o \u00e9 sentida da mesma forma em todo o territ\u00f3rio nacional<\/strong>. Nas Regi\u00f5es Aut\u00f3nomas da Madeira e dos A\u00e7ores, a queixa sobre o custo de vida atinge o pico nacional, afetando 71% dos consumidores. Em contraste, o Alentejo revela-se como a zona mais vulner\u00e1vel a imprevistos, com 82% dos inquiridos a apontarem despesas inesperadas como causa direta de d\u00edvida, enquanto na \u00c1rea Metropolitana de Lisboa a principal frustra\u00e7\u00e3o reside no desfasamento entre sal\u00e1rios e o custo de vida, uma realidade para 56% dos consumidores locais.<\/p>\n","protected":false},"excerpt":{"rendered":"A capacidade das fam\u00edlias portuguesas para honrarem os seus compromissos financeiros dentro do prazo sofreu uma deteriora\u00e7\u00e3o significativa&hellip;\n","protected":false},"author":2,"featured_media":306177,"comment_status":"","ping_status":"","sticky":false,"template":"","format":"standard","meta":{"footnotes":"","_share_on_mastodon":"0"},"categories":[83],"tags":[88,2395,27755,54680,89,90,54678,1347,54679,28372,32,33],"class_list":["post-306176","post","type-post","status-publish","format-standard","has-post-thumbnail","category-empresas","tag-business","tag-credito","tag-custo-de-vida","tag-dia-do-consumidor","tag-economy","tag-empresas","tag-endividamento","tag-estudo","tag-incumprimento","tag-poder-de-compra","tag-portugal","tag-pt"],"share_on_mastodon":{"url":"https:\/\/pubeurope.com\/@pt\/116235880754895704","error":""},"_links":{"self":[{"href":"https:\/\/www.europesays.com\/pt\/wp-json\/wp\/v2\/posts\/306176","targetHints":{"allow":["GET"]}}],"collection":[{"href":"https:\/\/www.europesays.com\/pt\/wp-json\/wp\/v2\/posts"}],"about":[{"href":"https:\/\/www.europesays.com\/pt\/wp-json\/wp\/v2\/types\/post"}],"author":[{"embeddable":true,"href":"https:\/\/www.europesays.com\/pt\/wp-json\/wp\/v2\/users\/2"}],"replies":[{"embeddable":true,"href":"https:\/\/www.europesays.com\/pt\/wp-json\/wp\/v2\/comments?post=306176"}],"version-history":[{"count":0,"href":"https:\/\/www.europesays.com\/pt\/wp-json\/wp\/v2\/posts\/306176\/revisions"}],"wp:featuredmedia":[{"embeddable":true,"href":"https:\/\/www.europesays.com\/pt\/wp-json\/wp\/v2\/media\/306177"}],"wp:attachment":[{"href":"https:\/\/www.europesays.com\/pt\/wp-json\/wp\/v2\/media?parent=306176"}],"wp:term":[{"taxonomy":"category","embeddable":true,"href":"https:\/\/www.europesays.com\/pt\/wp-json\/wp\/v2\/categories?post=306176"},{"taxonomy":"post_tag","embeddable":true,"href":"https:\/\/www.europesays.com\/pt\/wp-json\/wp\/v2\/tags?post=306176"}],"curies":[{"name":"wp","href":"https:\/\/api.w.org\/{rel}","templated":true}]}}