{"id":306255,"date":"2026-03-16T01:04:12","date_gmt":"2026-03-16T01:04:12","guid":{"rendered":"https:\/\/www.europesays.com\/pt\/306255\/"},"modified":"2026-03-16T01:04:12","modified_gmt":"2026-03-16T01:04:12","slug":"se-este-criminoso-assassino-de-criancas-ainda-estiver-vivo-continuaremos-a-caca-lo-e-a-mata-lo-guarda-revolucionaria-do-irao-garante-que-vai-atras-de-netanyahu","status":"publish","type":"post","link":"https:\/\/www.europesays.com\/pt\/306255\/","title":{"rendered":"&#8220;Se este criminoso assassino de crian\u00e7as ainda estiver vivo, continuaremos a ca\u00e7\u00e1-lo e a mat\u00e1-lo&#8221;: Guarda Revolucion\u00e1ria do Ir\u00e3o garante que vai atr\u00e1s de Netanyahu"},"content":{"rendered":"<p>\t                Em retalia\u00e7\u00e3o pela ofensiva lan\u00e7ada em 28 de fevereiro, o Ir\u00e3o condicionou o tr\u00e1fego no estreito de Ormuz e lan\u00e7ou ataques contra alvos em Israel<\/p>\n<p>A Guarda Revolucion\u00e1ria iraniana prometeu este domingo &#8220;ca\u00e7ar e matar&#8221; o primeiro-ministro israelita, Benjamin Netanyahu, no 16.\u00ba dia do conflito desencadeados pelos ataques de Israel e Estados Unidos contra o Ir\u00e3o.<\/p>\n<p>&#8220;Se este criminoso assassino de crian\u00e7as ainda estiver vivo, continuaremos a ca\u00e7\u00e1-lo e a mat\u00e1-lo com todas as nossas for\u00e7as&#8221;, escreveu a Guarda num comunicado.<\/p>\n<p>Em retalia\u00e7\u00e3o pela ofensiva lan\u00e7ada em 28 de fevereiro, o Ir\u00e3o condicionou o tr\u00e1fego no estreito de Ormuz e lan\u00e7ou ataques contra alvos em Israel, bases norte-americanas e outras infraestruturas em pa\u00edses da regi\u00e3o como Ar\u00e1bia Saudita, Bahrein, Emirados \u00c1rabes Unidos, Qatar, Kuwait, L\u00edbano, Jord\u00e2nia, Om\u00e3 e Iraque.<\/p>\n<p>Incidentes com proj\u00e9teis iranianos foram tamb\u00e9m registados em Chipre, na Turquia e no Azerbaij\u00e3o.<\/p>\n<p>Os Emirados \u00c1rabes Unidos relataram este domingo um novo ataque com m\u00edsseis lan\u00e7ado a partir do Ir\u00e3o, com as autoridades a aconselharem os residentes a abrigarem-se em locais seguros.<\/p>\n<p>O gabinete de imprensa de Abu Dhabi, capital do pa\u00eds, informou sobre um inc\u00eandio iniciado por um drone que atingiu uma instala\u00e7\u00e3o petrol\u00edfera na zona de Ruwais, que foi posteriormente controlado.<\/p>\n<p>O gabinete de imprensa no Dubai, tamb\u00e9m nos Emirados \u00c1rabes Unidos, informou que os sistemas de defesa a\u00e9rea intercetaram drones nas zonas de Marina e Al Sufouh.<\/p>\n<p>O pa\u00eds tem &#8220;o direito de se defender&#8221; contra os ataques iranianos, mas continua a optar pela modera\u00e7\u00e3o, sublinhou na rede social Anwar Gargash, conselheiro da presid\u00eancial emirati.<\/p>\n<p>Os Emirados \u00c1rabes Unidos &#8220;fizeram esfor\u00e7os sinceros at\u00e9 ao \u00faltimo momento para mediar entre Washington e Teer\u00e3o de forma a evitar esta guerra&#8221;, acrescentou Gargash.<\/p>\n<p>O Ir\u00e3o alertou que considera os portos dos Emirados \u00c1rabes Unidos alvos leg\u00edtimos e classificou como &#8220;uma piada&#8221; o apoio prometido pela Ucr\u00e2nia aos aliados dos Estados Unidos no Golfo na luta contra os drones.<\/p>\n<p>Na Ar\u00e1bia Saudita, o Minist\u00e9rio da Defesa informou ter intercetado pelo menos 12 drones nas \u00faltimas quatro horas, em v\u00e1rias mensagens publicadas na rede social X.<\/p>\n<p>A Guarda Nacional do Kuwait informou ter abatido cinco drones nas \u00faltimas 24 horas.<\/p>\n<p>Anteriormente, as mesmas autoridades reportaram ataques de drones contra sistemas de radar no Aeroporto Internacional do Kuwait, bem como na base a\u00e9rea de Ahmad Al Jaber, ferindo tr\u00eas soldados.<\/p>\n<p>Fortes explos\u00f5es foram ouvidas em Manama, capital do Bahrein, segundo dois jornalistas da ag\u00eancia de not\u00edcias France-Presse presentes no local.<\/p>\n<p>Desde o in\u00edcio da guerra, o Bahrein afirma ter intercetado 125 m\u00edsseis iranianos e 203 drones, al\u00e9m de ter registado duas mortes. Noutros pa\u00edses do Golfo, estes ataques resultaram em 24 mortes.<\/p>\n<p>&#8220;O que estamos a fazer \u00e9 simplesmente aplicar o conhecido princ\u00edpio de olho por olho&#8221;, declarou, no s\u00e1bado, o ministro dos neg\u00f3cios estrangeiros do Ir\u00e3o, Abbas Araqhchi.<\/p>\n","protected":false},"excerpt":{"rendered":"Em retalia\u00e7\u00e3o pela ofensiva lan\u00e7ada em 28 de fevereiro, o Ir\u00e3o condicionou o tr\u00e1fego no estreito de Ormuz&hellip;\n","protected":false},"author":2,"featured_media":91876,"comment_status":"","ping_status":"","sticky":false,"template":"","format":"standard","meta":{"footnotes":"","_share_on_mastodon":"0"},"categories":[50],"tags":[609,836,611,3391,27,28,607,608,333,832,604,135,610,476,413,15,16,301,830,14,5453,259,603,25,26,570,21,22,831,833,3019,62,834,7626,12,13,19,20,835,602,52,32,23,24,17,18,29,30,31,63,64,65],"class_list":["post-306255","post","type-post","status-publish","format-standard","has-post-thumbnail","category-mundo","tag-alerta","tag-analise","tag-ao-minuto","tag-ataques","tag-breaking-news","tag-breakingnews","tag-cnn","tag-cnn-portugal","tag-comentadores","tag-costa","tag-crime","tag-desporto","tag-direto","tag-economia","tag-eua","tag-featured-news","tag-featurednews","tag-governo","tag-guerra","tag-headlines","tag-irao","tag-israel","tag-justica","tag-latest-news","tag-latestnews","tag-live","tag-main-news","tag-mainnews","tag-mais-vistas","tag-marcelo","tag-mortos","tag-mundo","tag-negocios","tag-netanyahu","tag-news","tag-noticias","tag-noticias-principais","tag-noticiasprincipais","tag-opiniao","tag-pais","tag-politica","tag-portugal","tag-principais-noticias","tag-principaisnoticias","tag-top-stories","tag-topstories","tag-ultimas","tag-ultimas-noticias","tag-ultimasnoticias","tag-world","tag-world-news","tag-worldnews"],"share_on_mastodon":{"url":"","error":"Validation failed: Text character limit of 500 exceeded"},"_links":{"self":[{"href":"https:\/\/www.europesays.com\/pt\/wp-json\/wp\/v2\/posts\/306255","targetHints":{"allow":["GET"]}}],"collection":[{"href":"https:\/\/www.europesays.com\/pt\/wp-json\/wp\/v2\/posts"}],"about":[{"href":"https:\/\/www.europesays.com\/pt\/wp-json\/wp\/v2\/types\/post"}],"author":[{"embeddable":true,"href":"https:\/\/www.europesays.com\/pt\/wp-json\/wp\/v2\/users\/2"}],"replies":[{"embeddable":true,"href":"https:\/\/www.europesays.com\/pt\/wp-json\/wp\/v2\/comments?post=306255"}],"version-history":[{"count":0,"href":"https:\/\/www.europesays.com\/pt\/wp-json\/wp\/v2\/posts\/306255\/revisions"}],"wp:featuredmedia":[{"embeddable":true,"href":"https:\/\/www.europesays.com\/pt\/wp-json\/wp\/v2\/media\/91876"}],"wp:attachment":[{"href":"https:\/\/www.europesays.com\/pt\/wp-json\/wp\/v2\/media?parent=306255"}],"wp:term":[{"taxonomy":"category","embeddable":true,"href":"https:\/\/www.europesays.com\/pt\/wp-json\/wp\/v2\/categories?post=306255"},{"taxonomy":"post_tag","embeddable":true,"href":"https:\/\/www.europesays.com\/pt\/wp-json\/wp\/v2\/tags?post=306255"}],"curies":[{"name":"wp","href":"https:\/\/api.w.org\/{rel}","templated":true}]}}