{"id":30662,"date":"2025-08-15T15:37:10","date_gmt":"2025-08-15T15:37:10","guid":{"rendered":"https:\/\/www.europesays.com\/pt\/30662\/"},"modified":"2025-08-15T15:37:10","modified_gmt":"2025-08-15T15:37:10","slug":"ultima-gala-do-big-brother-verao-marcada-por-barracada-entre-as-teams-de-apoio-de-catarina-miranda-e-bruno-de-carvalho","status":"publish","type":"post","link":"https:\/\/www.europesays.com\/pt\/30662\/","title":{"rendered":"\u00daltima gala do Big Brother Ver\u00e3o marcada por &#8216;barracada&#8217; entre as teams de apoio de Catarina Miranda e Bruno de Carvalho"},"content":{"rendered":"<p>\t\t\t\t\t\t\t\t\t\t\t\t<a href=\"#\" onclick=\"window.open('http:\/\/www.facebook.com\/sharer.php?u=https:\/\/cusquices.com\/ultima-gala-do-big-brother-verao-marcada-por-barracada-entre-as-teams-de-apoio-de-catarina-miranda-e-bruno-de-carvalho\/&amp;t=\u00daltima gala do Big Brother Ver\u00e3o marcada por \u2018barracada\u2019 entre as teams de apoio de Catarina Miranda e Bruno de Carvalho', 'facebookShare', 'width=626,height=436'); return false;\" title=\"Share on Facebook\"><\/p>\n<p>Share<\/p>\n<p><\/a><br \/>\n\t\t\t\t\t\t\t\t\t\t\t\t<a href=\"#\" onclick=\"window.open('http:\/\/twitter.com\/share?text=\u00daltima gala do Big Brother Ver\u00e3o marcada por \u2018barracada\u2019 entre as teams de apoio de Catarina Miranda e Bruno de Carvalho -&amp;url=https:\/\/cusquices.com\/ultima-gala-do-big-brother-verao-marcada-por-barracada-entre-as-teams-de-apoio-de-catarina-miranda-e-bruno-de-carvalho\/', 'twitterShare', 'width=626,height=436'); return false;\" title=\"Tweet This Post\"><\/p>\n<p>Tweet<\/p>\n<p><\/a><br \/>\n\t\t\t\t\t\t\t\t\t\t\t\t<a href=\"whatsapp:\/\/send?text=\u00daltima gala do Big Brother Ver\u00e3o marcada por \u2018barracada\u2019 entre as teams de apoio de Catarina Miranda e Bruno de Carvalho https:\/\/cusquices.com\/ultima-gala-do-big-brother-verao-marcada-por-barracada-entre-as-teams-de-apoio-de-catarina-miranda-e-bruno-de-carvalho\/\" rel=\"nofollow\"><\/p>\n<p>Share<\/p>\n<p><\/a><br \/>\n\t\t\t\t\t\t\t\t\t\t\t\t<a href=\"#\" onclick=\"window.open('http:\/\/pinterest.com\/pin\/create\/button\/?url=https:\/\/cusquices.com\/ultima-gala-do-big-brother-verao-marcada-por-barracada-entre-as-teams-de-apoio-de-catarina-miranda-e-bruno-de-carvalho\/&amp;media=https:\/\/cusquices.com\/wp-content\/uploads\/2025\/07\/cmiranda-brunoc-1000x600.jpg&amp;description=\u00daltima gala do Big Brother Ver\u00e3o marcada por \u2018barracada\u2019 entre as teams de apoio de Catarina Miranda e Bruno de Carvalho', 'pinterestShare', 'width=750,height=350'); return false;\" title=\"Pin This Post\"><\/p>\n<p>Share<\/p>\n<p><\/a><br \/>\n\t\t\t\t\t\t\t\t\t\t\t\t<a href=\"mailto:?subject=\u00daltima gala do Big Brother Ver\u00e3o marcada por \u2018barracada\u2019 entre as teams de apoio de Catarina Miranda e Bruno de Carvalho&amp;BODY=I found this article interesting and thought of sharing it with you. Check it out: https:\/\/cusquices.com\/ultima-gala-do-big-brother-verao-marcada-por-barracada-entre-as-teams-de-apoio-de-catarina-miranda-e-bruno-de-carvalho\/\"><\/p>\n<p>Email<\/p>\n<p><\/a><br \/>\n\t\t\t\t\t\t\t\t\t\t\t\t\t\t\t\t\t\t\t\t\t\t\t\t\t\t\t\t\t\t\t\t\t\t\t\t\t\t\t\t\t\t\t\t\t\t\t\t\t\t\t\t\t<a href=\"https:\/\/cusquices.com\/ultima-gala-do-big-brother-verao-marcada-por-barracada-entre-as-teams-de-apoio-de-catarina-miranda-e-bruno-de-carvalho\/#respond\" rel=\"nofollow noopener\" target=\"_blank\"><\/p>\n<p>Guerras entre Teams deixou a gala do Big Brother Ver\u00e3o ao rubro nos est\u00fadios da Venda do Pinheiro.<\/p>\n<p><strong>Bruno de Carvalho e Catarina Miranda<\/strong> protagonizaram acesos confrontos na casa mais vigiada do pa\u00eds. O ex-presidente do Sporting n\u00e3o suportava as constantes provoca\u00e7\u00f5es da jovem de Almeirim e de <strong>Afonso Leit\u00e3o<\/strong> e acabou por ser expulso do programa, exatamente por um confronto com <strong>Afonso.<\/strong><\/p>\n<p>Mas a guerra n\u00e3o se passa s\u00f3 na casa mais vigiada do pa\u00eds, pois c\u00e1 fora os \u00e2nimos tamb\u00e9m t\u00eam estado exaltado entre as teams de apoio dos concorrentes. <\/p>\n<p>Segundo a revista <strong>TV7 Dias,<\/strong> a \u00faltima gala do <strong>Big Brother Ver\u00e3o<\/strong>, do passado domingo, 10 de agosto, ficou marcada por um grande barraco entre as Teams de apoio de <strong>Catarina Miranda e Bruno de Carvalho.<\/strong><\/p>\n<p>Tudo come\u00e7ou, porque alegadamente uma amiga de Bruno de Carvalho  fez um \u201cpirete\u201d.  <strong>\u201cO que aconteceu foi que estamos aqui sentados e, enquanto houve aquela pol\u00e9mica dos apoiantes da Miranda, n\u00f3s batemos palmas. Isso parece que ofendeu muito os apoiantes do Bruno de Carvalho. At\u00e9 ai tudo bem. Agora, eu n\u00e3o posso admitir que me fa\u00e7a piretes, me chame pelo nome de P [N.R.: Put*], muito menos \u00e0s pessoas que est\u00e3o aqui sentadas todas as semanas. Eles, l\u00e1 dentro, apelam tanto ao respeito pela idade e aquela senhora desrespeitou uma senhora [N.R.: Outra f\u00e3] e desrespeitou-me a mim. Se querem ser respeitadas, respeitem. Eu sou bem criada e estou aqui a apoiar uma concorrente e n\u00e3o vou admitir que, do outro lado, profiram ofensas ao lado de c\u00e1. Foi s\u00f3 isso que aconteceu. Exalt\u00e1mo-nos, efetivamente, porque respondemos ao que veio do lado de l\u00e1, dos apoiantes do Bruno de Carvalho, que nos ofenderam com nomes muito impr\u00f3prios\u201d<\/strong>.<\/p>\n<p>Outra f\u00e3 de Catarina Miranda contou ainda \u00e0 revista:<strong> \u201cAquela senhora mostra-nos o dedo do meio quando ele foi salvo. Foi a euforia, eu compreendo, mas h\u00e1 limites e os limites foram ultrapassados. Por isso \u00e9 que, no meio do direto, tivemos que intervir\u201d, acrescenta. \u201cEu tive que intervir porque olho para a senhora e a senhora estava a olhar para n\u00f3s a dizer \u2018put*s&#8217;\u201d<\/strong>.<\/p>\n<p>No entanto, os f\u00e3s de Bruno de Carvalho contam outra vers\u00e3o e afirmam que se exaltaram porque ouviram as f\u00e3s de Miranda a chamar-lhe: <strong>\u201cporco e ordin\u00e1rio\u201d<\/strong>. Mas as f\u00e3s de Miranda negam ter insultado o ex-presidente do Sporting: <strong>\u201cPorco e ordin\u00e1rio n\u00e3o foi proferido daqui. Simplesmente resolvemos bater palmas quando o senhor Bruno de Carvalho nos quis  expulsar como apoiantes da Catarina Miranda.\u201d<\/strong><\/p>\n<p>A amiga do ex-presidente do Sporting garante: \u201c<strong>Eu disse \u2018reles\u2019 n\u00e3o disse esse nome, e fiz um manguito com os bra\u00e7os sim. N\u00e3o admito mais que chamem ordin\u00e1rio ao Bruno. Achei reles da parte deles estarem a chamar porco e ordin\u00e1rio ao Bruno. J\u00e1 basta nas redes sociais tudo o que leio por l\u00e1, mas estar a ler \u00e9 mais frio. Agora, ouvir em plena gala n\u00e3o d\u00e1\u201d<\/strong> e indignada esclarece ainda: <strong>\u201cTem de haver limites. Numa gala estar a chamar ordin\u00e1rio, como fazem nas redes, n\u00e3o admito. Sou amiga dele h\u00e1 muitos anos e, para mim, \u00e9 muito feio deixarem rebaixar um concorrente com familiares ali. Se n\u00e3o metem um trav\u00e3o naquelas pessoas algu\u00e9m tem que meter. Isto \u00e9 bullying e tem que haver algu\u00e9m que defenda e que  fa\u00e7a frente a estas pessoas. \u00c9 tanta a vez que ele \u00e9 ofendido que chega a ser vergonhoso. N\u00e3o se justifica deixarem fazer isso. A fam\u00edlia est\u00e1 saturada e psicologicamente afetada. Os pais dele, que s\u00e3o pessoas de idade, est\u00e3o a sofrer imenso com isto\u201d.<\/strong><\/p>\n<p><strong>Leia tamb\u00e9m:<\/strong><\/p>\n<p>\t\t\t\t\t\t\t\t\t\t\t\t\t\t\t\t\t\t\t\t\t\t\t\t\t<img decoding=\"async\" src=\"https:\/\/www.europesays.com\/pt\/wp-content\/uploads\/2025\/07\/cusquices-logo-52x.png\" class=\"webpexpress-processed\"\/><\/p>\n<p>\t\t\t\t\t\t\t\t\t\t\t\t\t\t\t\t\t\t\t\t\t            \t\t\t\t\t\t\t\t\t\t\t\t\t\t\t\t\t\t\t\t\t\t\t\t\t\t\t\t\t\t\t\t\t\t\t\t\t\t\t<script async src=\"https:\/\/platform.twitter.com\/widgets.js\" charset=\"utf-8\"><\/script><\/p>\n","protected":false},"excerpt":{"rendered":"Share Tweet Share Share Email Guerras entre Teams deixou a gala do Big Brother Ver\u00e3o ao rubro nos&hellip;\n","protected":false},"author":2,"featured_media":11546,"comment_status":"","ping_status":"","sticky":false,"template":"","format":"standard","meta":{"footnotes":""},"categories":[85],"tags":[48,341,342,49,114,115,32,33],"class_list":{"0":"post-30662","1":"post","2":"type-post","3":"status-publish","4":"format-standard","5":"has-post-thumbnail","7":"category-entretenimento","8":"tag-big-brother","9":"tag-bruno-de-carvalho","10":"tag-catarina-miranda","11":"tag-destaques","12":"tag-entertainment","13":"tag-entretenimento","14":"tag-portugal","15":"tag-pt"},"share_on_mastodon":{"url":"","error":""},"_links":{"self":[{"href":"https:\/\/www.europesays.com\/pt\/wp-json\/wp\/v2\/posts\/30662","targetHints":{"allow":["GET"]}}],"collection":[{"href":"https:\/\/www.europesays.com\/pt\/wp-json\/wp\/v2\/posts"}],"about":[{"href":"https:\/\/www.europesays.com\/pt\/wp-json\/wp\/v2\/types\/post"}],"author":[{"embeddable":true,"href":"https:\/\/www.europesays.com\/pt\/wp-json\/wp\/v2\/users\/2"}],"replies":[{"embeddable":true,"href":"https:\/\/www.europesays.com\/pt\/wp-json\/wp\/v2\/comments?post=30662"}],"version-history":[{"count":0,"href":"https:\/\/www.europesays.com\/pt\/wp-json\/wp\/v2\/posts\/30662\/revisions"}],"wp:featuredmedia":[{"embeddable":true,"href":"https:\/\/www.europesays.com\/pt\/wp-json\/wp\/v2\/media\/11546"}],"wp:attachment":[{"href":"https:\/\/www.europesays.com\/pt\/wp-json\/wp\/v2\/media?parent=30662"}],"wp:term":[{"taxonomy":"category","embeddable":true,"href":"https:\/\/www.europesays.com\/pt\/wp-json\/wp\/v2\/categories?post=30662"},{"taxonomy":"post_tag","embeddable":true,"href":"https:\/\/www.europesays.com\/pt\/wp-json\/wp\/v2\/tags?post=30662"}],"curies":[{"name":"wp","href":"https:\/\/api.w.org\/{rel}","templated":true}]}}