{"id":30667,"date":"2025-08-15T15:43:12","date_gmt":"2025-08-15T15:43:12","guid":{"rendered":"https:\/\/www.europesays.com\/pt\/30667\/"},"modified":"2025-08-15T15:43:12","modified_gmt":"2025-08-15T15:43:12","slug":"e-a-hora-do-adeus-para-andreia-rodrigues-apresentadora-encerra-ciclo","status":"publish","type":"post","link":"https:\/\/www.europesays.com\/pt\/30667\/","title":{"rendered":"\u00c9 a hora do adeus para Andreia Rodrigues: apresentadora encerra ciclo!"},"content":{"rendered":"<p>Nestas \u00faltimas semanas, <a href=\"https:\/\/selfie.iol.pt\/famosos\/andreia-rodrigues\/andreia-rodrigues-em-biquini-cada-corpo-e-um-corpo-e-nao-deve-ser-julgado\/20250809\/689720e0d34e3f0baea17312\" target=\"_blank\" rel=\"nofollow noopener\">Andreia Rodrigues<\/a> apresentou o programa &#8220;J\u00falia&#8221;, em substitui\u00e7\u00e3o de <a href=\"https:\/\/selfie.iol.pt\/famosos\/rui-pego\/o-melhor-momento-das-minhas-ferias-julia-pinheiro-surge-com-bebe-ao-colo\/20250812\/689b52e3d34ef72ee4495d91\" target=\"_blank\" rel=\"nofollow noopener\">J\u00falia Pinheiro<\/a>, que se encontra de f\u00e9rias.<\/p>\n<p>Entretanto, tendo terminado mais este desafio profissional, a comunicadora, de 41 anos, deixou uma mensagem de despedida, atrav\u00e9s do Instagram.<\/p>\n<p>&#8220;Obrigada por todo o carinho e palavras bonitas que recebi nestas \u00faltimas tr\u00eas semanas&#8221;, assinalou Andreia Rodrigues.<\/p>\n<p>Veja, agora, algumas das melhores imagens de Andreia Rodrigues nas galerias de fotografias que prepar\u00e1mos para si.<\/p>\n<p><img decoding=\"async\" alt=\"\" onclick=\"\" src=\"https:\/\/www.europesays.com\/pt\/wp-content\/uploads\/2025\/08\/1755272592_331_1024.jpeg\" title=\"Andreia Rodrigues\"\/><\/p>\n","protected":false},"excerpt":{"rendered":"Nestas \u00faltimas semanas, Andreia Rodrigues apresentou o programa &#8220;J\u00falia&#8221;, em substitui\u00e7\u00e3o de J\u00falia Pinheiro, que se encontra de&hellip;\n","protected":false},"author":2,"featured_media":30668,"comment_status":"","ping_status":"","sticky":false,"template":"","format":"standard","meta":{"footnotes":""},"categories":[145],"tags":[10137,3539,211,210,114,115,980,1015,2413,619,32,33,1012,1751],"class_list":{"0":"post-30667","1":"post","2":"type-post","3":"status-publish","4":"format-standard","5":"has-post-thumbnail","7":"category-celebridades","8":"tag-andreia-rodrigues","9":"tag-apresentadora","10":"tag-celebridades","11":"tag-celebrities","12":"tag-entertainment","13":"tag-entretenimento","14":"tag-famosos","15":"tag-instagram","16":"tag-julia","17":"tag-nacional","18":"tag-portugal","19":"tag-pt","20":"tag-selfie","21":"tag-sic"},"share_on_mastodon":{"url":"","error":""},"_links":{"self":[{"href":"https:\/\/www.europesays.com\/pt\/wp-json\/wp\/v2\/posts\/30667","targetHints":{"allow":["GET"]}}],"collection":[{"href":"https:\/\/www.europesays.com\/pt\/wp-json\/wp\/v2\/posts"}],"about":[{"href":"https:\/\/www.europesays.com\/pt\/wp-json\/wp\/v2\/types\/post"}],"author":[{"embeddable":true,"href":"https:\/\/www.europesays.com\/pt\/wp-json\/wp\/v2\/users\/2"}],"replies":[{"embeddable":true,"href":"https:\/\/www.europesays.com\/pt\/wp-json\/wp\/v2\/comments?post=30667"}],"version-history":[{"count":0,"href":"https:\/\/www.europesays.com\/pt\/wp-json\/wp\/v2\/posts\/30667\/revisions"}],"wp:featuredmedia":[{"embeddable":true,"href":"https:\/\/www.europesays.com\/pt\/wp-json\/wp\/v2\/media\/30668"}],"wp:attachment":[{"href":"https:\/\/www.europesays.com\/pt\/wp-json\/wp\/v2\/media?parent=30667"}],"wp:term":[{"taxonomy":"category","embeddable":true,"href":"https:\/\/www.europesays.com\/pt\/wp-json\/wp\/v2\/categories?post=30667"},{"taxonomy":"post_tag","embeddable":true,"href":"https:\/\/www.europesays.com\/pt\/wp-json\/wp\/v2\/tags?post=30667"}],"curies":[{"name":"wp","href":"https:\/\/api.w.org\/{rel}","templated":true}]}}