{"id":307086,"date":"2026-03-16T17:31:28","date_gmt":"2026-03-16T17:31:28","guid":{"rendered":"https:\/\/www.europesays.com\/pt\/307086\/"},"modified":"2026-03-16T17:31:28","modified_gmt":"2026-03-16T17:31:28","slug":"iphone-17-despenca-de-preco-e-fica-com-quase-30-de-desconto","status":"publish","type":"post","link":"https:\/\/www.europesays.com\/pt\/307086\/","title":{"rendered":"iPhone 17 despenca de pre\u00e7o e fica com quase 30% de desconto"},"content":{"rendered":"<p>Encontramos uma <a class=\"lib tg-lib\" href=\"https:\/\/www.oficinadanet.com.br\/ofertas\" rel=\"nofollow noopener\" target=\"_blank\">oferta<\/a> imperd\u00edvel do <a class=\"tg-link-manual\" href=\"https:\/\/www.oficinadanet.com.br\/smartphones\/apple-iphone-17\" rel=\"nofollow noopener\" target=\"_blank\"><strong>iPhone 17<\/strong><\/a>. Lan\u00e7ado por R$ 7.999, o aparelho agora est\u00e1 dispon\u00edvel na <strong>Shopee <\/strong>por <strong>R$ 5.907<\/strong>, uma <strong>redu\u00e7\u00e3o de 26%<\/strong><strong\/>. Esse \u00e9 um dos menores pre\u00e7os j\u00e1 registrados por nosso sistema, fazendo dele uma excelente escolha para quem quer um <a class=\"lib tg-lib\" href=\"https:\/\/www.oficinadanet.com.br\/iphone\" rel=\"nofollow noopener\" target=\"_blank\">iPhone<\/a> com desempenho de sobra, c\u00e2meras avan\u00e7adas e resist\u00eancia \u00e0 \u00e1gua.<\/p>\n<p>Onde est\u00e1 a oferta?<\/p>\n<p>            &#13;<br \/>\n                    &#13;<br \/>\n                        &#13;<br \/>\n                        &#13;<br \/>\n                        &#13;<br \/>\n                        &#13;<br \/>\n                        <img decoding=\"async\" loading=\"lazy\" width=\"330\" height=\"167\" src=\"https:\/\/www.europesays.com\/pt\/wp-content\/uploads\/2026\/03\/iphone17-shopee-2.png\"  alt=\"Oferta do iPhone 17\" title=\"Oferta do iPhone 17\"\/>&#13;<br \/>\n                    Oferta do <a href=\"https:\/\/www.oficinadanet.com.br\/smartphones\/apple-iphone-17\" class=\"lib tg-lib\" rel=\"nofollow  noopener\" target=\"_blank\">iPhone 17<\/a>&#13;<\/p>\n<p>O<strong> iPhone 17<\/strong> est\u00e1 dispon\u00edvel na <strong>Shopee <\/strong>por <strong>R$ 5.907 \u00e0 vista no Pix<\/strong>. D\u00e1 para parcelar por R$ 6.421 em at\u00e9 12x de R$ 535,08 sem juros.<\/p>\n<ul class=\"obj-precos\">&#13;<\/p>\n<li class=\"row\">&#13;<br \/>\n                    &#13;<br \/>\n                        R$ 5.907,32&#13;<br \/>\n                        <img decoding=\"async\" loading=\"lazy\" width=\"100\" height=\"35\" class=\"img \" src=\"https:\/\/www.europesays.com\/pt\/wp-content\/uploads\/2026\/03\/shopee_1.jpg\" alt=\"Shopee\" title=\"Shopee\"\/>&#13;<br \/>\n                    &#13;<br \/>\n                    &#13;<br \/>\n                        iPhone 17 256GB 8GB 6,3 &#8211; Novo &#8211; Original &#8211; Nota Fiscal&#13;<br \/>\n                        &#13;<br \/>\n                        <a class=\"button button-secondary tg-btn-oferta\" href=\"https:\/\/www.oficinadanet.com.br\/go\/doecl3\" target=\"_blank\" rel=\"nofollow noopener\" role=\"button\">Ver oferta<\/a>&#13;<br \/>\n                        &#13;<br \/>\n                    &#13;\n                <\/li>\n<p>&#13;\n        <\/ul>\n<p><strong>Ofertas em tempo real<\/strong> \ud83d\udd25<\/p>\n<p>N\u00e3o perca nenhuma promo\u00e7\u00e3o! Acompanhe nossos canais:<\/p>\n<p>O que o iPhone 17 oferece?<\/p>\n<p>O <strong data-end=\"15\">iPhone 17<\/strong> chegou ao mercado em 9 de setembro de 2025, sendo a porta de entrada da nova gera\u00e7\u00e3o da <a class=\"lib tg-lib\" href=\"https:\/\/www.oficinadanet.com.br\/apple\" rel=\"nofollow noopener\" target=\"_blank\">Apple<\/a>, mas sem abrir m\u00e3o de desempenho de ponta e recursos premium. O design segue sofisticado, com estrutura em tit\u00e2nio e vidro resistente Corning, al\u00e9m de certifica\u00e7\u00e3o <strong>IP68 <\/strong>contra \u00e1gua e poeira.<\/p>\n<p>A tela \u00e9 uma <strong data-end=\"503\">LTPO Super Retina XDR OLED <\/strong>de<strong data-end=\"503\"> 6,3 polegadas<\/strong>, com resolu\u00e7\u00e3o de 1206 x 2622 pixels, taxa de atualiza\u00e7\u00e3o de <strong data-end=\"579\">120 Hz<\/strong> e suporte a <strong data-end=\"616\">Dolby Vision <\/strong>e <strong data-end=\"616\">HDR10<\/strong>. Por dentro, o smartphone vem equipado com o chip <strong data-end=\"724\">Apple A19 (3 nm) <\/strong>e <strong data-end=\"761\">8 GB de RAM<\/strong>, entregando velocidade de sobra tanto para o uso di\u00e1rio quanto para jogos e edi\u00e7\u00e3o de v\u00eddeos. Ele est\u00e1 dispon\u00edvel em vers\u00f5es de <strong data-end=\"917\">256 GB <\/strong>e <strong data-end=\"917\">512 GB<\/strong> de armazenamento interno.<\/p>\n<p>            &#13;<br \/>\n                    &#13;<br \/>\n                        &#13;<br \/>\n                        &#13;<br \/>\n                        &#13;<br \/>\n                        &#13;<br \/>\n                        <img decoding=\"async\" loading=\"lazy\" width=\"330\" height=\"186\" src=\"https:\/\/www.europesays.com\/pt\/wp-content\/uploads\/2026\/03\/iphone-17-1.png\"  alt=\"iPhone 17\" title=\"iPhone 17\"\/>&#13;<br \/>\n                    iPhone 17&#13;<\/p>\n<p>No conjunto de c\u00e2meras, traz um sensor principal de <strong data-end=\"1060\">48 MP<\/strong> com estabiliza\u00e7\u00e3o \u00f3ptica, acompanhado de uma lente <strong data-end=\"1109\">ultrawide de 48 MP<\/strong>, al\u00e9m de suporte a grava\u00e7\u00f5es em <strong data-end=\"1228\">4K a 120 fps<\/strong>, <a class=\"lib tg-lib\" href=\"https:\/\/www.oficinadanet.com.br\/smarttvs\/34101-descubra-a-diferenca-entre-dolby-vision-hdr10-hdr10-hlg-e-hdr-advanced\" rel=\"nofollow noopener\" target=\"_blank\">Dolby Vision<\/a> <a class=\"lib tg-lib\" href=\"https:\/\/www.oficinadanet.com.br\/post\/16588-o-que-e-hdr-para-tvs\" rel=\"nofollow noopener\" target=\"_blank\">HDR<\/a> e v\u00eddeo espacial em 3D. Na parte frontal, a c\u00e2mera de <strong data-end=\"1286\">18 MP <\/strong>com sensor SL 3D garante selfies detalhadas, com suporte a HDR e v\u00eddeos em at\u00e9 <strong data-end=\"1362\">4K 60 fps<\/strong>.<\/p>\n<p>A bateria de <strong data-end=\"1393\">3.962 mAh<\/strong> suporta <a class=\"lib tg-lib\" href=\"https:\/\/www.oficinadanet.com.br\/tecnologia\/53337-carregamento-inducao-sem-fios\" rel=\"nofollow noopener\" target=\"_blank\">carregamento sem fio<\/a> via <a href=\"https:\/\/www.oficinadanet.com.br\/onresponde\/64647-magsafe-como-funciona\" class=\"lib tg-lib\" rel=\"nofollow  noopener\" target=\"_blank\">MagSafe<\/a> de<strong data-end=\"1445\"> 25W<\/strong> e reverse wireless de<strong data-end=\"1476\"> 4.5W<\/strong>, mantendo a praticidade no dia a dia. Em conectividade, oferece <strong data-end=\"1576\">5G<\/strong>, Wi-Fi 7,<strong data-end=\"1576\"> NFC<\/strong>, <a class=\"lib tg-lib\" href=\"https:\/\/www.oficinadanet.com.br\/tecnologia\/32633-o-que-e-bluetooth-como-funciona-e-quais-as-suas-versoes\" rel=\"nofollow noopener\" target=\"_blank\">Bluetooth<\/a> 5.3 e at\u00e9 suporte a Find My via sat\u00e9lite e SOS de emerg\u00eancia, refor\u00e7ando a seguran\u00e7a.<\/p>\n<ul>\n<li><b>Prote\u00e7\u00e3o \u00c1gua:<\/b> IP68<\/li>\n<li><b>Sistema:<\/b> iOS 26<\/li>\n<li><b>Processador:<\/b> Apple A19 (3 nm)<\/li>\n<li><b>Mem\u00f3ria RAM:<\/b> <a href=\"https:\/\/www.oficinadanet.com.br\/smartphones\/buscar?memoria-ram=8gb\" rel=\"nofollow noopener\" target=\"_blank\">8 GB<\/a><\/li>\n<li><b>Armazenamento:<\/b> <a href=\"https:\/\/www.oficinadanet.com.br\/smartphones\/buscar?armazenamento-interno=256-gb\" rel=\"nofollow noopener\" target=\"_blank\">256 GB<\/a> e <a href=\"https:\/\/www.oficinadanet.com.br\/smartphones\/buscar?armazenamento-interno=512-gb\" rel=\"nofollow noopener\" target=\"_blank\">512 GB<\/a><\/li>\n<li><b>Tela &#8211; Tipo:<\/b> LTPO Super Retina XDR OLED<\/li>\n<li><b>Tela &#8211; Tamanho:<\/b> 6.3<\/li>\n<li><b>Tela &#8211; Resolu\u00e7\u00e3o:<\/b> 1206 x 2622 pixels<\/li>\n<li><b>Tela &#8211; Frequ\u00eancia:<\/b> 120Hz<\/li>\n<li><b>C\u00e2mera principal:<\/b> 48 MP, f\/1.6, 26mm (wide), 1\/1.56, Sensor-shift OIS e Dual Pixel PDAF<\/li>\n<li><b>C\u00e2m. Selfie:<\/b> 18 MP f\/1.9 e PDAF <\/li>\n<li><b>Bateria:<\/b> <a href=\"https:\/\/www.oficinadanet.com.br\/smartphones\/buscar?bateria=3962-mah\" rel=\"nofollow noopener\" target=\"_blank\">3962 mAh<\/a><\/li>\n<li><b>Carregador:<\/b> 25W wireless (MagSafe) e 4.5 reverse wireless<\/li>\n<li><b>Carrega sem fios?:<\/b> Sim e 25W<\/li>\n<p>&#13;\n            <\/ul>\n<p class=\"obj-spec-simples-full\">Apple iPhone 17 &#8211; <a href=\"https:\/\/www.oficinadanet.com.br\/smartphones\/apple-iphone-17\" rel=\"nofollow noopener\" target=\"_blank\"> Veja aqui a ficha t\u00e9cnica completa<\/a><\/p>\n<p>Vale a pena comprar?<\/p>\n<p>O <strong>iPhone 17 <\/strong>oferece o<strong> <\/strong>chip A19 de alta performance, c\u00e2meras avan\u00e7adas para quem gosta de fotos e v\u00eddeos de qualidade, resist\u00eancia \u00e0 \u00e1gua e recursos de <a class=\"lib tg-lib\" href=\"https:\/\/www.oficinadanet.com.br\/inteligencia-artificial\" rel=\"nofollow noopener\" target=\"_blank\">intelig\u00eancia artificial<\/a> por meio do Apple Intelligence. Ent\u00e3o sim, vale a pena comprar esse modelo da <strong>Apple<\/strong>.<\/p>\n<p><strong>\u2705 Pr\u00f3s<\/strong><\/p>\n<ul>\n<li>Chip A19;<\/li>\n<li>C\u00e2mera de 48\u202fMP com <a href=\"https:\/\/www.oficinadanet.com.br\/ofertas\/OIS\" class=\"lib tg-lib\" rel=\"nofollow  noopener\" target=\"_blank\">OIS<\/a> + <a class=\"lib tg-lib\" href=\"https:\/\/www.oficinadanet.com.br\/smartphones\/36853-quais-sao-as-lentes-de-celular\" rel=\"nofollow noopener\" target=\"_blank\">ultrawide<\/a> de 48 MP;<\/li>\n<li>Tela <a class=\"lib tg-lib\" href=\"https:\/\/www.oficinadanet.com.br\/tecnologia\/60059-amoled-ltpo\" rel=\"nofollow noopener\" target=\"_blank\">LTPO<\/a> Super <a class=\"lib tg-lib\" href=\"https:\/\/www.oficinadanet.com.br\/apple\/31719-o-que-e-uma-tela-retina\" rel=\"nofollow noopener\" target=\"_blank\">Retina<\/a> XDR OLED de 6,3\u2033 com taxa de atualiza\u00e7\u00e3o de 120 Hz;<\/li>\n<li>iOS 26 com Apple Intelligence;<\/li>\n<li>Wi\u2011Fi 7, <a class=\"lib tg-lib\" href=\"https:\/\/www.oficinadanet.com.br\/onresponde\/47839-usb-tipos-geracores-diferencas\" rel=\"nofollow noopener\" target=\"_blank\">USB<\/a>-C e <a class=\"lib tg-lib\" href=\"https:\/\/www.oficinadanet.com.br\/tecnologia\/42732-ip-explicando-resistencia-a-agua\" rel=\"nofollow noopener\" target=\"_blank\">IP68<\/a>.<\/li>\n<\/ul>\n<p><strong>\u274c Contras<\/strong><\/p>\n","protected":false},"excerpt":{"rendered":"Encontramos uma oferta imperd\u00edvel do iPhone 17. Lan\u00e7ado por R$ 7.999, o aparelho agora est\u00e1 dispon\u00edvel na Shopee&hellip;\n","protected":false},"author":2,"featured_media":307087,"comment_status":"","ping_status":"","sticky":false,"template":"","format":"standard","meta":{"footnotes":"","_share_on_mastodon":"0"},"categories":[84],"tags":[247,109,107,108,2461,13,2061,32,33,105,103,104,954,106,110],"class_list":["post-307086","post","type-post","status-publish","format-standard","has-post-thumbnail","category-ciencia-e-tecnologia","tag-apple","tag-ciencia","tag-ciencia-e-tecnologia","tag-cienciaetecnologia","tag-iphone-17","tag-noticias","tag-ofertas","tag-portugal","tag-pt","tag-science","tag-science-and-technology","tag-scienceandtechnology","tag-smartphones","tag-technology","tag-tecnologia"],"share_on_mastodon":{"url":"https:\/\/pubeurope.com\/@pt\/116240049035649768","error":""},"_links":{"self":[{"href":"https:\/\/www.europesays.com\/pt\/wp-json\/wp\/v2\/posts\/307086","targetHints":{"allow":["GET"]}}],"collection":[{"href":"https:\/\/www.europesays.com\/pt\/wp-json\/wp\/v2\/posts"}],"about":[{"href":"https:\/\/www.europesays.com\/pt\/wp-json\/wp\/v2\/types\/post"}],"author":[{"embeddable":true,"href":"https:\/\/www.europesays.com\/pt\/wp-json\/wp\/v2\/users\/2"}],"replies":[{"embeddable":true,"href":"https:\/\/www.europesays.com\/pt\/wp-json\/wp\/v2\/comments?post=307086"}],"version-history":[{"count":0,"href":"https:\/\/www.europesays.com\/pt\/wp-json\/wp\/v2\/posts\/307086\/revisions"}],"wp:featuredmedia":[{"embeddable":true,"href":"https:\/\/www.europesays.com\/pt\/wp-json\/wp\/v2\/media\/307087"}],"wp:attachment":[{"href":"https:\/\/www.europesays.com\/pt\/wp-json\/wp\/v2\/media?parent=307086"}],"wp:term":[{"taxonomy":"category","embeddable":true,"href":"https:\/\/www.europesays.com\/pt\/wp-json\/wp\/v2\/categories?post=307086"},{"taxonomy":"post_tag","embeddable":true,"href":"https:\/\/www.europesays.com\/pt\/wp-json\/wp\/v2\/tags?post=307086"}],"curies":[{"name":"wp","href":"https:\/\/api.w.org\/{rel}","templated":true}]}}