{"id":308327,"date":"2026-03-17T15:35:12","date_gmt":"2026-03-17T15:35:12","guid":{"rendered":"https:\/\/www.europesays.com\/pt\/308327\/"},"modified":"2026-03-17T15:35:12","modified_gmt":"2026-03-17T15:35:12","slug":"joao-entrou-no-secret-story-10-com-um-proposito-cumprir-um-sonho-antigo-secret-story","status":"publish","type":"post","link":"https:\/\/www.europesays.com\/pt\/308327\/","title":{"rendered":"Jo\u00e3o entrou no Secret Story 10 com um prop\u00f3sito: cumprir um sonho antigo &#8211; Secret Story"},"content":{"rendered":"<p data-end=\"515\" data-start=\"0\"><strong>Jo\u00e3o<\/strong> decidiu apostar na entrada no reality show da TVI, acreditando que esta experi\u00eancia poder\u00e1 abrir portas e servir como um caminho alternativo para <strong>alcan\u00e7ar os seus objetivos no mundo do wrestling<\/strong>. Este foi o grande prop\u00f3sito que levou o concorrente que <a href=\"https:\/\/tvi.iol.pt\/secretstory\/joao\/diogo\/choque-total-joao-acerta-em-cheio-no-segredo-de-diogo-e-ha-uma-reacao-que-nao-passou-despercebida\" rel=\"nofollow noopener\" target=\"_blank\"><strong>j\u00e1 acertou dois segredos a entrar no Secret Story 10<\/strong><\/a>.<\/p>\n<p data-end=\"515\" data-start=\"0\">O desporto sempre teve um papel importante na vida de Jo\u00e3o, tendo iniciado o seu percurso no basquetebol numa idade jovem. No entanto, a dificuldade em conciliar a pr\u00e1tica desportiva com os estudos levou-o a abandonar a modalidade para se focar na Licenciatura em Gest\u00e3o.<\/p>\n<p data-end=\"988\" data-start=\"517\">Ainda assim, a aus\u00eancia de atividade f\u00edsica fez-se sentir, e Jo\u00e3o acabou por encontrar no <strong>wrestling<\/strong> uma nova oportunidade, uma modalidade que j\u00e1 acompanhava desde jovem, numa altura em que o entretenimento associado ao wrestling vivia uma fase de grande popularidade em Portugal.<strong> \u00abNa altura, ainda era um rapaz um bocado t\u00edmido, e esta oportunidade tirava-me da zona de conforto. Pensei: \u2018Vamos l\u00e1 experimentar\u2019. Acabei por gostar\u00bb<\/strong>, revelou no podcast: Espa\u00e7o do Fortes.<\/p>\n<p data-end=\"1561\" data-start=\"990\">Foi no Centro de Treinos de Wrestling (CTW), em Lisboa, que iniciou a sua forma\u00e7\u00e3o. Rapidamente se destacou pela sua condi\u00e7\u00e3o f\u00edsica. Conseguiu evoluir de forma consistente. Mais tarde, teve tamb\u00e9m a oportunidade de competir internacionalmente, passando por organiza\u00e7\u00f5es de wrestling por toda a Europa. Durante o seu percurso, foi treinado pelo reconhecido wrestler austr\u00edaco Gunther.<\/p>\n<p data-end=\"1561\" data-start=\"990\"><a href=\"https:\/\/tvi.iol.pt\/secretstory\/joao\/wrestling\/pesquisas-disparam-no-google-ha-uma-pergunta-que-todos-fazem-sobre-joao\" rel=\"nofollow noopener\" target=\"_blank\"><strong>O sonho antigo de Jo\u00e3o \u00e9 tornar-se o primeiro portugu\u00eas a integrar a WWE<\/strong><\/a>.<\/p>\n<p data-end=\"2037\" data-start=\"1563\">Chegou mesmo a colaborar com a organiza\u00e7\u00e3o como extra em eventos realizados na Europa. Gra\u00e7as ao reconhecimento que conquistou no circuito europeu, foi selecionado para dois exigentes processos de recrutamento da WWE. O primeiro foi em Londres e o segundo nos Estados Unidos.<\/p>\n<p data-end=\"2604\" data-start=\"2039\">Apesar das boas perspectivas, acabou por n\u00e3o ser escolhido na fase final. \u00ab<strong>Eu estava com alguma esperan\u00e7a<\/strong>, porque todo o feedback que tive durante o processo foi bom. Obviamente, <strong>h\u00e1 sempre coisas a melhorar<\/strong>, mas o que me disseram e ter terminado com um combate porreiro, <strong>pensei mesmo que tinha hip\u00f3tese de ficar<\/strong>, mas acabou por n\u00e3o acontecer. Eles dizem que o \u2018n\u00e3o\u2019 n\u00e3o \u00e9 o \u2018nunca\u2019 e que as coisas podem mudar ou podem n\u00e3o mudar nunca\u00bb, partilhou no podcast \u2018Mais Vale \u00e0 Tarde que Nunca\u2019. <strong>\u00abFoi um choque porque tenho de perceber qual \u00e9 o pr\u00f3ximo passo\u00bb<\/strong>, findou.<\/p>\n<p data-end=\"2851\" data-is-last-node=\"\" data-is-only-node=\"\" data-start=\"2606\"><strong>Veja esta publica\u00e7\u00e3o.<\/strong><\/p>\n<p data-end=\"2851\" data-is-last-node=\"\" data-is-only-node=\"\" data-start=\"2606\">\u00a0<\/p>\n<blockquote class=\"instagram-media\" data-instgrm-captioned=\"\" data-instgrm-permalink=\"https:\/\/www.instagram.com\/reel\/DSYCSW5DPxi\/?utm_source=ig_embed&amp;utm_campaign=loading\" data-instgrm-version=\"14\" style=\" background:#FFF; border:0; border-radius:3px; box-shadow:0 0 1px 0 rgba(0,0,0,0.5),0 1px 10px 0 rgba(0,0,0,0.15); margin: 1px; max-width:540px; min-width:326px; padding:0; width:99.375%; width:-webkit-calc(100% - 2px); width:calc(100% - 2px);\">\n<\/blockquote>\n<p>                        <script async src=\"\/\/www.instagram.com\/embed.js\"><\/script><\/p>\n","protected":false},"excerpt":{"rendered":"Jo\u00e3o decidiu apostar na entrada no reality show da TVI, acreditando que esta experi\u00eancia poder\u00e1 abrir portas e&hellip;\n","protected":false},"author":2,"featured_media":308328,"comment_status":"","ping_status":"","sticky":false,"template":"","format":"standard","meta":{"footnotes":"","_share_on_mastodon":"0"},"categories":[142],"tags":[50764,2632,51473,328,166,114,115,332,330,1475,3448,32,33,1315,6985,50761,8174,50763,50766,11301,151,162,245],"class_list":["post-308327","post","type-post","status-publish","format-standard","has-post-thumbnail","category-tv","tag-botao-dos-segredos","tag-casa-dos-segredos","tag-casa-mais-vigiada-do-pais","tag-concorrentes","tag-cristina-ferreira","tag-entertainment","tag-entretenimento","tag-expulso","tag-gala","tag-joao","tag-nomeados","tag-portugal","tag-pt","tag-secret-story","tag-secret-story-casa-dos-segredos","tag-secret-story-2026","tag-segredos","tag-segredos-secret-story","tag-sondagem-secret-story","tag-sonho","tag-tv","tag-tvi","tag-wrestling"],"share_on_mastodon":{"url":"https:\/\/pubeurope.com\/@pt\/116245254944928062","error":""},"_links":{"self":[{"href":"https:\/\/www.europesays.com\/pt\/wp-json\/wp\/v2\/posts\/308327","targetHints":{"allow":["GET"]}}],"collection":[{"href":"https:\/\/www.europesays.com\/pt\/wp-json\/wp\/v2\/posts"}],"about":[{"href":"https:\/\/www.europesays.com\/pt\/wp-json\/wp\/v2\/types\/post"}],"author":[{"embeddable":true,"href":"https:\/\/www.europesays.com\/pt\/wp-json\/wp\/v2\/users\/2"}],"replies":[{"embeddable":true,"href":"https:\/\/www.europesays.com\/pt\/wp-json\/wp\/v2\/comments?post=308327"}],"version-history":[{"count":0,"href":"https:\/\/www.europesays.com\/pt\/wp-json\/wp\/v2\/posts\/308327\/revisions"}],"wp:featuredmedia":[{"embeddable":true,"href":"https:\/\/www.europesays.com\/pt\/wp-json\/wp\/v2\/media\/308328"}],"wp:attachment":[{"href":"https:\/\/www.europesays.com\/pt\/wp-json\/wp\/v2\/media?parent=308327"}],"wp:term":[{"taxonomy":"category","embeddable":true,"href":"https:\/\/www.europesays.com\/pt\/wp-json\/wp\/v2\/categories?post=308327"},{"taxonomy":"post_tag","embeddable":true,"href":"https:\/\/www.europesays.com\/pt\/wp-json\/wp\/v2\/tags?post=308327"}],"curies":[{"name":"wp","href":"https:\/\/api.w.org\/{rel}","templated":true}]}}