{"id":308546,"date":"2026-03-17T18:23:17","date_gmt":"2026-03-17T18:23:17","guid":{"rendered":"https:\/\/www.europesays.com\/pt\/308546\/"},"modified":"2026-03-17T18:23:17","modified_gmt":"2026-03-17T18:23:17","slug":"aos-7-anos-filha-de-sabrina-sato-surpreende-a-mae-com-habito-incomum-unica-pessoa","status":"publish","type":"post","link":"https:\/\/www.europesays.com\/pt\/308546\/","title":{"rendered":"Aos 7 anos, filha de Sabrina Sato surpreende a m\u00e3e com h\u00e1bito incomum: &#8216;\u00danica pessoa&#8217;"},"content":{"rendered":"<p>A apresentadora\u00a0<a href=\"https:\/\/caras.com.br\/tags\/sabrina-sato\" rel=\"nofollow noopener\" target=\"_blank\"><strong>Sabrina Sato<\/strong><\/a> usou as redes sociais nesta segunda-feira, 16, <a href=\"https:\/\/caras.com.br\/atualidades\/aos-7-anos-filha-de-sabrina-sato-surpreende-ao-dar-apelido-para-nicolas-prattes-saiba-qual.phtml\" rel=\"nofollow noopener\" target=\"_blank\">para compartilhar<\/a> que flagrou um h\u00e1bito inusitado de sua filha,\u00a0<a href=\"https:\/\/caras.com.br\/tags\/zoe\" rel=\"nofollow noopener\" target=\"_blank\"><strong>Zoe<\/strong><\/a>. A menina, de 7 anos, \u00e9 fruto do antigo relacionamento da artista com o ator\u00a0<a href=\"https:\/\/caras.com.br\/tags\/duda-nagle\" rel=\"nofollow noopener\" target=\"_blank\"><strong>Duda Nagle<\/strong><\/a>.<\/p>\n<p>No v\u00eddeo publicado, Zoe aparece experimentando uma combina\u00e7\u00e3o nada comum: pepino com sorvete. Enquanto registrava a cena, Sabrina n\u00e3o conteve a surpresa ao ver a filha mergulhando o legume no doce. \u201c\u00danica pessoa que toma pepino tomando sorvete que eu conhe\u00e7o\u201d, narrou a apresentadora.<\/p>\n<p>Sem acreditar no que estava vendo, Sabrina ainda brincou com a situa\u00e7\u00e3o: \u201cN\u00e3o, Zoe! N\u00e3o, Zoe! Voc\u00ea \u00e9 uma banguelinha engra\u00e7ada. N\u00e3o, voc\u00ea t\u00e1 de brincadeira, n\u00e9 Zozo?\u201d. Bem-humorada,\u00a0 Zoe ignorou os coment\u00e1rios da m\u00e3e e apenas respondeu com um animado \u201chmmmm\u201d, demonstrando que aprovou\u00a0 a mistura diferente.<\/p>\n<p> <img loading=\"lazy\" decoding=\"async\" class=\"size-full wp-image-1088137 img-fluid lazy\" alt=\"Sabrina Sato mostra h\u00e1bito de Zoe - Foto: Reprodu\u00e7\u00e3o \/ Instagram @sabrinasato\" width=\"743\" height=\"656\" src=\"https:\/\/www.europesays.com\/pt\/wp-content\/uploads\/2026\/03\/zoe1.jpg\"  \/>Sabrina Sato mostra h\u00e1bito de Zoe \u2013 Foto: Reprodu\u00e7\u00e3o \/ Instagram @sabrinasato <img loading=\"lazy\" decoding=\"async\" class=\"wp-image-1088138 size-full img-fluid lazy\" alt=\"Sabrina Sato mostra h\u00e1bito de Zoe - Foto: Reprodu\u00e7\u00e3o \/ Instagram @sabrinasato\" width=\"746\" height=\"647\" src=\"https:\/\/www.europesays.com\/pt\/wp-content\/uploads\/2026\/03\/zoe.jpg\"  \/>Sabrina Sato mostra h\u00e1bito de Zoe \u2013 Foto: Reprodu\u00e7\u00e3o \/ Instagram @sabrinasato O apelido que a filha de Sabrina Sato deu para Nicolas Prattes <\/p>\n<p>Em recente entrevista ao jornal Extra, a rainha de bateria da Unidos de Vila Isabel contou que o marido, o ator\u00a0<a href=\"https:\/\/caras.com.br\/tags\/nicolas-prattes\" rel=\"nofollow noopener\" target=\"_blank\"><strong>Nicolas Prattes<\/strong><\/a>,\u00a0ganhou um apelido carinhoso da enteada e passou a ser chamado de \u201cZez\u00e9\u201d. Segundo Sabrina, o apelido surgiu durante uma viagem a Portugal.<\/p>\n<p>\u201c\u00c9 o apelido que ela deu em uma vez que ele estava doente, logo no in\u00edcio (da rela\u00e7\u00e3o), h\u00e1 uns dois anos. A gente estava em Portugal quando adoeceu e a Zoe dava comida na boca dele. Ele tava parecendo o beb\u00ea dos Incr\u00edveis, o Zez\u00e9. A\u00ed ela nunca mais parou de cham\u00e1-lo assim\u201d, recordou.<\/p>\n<p>Leia tamb\u00e9m:\u00a0<a href=\"https:\/\/caras.com.br\/novelas\/aos-28-anos-nicolas-prattes-fala-sobre-relacao-com-filha-de-sabrina-sato-pai-de-coracao.phtml\" rel=\"nofollow noopener\" target=\"_blank\">Aos 28 anos, Nicolas Prattes fala sobre rela\u00e7\u00e3o com filha de Sabrina Sato: \u2018Pai de cora\u00e7\u00e3o\u2019<\/a><\/p>\n<p> Veja uma foto da fam\u00edlia reunida: <img loading=\"lazy\" decoding=\"async\" class=\"size-full wp-image-1037345 img-fluid lazy\" alt=\"Festa de anivers\u00e1rio de Zoe, filha de Sabrina Sato e Duda Nagle - Foto: Brazil News\" width=\"1600\" height=\"2000\" src=\"https:\/\/www.europesays.com\/pt\/wp-content\/uploads\/2025\/11\/festa-de-zoe-filha-de-sabrina-sato-e-duda-nagle-1.jpg\"  \/>Festa de anivers\u00e1rio de Zoe, filha de Sabrina Sato e Duda Nagle \u2013 Foto: Brazil News <\/p>\n<blockquote class=\"instagram-media\" style=\"background: #FFF; border: 0; border-radius: 3px; box-shadow: 0 0 1px 0 rgba(0,0,0,0.5),0 1px 10px 0 rgba(0,0,0,0.15); margin: 1px; max-width: 540px; min-width: 326px; padding: 0; width: calc(100% - 2px);\" data-instgrm-captioned=\"\" data-instgrm-permalink=\"https:\/\/www.instagram.com\/p\/DUqtNjalNub\/?utm_source=ig_embed&amp;utm_campaign=loading\" data-instgrm-version=\"14\"><\/blockquote>\n<p>        <a href=\"https:\/\/caras.com.br\/autor\/juliana-dracz\" rel=\"nofollow noopener\" target=\"_blank\">&#13;<br \/>\n          <img loading=\"lazy\" decoding=\"async\" alt=\"Juliana Dracz\" src=\"https:\/\/www.europesays.com\/pt\/wp-content\/uploads\/2026\/02\/436551461_2434711450057729_5105646040807821088_n_sqmd.png\" class=\"avatar avatar-115 photo rounded-circle\" height=\"115\" width=\"115\"\/>        <\/a><\/p>\n<p>Juliana Dracz \u00e9 rep\u00f3rter de conte\u00fado do site CARAS. Formada em Jornalismo pela Universidade Cat\u00f3lica de Bras\u00edlia, ela j\u00e1 trabalhou em grandes sites de entretenimento. Atualmente, escreve sobre novelas, celebridades e TV.<\/p>\n<p>\t                                            <script async src=\"\/\/www.instagram.com\/embed.js\"><\/script><\/p>\n","protected":false},"excerpt":{"rendered":"A apresentadora\u00a0Sabrina Sato usou as redes sociais nesta segunda-feira, 16, para compartilhar que flagrou um h\u00e1bito inusitado de&hellip;\n","protected":false},"author":2,"featured_media":308547,"comment_status":"","ping_status":"","sticky":false,"template":"","format":"standard","meta":{"footnotes":"","_share_on_mastodon":"0"},"categories":[145],"tags":[211,210,114,115,54963,32,33,3792,12859],"class_list":["post-308546","post","type-post","status-publish","format-standard","has-post-thumbnail","category-celebridades","tag-celebridades","tag-celebrities","tag-entertainment","tag-entretenimento","tag-filha-de-sabrina-sato","tag-portugal","tag-pt","tag-sabrina-sato","tag-zoe"],"share_on_mastodon":{"url":"https:\/\/pubeurope.com\/@pt\/116245915932079138","error":""},"_links":{"self":[{"href":"https:\/\/www.europesays.com\/pt\/wp-json\/wp\/v2\/posts\/308546","targetHints":{"allow":["GET"]}}],"collection":[{"href":"https:\/\/www.europesays.com\/pt\/wp-json\/wp\/v2\/posts"}],"about":[{"href":"https:\/\/www.europesays.com\/pt\/wp-json\/wp\/v2\/types\/post"}],"author":[{"embeddable":true,"href":"https:\/\/www.europesays.com\/pt\/wp-json\/wp\/v2\/users\/2"}],"replies":[{"embeddable":true,"href":"https:\/\/www.europesays.com\/pt\/wp-json\/wp\/v2\/comments?post=308546"}],"version-history":[{"count":0,"href":"https:\/\/www.europesays.com\/pt\/wp-json\/wp\/v2\/posts\/308546\/revisions"}],"wp:featuredmedia":[{"embeddable":true,"href":"https:\/\/www.europesays.com\/pt\/wp-json\/wp\/v2\/media\/308547"}],"wp:attachment":[{"href":"https:\/\/www.europesays.com\/pt\/wp-json\/wp\/v2\/media?parent=308546"}],"wp:term":[{"taxonomy":"category","embeddable":true,"href":"https:\/\/www.europesays.com\/pt\/wp-json\/wp\/v2\/categories?post=308546"},{"taxonomy":"post_tag","embeddable":true,"href":"https:\/\/www.europesays.com\/pt\/wp-json\/wp\/v2\/tags?post=308546"}],"curies":[{"name":"wp","href":"https:\/\/api.w.org\/{rel}","templated":true}]}}