{"id":30886,"date":"2025-08-15T18:48:09","date_gmt":"2025-08-15T18:48:09","guid":{"rendered":"https:\/\/www.europesays.com\/pt\/30886\/"},"modified":"2025-08-15T18:48:09","modified_gmt":"2025-08-15T18:48:09","slug":"ha-uma-ilha-no-meio-da-europa-que-tem-um-forte-do-seculo-xix-e-esta-a-venda","status":"publish","type":"post","link":"https:\/\/www.europesays.com\/pt\/30886\/","title":{"rendered":"H\u00e1 uma ilha no meio da Europa que tem um forte do s\u00e9culo XIX e est\u00e1 \u00e0 venda"},"content":{"rendered":"<p>\t                A Ilha de Thorne, com um forte do s\u00e9culo XIX, pode ser sua por cerca de 3,5 milh\u00f5es de euros<\/p>\n<p style=\"margin-bottom:11px\">Se quiser fugir de tudo, haver\u00e1 poucos locais mais isolados do que a Ilha Thorne.<\/p>\n<p>Situada a tr\u00eas milhas n\u00e1uticas da costa de Pembrokeshire, no oeste do Pa\u00eds de Gales, no Reino Unido, esta ilha privada alberga um forte do s\u00e9culo XIX.<\/p>\n<p>Com cerca de um hectar, a Ilha de Thorne foi recentemente colocada \u00e0 venda. O propriet\u00e1rio procura ofertas superiores a tr\u00eas milh\u00f5es de libras (cerca de 3,5 milh\u00f5es de euros), segundo o an\u00fancio no site da Strutt &amp; Parker.<\/p>\n<p>Entre os destaques est\u00e3o um heliporto, um bar coberto no \u00faltimo piso com uma sala de jogos e um escrit\u00f3rio com vista para o mar.<\/p>\n<p>Concebida originalmente para albergar 100 homens, a propriedade, hoje restaurada, acomoda at\u00e9 20 pessoas nos seus luxuosos cinco quartos. E h\u00e1 outros espa\u00e7os de conv\u00edvio, como amplas salas de jantar e terra\u00e7os protegidos por muros com o estilo de um quartel.<\/p>\n<p> <img decoding=\"async\" alt=\"\" src=\"https:\/\/www.europesays.com\/pt\/wp-content\/uploads\/2025\/08\/08-thorne-island-ext.jpg\" width=\"800\"\/> <\/p>\n<p>   O forte, constru\u00eddo para defesa em caso de uma invas\u00e3o francesa, foi alvo de uma grande remodela\u00e7\u00e3o (Strutt &amp; Parker) <\/p>\n<p style=\"margin-bottom:11px\">O forte foi constru\u00eddo no posto avan\u00e7ado escarpado entre 1852 e 1854, como parte de um plano mais amplo para fortalecer as defesas nacionais contra uma poss\u00edvel invas\u00e3o napole\u00f3nica, segundo a lista de propriedades.<\/p>\n<p>Contudo, com o avan\u00e7ar do tempo, o papel militar desta ilha galesa desapareceu. O forte serviu depois como hotel e casa de fam\u00edlia desde que a ilha foi vendida pela primeira vez em 1932.<\/p>\n<p>O atual propriet\u00e1rio, Mike Conner, empres\u00e1rio brit\u00e2nico da \u00e1rea da tecnologia, comprou a ilha em 2017 por 500 mil libras (cerca de 580 mil euros) depois de ver um v\u00eddeo sobre esta propriedade no YouTube, contou \u00e0 CNN Internacional.<\/p>\n<p>Na altura, o forte \u2014 protegido por uma lei conhecida como listagem de Grau II \u2014 n\u00e3o tinha janelas ou fornecimento de eletricidade, \u00e1gua ou g\u00e1s. Ali\u00e1s, o forte estava alagado. Contudo, Conner ficou fascinado e aproveitou a oportunidade para levar a cabo um restauro que \u00e9 \u00fanico na vida.<\/p>\n<p>Conner reconhece que \u201cdesvalorizou muitas coisas\u201d, incluindo o esfor\u00e7o envolvido na instala\u00e7\u00e3o de sanitas com autoclismo.<\/p>\n<p>\u201cHavia muita coisa que tinha de ser feita para que isso acontecesse\u201d, recorda, dando exemplo da necessidade de cavar valas nas rochas e de instalar um sistema de \u00e1gua canalizada.<\/p>\n<p> <img decoding=\"async\" alt=\"\" src=\"https:\/\/www.europesays.com\/pt\/wp-content\/uploads\/2025\/08\/01-thorne-island-ext.jpg\" width=\"800\"\/> <\/p>\n<p>   \u00c9 apenas acess\u00edvel por mar ou por ar. Esta propriedades tem o seu pr\u00f3prio heliporto (Strutt &amp; Parker) <\/p>\n<p style=\"margin-bottom:11px\">A equipa precisou de 350 viagens de helic\u00f3ptero, durante dois dias, para transportar os materiais at\u00e9 \u00e0 ilha \u2013 incluindo terra, materiais de constru\u00e7\u00e3o e bombas de calor para aquecimento central e para \u00e1gua quente. Os construtores acabaram por viver no local, naquele que era o quartel original, durante quatro anos, enquanto a reconstru\u00e7\u00e3o avan\u00e7ava,<\/p>\n<p>Uma das raz\u00f5es pelas quais esta obra levou este tempo todo foi porque o forte estava em muito mau estado quando Conner o adquiriu.<\/p>\n<p>S\u00f3 o jato de areia, usado nas paredes para revelar a pedra original, demorou seis meses. Em algumas partes das paredes de granito havia tanta satura\u00e7\u00e3o da humidade que houve inunda\u00e7\u00f5es, segundo um comunicado de imprensa enviado \u00e0 CNN.<\/p>\n<p> <img decoding=\"async\" alt=\"\" src=\"https:\/\/www.europesays.com\/pt\/wp-content\/uploads\/2025\/08\/06-thorne-island-bedroom.jpg\" width=\"800\"\/> <\/p>\n<p>   Um dos cinco quartos da propriedade (Strutt &amp; Parker) <\/p>\n<p> <img decoding=\"async\" alt=\"\" src=\"https:\/\/www.europesays.com\/pt\/wp-content\/uploads\/2025\/08\/03-thorne-island-bar.jpg\" width=\"800\"\/> <\/p>\n<p>   O bar coberto no \u00faltimo piso \u00e9 um dos destaques da propriedade (Strutt &amp; Parker) <\/p>\n<p style=\"margin-bottom:11px\">Conner \u2013 que fundou a Appsbroker, que mais tarde se tornaria Qodea \u2013 referiu que a renova\u00e7\u00e3o, que s\u00f3 foi conclu\u00edda este ano, custou mais de dois milh\u00f5es de libras (cerca de 2,3 milh\u00f5es de euros).<\/p>\n<p>O investimento incluiu 300 mil libras (cerca de 347 mil euros) em energia renov\u00e1vel \u2013 como pain\u00e9is solares e sistemas de armazenamento em bateria \u2013 bem como um sistema de gest\u00e3o de \u00e1guas residuais, que permite que o forte seja totalmente autossuficiente, n\u00e3o dependendo da rede.<\/p>\n<p>Conner, de 52 anos, explicou que \u00e9 formado em design industrial, o que o levou a encarar este projeto como um desafio.<\/p>\n<p>&#8220;Foi uma crise de meia-idade bastante saud\u00e1vel, tendo em conta os padr\u00f5es de alguns dos meus amigos&#8221;, brinca.<\/p>\n<p>O forte, que s\u00f3 \u00e9 acess\u00edvel por mar ou por ar, teve de ser renovado para resistir \u00e0 maresia e aos ventos fortes das tempestades.<\/p>\n<p> <img decoding=\"async\" alt=\"\" src=\"https:\/\/www.europesays.com\/pt\/wp-content\/uploads\/2025\/08\/04-thorne-island-living.jpg\" width=\"800\"\/> <\/p>\n<p>   Mike Conner, empreendedor da \u00e1rea da tecnologia, diz que o empreendimento \u00e9 parte de uma &#8220;crise de meia-idade&#8221; (Strutt &amp; Parker) <\/p>\n<p style=\"margin-bottom:11px\">Conner, que j\u00e1 passou algum tempo com a fam\u00edlia no renovado forte, acredita que o local poder\u00e1 ser perfeito para retiros e celebra\u00e7\u00f5es de luxo \u2013 ou mesmo para algu\u00e9m que queira desligar-se de tudo.<\/p>\n<p>No que a ele diz respeito, est\u00e1 \u00e0 procura de um novo desafio. &#8220;Gostei desta viagem. Acho que gostava de encontrar outro caso perdido como este\u201d, diz.<\/p>\n","protected":false},"excerpt":{"rendered":"A Ilha de Thorne, com um forte do s\u00e9culo XIX, pode ser sua por cerca de 3,5 milh\u00f5es&hellip;\n","protected":false},"author":2,"featured_media":30887,"comment_status":"","ping_status":"","sticky":false,"template":"","format":"standard","meta":{"footnotes":""},"categories":[50],"tags":[609,836,611,27,28,607,608,333,832,604,135,610,476,15,16,301,830,14,10160,1228,603,25,26,570,8759,21,22,831,833,62,834,12,13,19,20,835,602,10159,52,32,23,24,17,18,29,30,31,63,64,65],"class_list":{"0":"post-30886","1":"post","2":"type-post","3":"status-publish","4":"format-standard","5":"has-post-thumbnail","7":"category-mundo","8":"tag-alerta","9":"tag-analise","10":"tag-ao-minuto","11":"tag-breaking-news","12":"tag-breakingnews","13":"tag-cnn","14":"tag-cnn-portugal","15":"tag-comentadores","16":"tag-costa","17":"tag-crime","18":"tag-desporto","19":"tag-direto","20":"tag-economia","21":"tag-featured-news","22":"tag-featurednews","23":"tag-governo","24":"tag-guerra","25":"tag-headlines","26":"tag-ilha","27":"tag-imobiliario","28":"tag-justica","29":"tag-latest-news","30":"tag-latestnews","31":"tag-live","32":"tag-luxo","33":"tag-main-news","34":"tag-mainnews","35":"tag-mais-vistas","36":"tag-marcelo","37":"tag-mundo","38":"tag-negocios","39":"tag-news","40":"tag-noticias","41":"tag-noticias-principais","42":"tag-noticiasprincipais","43":"tag-opiniao","44":"tag-pais","45":"tag-pais-de-gales","46":"tag-politica","47":"tag-portugal","48":"tag-principais-noticias","49":"tag-principaisnoticias","50":"tag-top-stories","51":"tag-topstories","52":"tag-ultimas","53":"tag-ultimas-noticias","54":"tag-ultimasnoticias","55":"tag-world","56":"tag-world-news","57":"tag-worldnews"},"share_on_mastodon":{"url":"","error":""},"_links":{"self":[{"href":"https:\/\/www.europesays.com\/pt\/wp-json\/wp\/v2\/posts\/30886","targetHints":{"allow":["GET"]}}],"collection":[{"href":"https:\/\/www.europesays.com\/pt\/wp-json\/wp\/v2\/posts"}],"about":[{"href":"https:\/\/www.europesays.com\/pt\/wp-json\/wp\/v2\/types\/post"}],"author":[{"embeddable":true,"href":"https:\/\/www.europesays.com\/pt\/wp-json\/wp\/v2\/users\/2"}],"replies":[{"embeddable":true,"href":"https:\/\/www.europesays.com\/pt\/wp-json\/wp\/v2\/comments?post=30886"}],"version-history":[{"count":0,"href":"https:\/\/www.europesays.com\/pt\/wp-json\/wp\/v2\/posts\/30886\/revisions"}],"wp:featuredmedia":[{"embeddable":true,"href":"https:\/\/www.europesays.com\/pt\/wp-json\/wp\/v2\/media\/30887"}],"wp:attachment":[{"href":"https:\/\/www.europesays.com\/pt\/wp-json\/wp\/v2\/media?parent=30886"}],"wp:term":[{"taxonomy":"category","embeddable":true,"href":"https:\/\/www.europesays.com\/pt\/wp-json\/wp\/v2\/categories?post=30886"},{"taxonomy":"post_tag","embeddable":true,"href":"https:\/\/www.europesays.com\/pt\/wp-json\/wp\/v2\/tags?post=30886"}],"curies":[{"name":"wp","href":"https:\/\/api.w.org\/{rel}","templated":true}]}}