{"id":31011,"date":"2025-08-15T20:29:09","date_gmt":"2025-08-15T20:29:09","guid":{"rendered":"https:\/\/www.europesays.com\/pt\/31011\/"},"modified":"2025-08-15T20:29:09","modified_gmt":"2025-08-15T20:29:09","slug":"ha-40-anos-paul-mccartney-e-michael-jackson-deram-fim-a-sua-amizade-entenda","status":"publish","type":"post","link":"https:\/\/www.europesays.com\/pt\/31011\/","title":{"rendered":"H\u00e1 40 anos, Paul McCartney e Michael Jackson deram fim \u00e0 sua amizade. Entenda."},"content":{"rendered":"<p> <img width=\"1024\" height=\"576\" src=\"https:\/\/www.europesays.com\/pt\/wp-content\/uploads\/2025\/08\/Paul-McCartney-MJ-80s-big-1024x576.webp.webp\" class=\"attachment-large size-large wp-post-image\" alt=\"Paul McCartney e Michael Jackson fazendo careta\" decoding=\"async\" fetchpriority=\"high\"  \/> imagem: reprodu\u00e7\u00e3o Instagram<\/p>\n<p>\u201cMas que grandiss\u00edssimo filho da p\u2026!\u201d, deve ter pensado <strong>Paul McCartney<\/strong>, em 14 de agosto de 1985, quando soube que <strong>Michael Jackson<\/strong>, at\u00e9 ent\u00e3o seu amigo e parceiro musical, comprou em segredo 250 m\u00fasicas compostas por ele e <strong>John Lennon<\/strong>, por 47,5 milh\u00f5es de d\u00f3lares. A partir daquela data, se McCartney quisesse regravar sua pr\u00f3pria m\u00fasica, teria de dar ao fura-olho valores que chegavam a at\u00e9 250 mil por m\u00fasica, em valores da \u00e9poca. E a hist\u00f3ria s\u00f3 piorava: quem explicou todo o caminho para adquirir as can\u00e7\u00f5es foi o pr\u00f3prio Beatle, confidenciando a Jackson que estava planejando reaver os direitos das suas m\u00fasicas, tr\u00eas anos antes.<\/p>\n<p>Em 1982, Paul McCartney convidou o prod\u00edgio do pop para uma visita em sua casa, na Inglaterra. Um encontro de gigantes, que resultou na composi\u00e7\u00e3o de Say, Say, Say, um baita hit para ambos. O encontro de um ex Beatle com um garoto que se tornava um dos maiores astros da m\u00fasica pop foi fraternal. O mais experiente explicou a Michael os dilemas que enfrentou quando vendeu os direitos das m\u00fasicas dos Beatles para a editora <strong>ATV<\/strong>, uma escolha errada que ele n\u00e3o queria ver o novo amigo replicar. No encontro, Paul tamb\u00e9m contou que estava lutando para recomprar os direitos ao lado de <strong>Yoko Ono<\/strong>, mas a grana ainda era alta demais para eles.<\/p>\n<p>A visita gerou uma forte amizade entre os dois, que compuseram mais uma can\u00e7\u00e3o juntos, The Girl Is Mine, escolhida como faixa de trabalho do \u00e1lbum Thriller, um dos mais bem sucedidos \u00e1lbuns da hist\u00f3ria da m\u00fasica pop. Um sucesso monstruoso, que rendeu \u00e0 Michael Jackson, segundo a revista <strong>Forbes<\/strong>, 134 milh\u00f5es de d\u00f3lares, somente nos primeiros dois anos de lan\u00e7amento.<\/p>\n<p>Sentado na grana, o que Jackson fez? Lembrou-se dos conselhos de McCartney e correu para usar seu lucro comprando direitos de m\u00fasicas de outros artistas como <strong>Dion<\/strong>, <a href=\"https:\/\/musicnonstop.uol.com.br\/sly-stone\/\" rel=\"nofollow noopener\" target=\"_blank\"><strong>Sly Stone<\/strong><\/a>\u2026 <a href=\"https:\/\/musicnonstop.uol.com.br\/the-beatles-sgt-peppers-lonely-hearts-club-band\/\" rel=\"nofollow noopener\" target=\"_blank\"><strong>Beatles<\/strong><\/a>! Fazendo justi\u00e7a aqui, Michael Jackson chegou a avisar o amigo que estaria prestes a arrematar os direitos de sua ex banda, mas segundo Paul McCartney, ele pensou ser uma piada. Recomprar as pr\u00f3prias m\u00fasicas era um objetivo declarado, um projeto. Frustrado pelo milion\u00e1rio autor de Thriller.<\/p>\n<p>Sentindo-se tra\u00eddo, Paul McCartney se afastou de Jackson. Acabou a amizade. At\u00e9 hoje, o Beatle nunca conseguiu reaver seus direitos a n\u00edvel internacional. Nos Estados Unidos, conseguiu recuperar uma parte atrav\u00e9s de processos judiciais. Para o resto do planeta, no entanto, tudo hoje pertencer \u00e0<strong> Sony Music<\/strong>.<\/p>\n<p>\u201cAcho duvidoso\u2026 ser amigo de algu\u00e9m e ent\u00e3o comprar uma coisa que ele estava lutando para ter\u201c, declarou Paul McCartney em sua biografia. Ao jornal ingl\u00eas <strong>The Guardian<\/strong>, Jackson respondeu: \u201c\u201cSe ele n\u00e3o queria investir US$ 47,5 milh\u00f5es nas pr\u00f3prias m\u00fasicas, ent\u00e3o n\u00e3o deveria chorar para mim agora\u201d.<\/p>\n<p>\u00a0<\/p>\n<p> <a href=\"https:\/\/musicnonstop.uol.com.br\/author\/jotawagner\/\" rel=\"nofollow noopener\" target=\"_blank\"> <img loading=\"lazy\" decoding=\"async\" alt=\"Jota Wagner\" src=\"https:\/\/www.europesays.com\/pt\/wp-content\/uploads\/2025\/08\/178776193_10222966477363490_1153757738417113280_n-150x150.jpg\" class=\"lazy avatar avatar-96 photo\" height=\"96\" width=\"96\"\/> <\/a><\/p>\n<p class=\"author-name\"><a href=\"https:\/\/musicnonstop.uol.com.br\/author\/jotawagner\/\" rel=\"nofollow noopener\" target=\"_blank\">Jota Wagner<\/a><\/p>\n<p class=\"author-description\">Jota Wagner escreve, discoteca e faz festas no Brasil e Europa desde o come\u00e7o da d\u00e9cada de 90. Atualmente \u00e9 rep\u00f3rter especial de cultura no Music Non Stop e produtor cultural na Ag\u00eancia 55. Contribuiu, usando os ouvidos, os p\u00e9s ou as m\u00e3os, com a aurora da m\u00fasica eletr\u00f4nica brasileira.<\/p>\n","protected":false},"excerpt":{"rendered":"imagem: reprodu\u00e7\u00e3o Instagram \u201cMas que grandiss\u00edssimo filho da p\u2026!\u201d, deve ter pensado Paul McCartney, em 14 de agosto&hellip;\n","protected":false},"author":2,"featured_media":31012,"comment_status":"","ping_status":"","sticky":false,"template":"","format":"standard","meta":{"footnotes":""},"categories":[141],"tags":[114,115,149,150,32,33],"class_list":{"0":"post-31011","1":"post","2":"type-post","3":"status-publish","4":"format-standard","5":"has-post-thumbnail","7":"category-musica","8":"tag-entertainment","9":"tag-entretenimento","10":"tag-music","11":"tag-musica","12":"tag-portugal","13":"tag-pt"},"share_on_mastodon":{"url":"","error":""},"_links":{"self":[{"href":"https:\/\/www.europesays.com\/pt\/wp-json\/wp\/v2\/posts\/31011","targetHints":{"allow":["GET"]}}],"collection":[{"href":"https:\/\/www.europesays.com\/pt\/wp-json\/wp\/v2\/posts"}],"about":[{"href":"https:\/\/www.europesays.com\/pt\/wp-json\/wp\/v2\/types\/post"}],"author":[{"embeddable":true,"href":"https:\/\/www.europesays.com\/pt\/wp-json\/wp\/v2\/users\/2"}],"replies":[{"embeddable":true,"href":"https:\/\/www.europesays.com\/pt\/wp-json\/wp\/v2\/comments?post=31011"}],"version-history":[{"count":0,"href":"https:\/\/www.europesays.com\/pt\/wp-json\/wp\/v2\/posts\/31011\/revisions"}],"wp:featuredmedia":[{"embeddable":true,"href":"https:\/\/www.europesays.com\/pt\/wp-json\/wp\/v2\/media\/31012"}],"wp:attachment":[{"href":"https:\/\/www.europesays.com\/pt\/wp-json\/wp\/v2\/media?parent=31011"}],"wp:term":[{"taxonomy":"category","embeddable":true,"href":"https:\/\/www.europesays.com\/pt\/wp-json\/wp\/v2\/categories?post=31011"},{"taxonomy":"post_tag","embeddable":true,"href":"https:\/\/www.europesays.com\/pt\/wp-json\/wp\/v2\/tags?post=31011"}],"curies":[{"name":"wp","href":"https:\/\/api.w.org\/{rel}","templated":true}]}}