{"id":310300,"date":"2026-03-19T02:29:08","date_gmt":"2026-03-19T02:29:08","guid":{"rendered":"https:\/\/www.europesays.com\/pt\/310300\/"},"modified":"2026-03-19T02:29:08","modified_gmt":"2026-03-19T02:29:08","slug":"assista-a-integra-do-jornal-da-record-14","status":"publish","type":"post","link":"https:\/\/www.europesays.com\/pt\/310300\/","title":{"rendered":"Assista \u00e0 \u00edntegra do Jornal da Record"},"content":{"rendered":"<p class=\"jarvics:base-text-neutral-high-400 xovem:base-text-dark-high-400 base-text-[calc(theme(fontSize.xs)_*_var(--font-size,_1))] base-font-normal base-font-primary base-text-neutral-low-500 base-text-left\">Confira na edi\u00e7\u00e3o do Jornal da Record desta quarta-feira (18): No Ir\u00e3, ministro da intelig\u00eancia \u00e9 morto em ataque de Israel. Pr\u00e9dio inteiro desaba depois de bombardeio na capital do L\u00edbano. EUA disparam m\u00edsseis para liberar o Estreito de Ormuz. No Brasil, governo aperta fiscaliza\u00e7\u00e3o do frete em meio \u00e0 press\u00e3o da guerra. Fazenda anuncia cr\u00e9dito a estados que zerarem ICMS na importa\u00e7\u00e3o do diesel. Ministro Andr\u00e9 Mendon\u00e7a prorroga investiga\u00e7\u00e3o sobre o caso Master. Athletico Paranaense e Cruzeiro se enfrentam pelo Brasileir\u00e3o, ao vivo na RECORD, R7 e RecordPlus.<\/p>\n","protected":false},"excerpt":{"rendered":"Confira na edi\u00e7\u00e3o do Jornal da Record desta quarta-feira (18): No Ir\u00e3, ministro da intelig\u00eancia \u00e9 morto em&hellip;\n","protected":false},"author":2,"featured_media":310301,"comment_status":"","ping_status":"","sticky":false,"template":"","format":"standard","meta":{"footnotes":"","_share_on_mastodon":"0"},"categories":[142],"tags":[55159,114,115,43806,4286,32,33,151],"class_list":["post-310300","post","type-post","status-publish","format-standard","has-post-thumbnail","category-tv","tag-18-03-2026","tag-entertainment","tag-entretenimento","tag-integra","tag-jornal-da-record","tag-portugal","tag-pt","tag-tv"],"share_on_mastodon":{"url":"https:\/\/pubeurope.com\/@pt\/116253488669889808","error":""},"_links":{"self":[{"href":"https:\/\/www.europesays.com\/pt\/wp-json\/wp\/v2\/posts\/310300","targetHints":{"allow":["GET"]}}],"collection":[{"href":"https:\/\/www.europesays.com\/pt\/wp-json\/wp\/v2\/posts"}],"about":[{"href":"https:\/\/www.europesays.com\/pt\/wp-json\/wp\/v2\/types\/post"}],"author":[{"embeddable":true,"href":"https:\/\/www.europesays.com\/pt\/wp-json\/wp\/v2\/users\/2"}],"replies":[{"embeddable":true,"href":"https:\/\/www.europesays.com\/pt\/wp-json\/wp\/v2\/comments?post=310300"}],"version-history":[{"count":0,"href":"https:\/\/www.europesays.com\/pt\/wp-json\/wp\/v2\/posts\/310300\/revisions"}],"wp:featuredmedia":[{"embeddable":true,"href":"https:\/\/www.europesays.com\/pt\/wp-json\/wp\/v2\/media\/310301"}],"wp:attachment":[{"href":"https:\/\/www.europesays.com\/pt\/wp-json\/wp\/v2\/media?parent=310300"}],"wp:term":[{"taxonomy":"category","embeddable":true,"href":"https:\/\/www.europesays.com\/pt\/wp-json\/wp\/v2\/categories?post=310300"},{"taxonomy":"post_tag","embeddable":true,"href":"https:\/\/www.europesays.com\/pt\/wp-json\/wp\/v2\/tags?post=310300"}],"curies":[{"name":"wp","href":"https:\/\/api.w.org\/{rel}","templated":true}]}}