{"id":310304,"date":"2026-03-19T02:36:26","date_gmt":"2026-03-19T02:36:26","guid":{"rendered":"https:\/\/www.europesays.com\/pt\/310304\/"},"modified":"2026-03-19T02:36:26","modified_gmt":"2026-03-19T02:36:26","slug":"portugal-poupou-900-milhoes-este-ano-ao-usar-energias-renovaveis","status":"publish","type":"post","link":"https:\/\/www.europesays.com\/pt\/310304\/","title":{"rendered":"Portugal poupou 900 milh\u00f5es este ano ao usar energias renov\u00e1veis"},"content":{"rendered":"<p>        No poupar est\u00e1 o ganho. O maior peso das energias renov\u00e1veis ajudou o pa\u00eds a comprar menos g\u00e1s, a importar menos eletricidade e a comprar menos licen\u00e7as de carbono. Portugal est\u00e1 no p\u00f3dio europeu das renov\u00e1veis.    <\/p>\n<p>Portugal poupou quase 200 milh\u00f5es em fevereiro ao usar mais energias renov\u00e1veis, em vez de fontes f\u00f3sseis ou comprar mais energia a Espanha.<\/p>\n<p>Juntando os 700 milh\u00f5es de janeiro, o pa\u00eds poupou 900 milh\u00f5es de euros s\u00f3 este ano, usando energias renov\u00e1veis em detrimento do uso de g\u00e1s nas centrais de ciclo combinado.<\/p>\n<p>As contas s\u00e3o da Associa\u00e7\u00e3o Portuguesa de Energias Renov\u00e1veis (Apren) e revelam a import\u00e2ncia do crescimento da eletricidade verde em Portugal.<\/p>\n<p>\u201cO contributo do setor renov\u00e1vel refletiu-se igualmente em poupan\u00e7as significativas de servi\u00e7o ambiental. Apenas em fevereiro, o pa\u00eds evitou gastos de 48,8 M\u20ac na importa\u00e7\u00e3o de g\u00e1s natural, 101 M\u20ac na importa\u00e7\u00e3o de eletricidade e 44 M\u20ac na aquisi\u00e7\u00e3o de licen\u00e7as de emiss\u00e3o de CO2\u201d, segundo a Apren, referindo ao m\u00eas de fevereiro.<\/p>\n<p>A eletricidade renov\u00e1vel em Portugal superou os 77% na produ\u00e7\u00e3o nacional durante o m\u00eas de fevereiro.<\/p>\n<p>Num m\u00eas marcado por v\u00e1rias tempestades e com as barragens em Portugal a atingirem m\u00e1ximos, a energia h\u00eddrica liderou, pesando 37% do total. Segue-se a energia e\u00f3lica, com 31% e a solar com apenas 5%.<\/p>\n<p>O consumo de eletricidade em Portugal continental foi abastecido exclusivamente por gera\u00e7\u00e3o renov\u00e1vel durante 196 horas n\u00e3o consecutivas.<\/p>\n<p>Portugal foi o terceiro pa\u00eds da UE com mais peso das renov\u00e1veis em janeiro e fevereiro (79%), apenas atr\u00e1s da Noruega e da Dinamarca, cada um com mais de 90%.<\/p>\n<p>A produ\u00e7\u00e3o nacional disparou 20% face a fevereiro do m\u00eas anterior, com a energia e\u00f3lica a ser chave para colmatar esta subida<\/p>\n<p>No mercado ib\u00e9rico, o pre\u00e7o grossista da eletricidade atingiu 5,1 euros\/MWh em fevereiro. Desde o in\u00edcio do ano, que o pre\u00e7o m\u00e9dio est\u00e1 nos 42,4 euros\/Mwh, menos 58% face a per\u00edodo hom\u00f3logo.<\/p>\n<p>A pot\u00eancia renov\u00e1vel pesa mais de 80% na capacidade total instalada em Portugal.<\/p>\n","protected":false},"excerpt":{"rendered":"No poupar est\u00e1 o ganho. O maior peso das energias renov\u00e1veis ajudou o pa\u00eds a comprar menos g\u00e1s,&hellip;\n","protected":false},"author":2,"featured_media":310305,"comment_status":"","ping_status":"","sticky":false,"template":"","format":"standard","meta":{"footnotes":"","_share_on_mastodon":"0"},"categories":[83],"tags":[55160,55161,88,89,90,5041,12055,32,12553,33],"class_list":["post-310304","post","type-post","status-publish","format-standard","has-post-thumbnail","category-empresas","tag-900-milhoes","tag-apren","tag-business","tag-economy","tag-empresas","tag-energias-renovaveis","tag-gas","tag-portugal","tag-poupar","tag-pt"],"share_on_mastodon":{"url":"https:\/\/pubeurope.com\/@pt\/116253516490181594","error":""},"_links":{"self":[{"href":"https:\/\/www.europesays.com\/pt\/wp-json\/wp\/v2\/posts\/310304","targetHints":{"allow":["GET"]}}],"collection":[{"href":"https:\/\/www.europesays.com\/pt\/wp-json\/wp\/v2\/posts"}],"about":[{"href":"https:\/\/www.europesays.com\/pt\/wp-json\/wp\/v2\/types\/post"}],"author":[{"embeddable":true,"href":"https:\/\/www.europesays.com\/pt\/wp-json\/wp\/v2\/users\/2"}],"replies":[{"embeddable":true,"href":"https:\/\/www.europesays.com\/pt\/wp-json\/wp\/v2\/comments?post=310304"}],"version-history":[{"count":0,"href":"https:\/\/www.europesays.com\/pt\/wp-json\/wp\/v2\/posts\/310304\/revisions"}],"wp:featuredmedia":[{"embeddable":true,"href":"https:\/\/www.europesays.com\/pt\/wp-json\/wp\/v2\/media\/310305"}],"wp:attachment":[{"href":"https:\/\/www.europesays.com\/pt\/wp-json\/wp\/v2\/media?parent=310304"}],"wp:term":[{"taxonomy":"category","embeddable":true,"href":"https:\/\/www.europesays.com\/pt\/wp-json\/wp\/v2\/categories?post=310304"},{"taxonomy":"post_tag","embeddable":true,"href":"https:\/\/www.europesays.com\/pt\/wp-json\/wp\/v2\/tags?post=310304"}],"curies":[{"name":"wp","href":"https:\/\/api.w.org\/{rel}","templated":true}]}}