{"id":31113,"date":"2025-08-15T22:14:08","date_gmt":"2025-08-15T22:14:08","guid":{"rendered":"https:\/\/www.europesays.com\/pt\/31113\/"},"modified":"2025-08-15T22:14:08","modified_gmt":"2025-08-15T22:14:08","slug":"cimeira-no-alasca-putin-e-trump-ja-chegaram-para-cimeira-mas-nao-estarao-sozinhos-no-encontro","status":"publish","type":"post","link":"https:\/\/www.europesays.com\/pt\/31113\/","title":{"rendered":"Cimeira no Alasca. Putin e Trump j\u00e1 chegaram para cimeira, mas n\u00e3o estar\u00e3o sozinhos no encontro"},"content":{"rendered":"<p><strong>Moscovo admite reuni\u00e3o entre presidentes russo e ucraniano se a reuni\u00e3o com Trump for satisfat\u00f3ria<\/strong><\/p>\n<p>O Kremlin considera vi\u00e1vel uma hipot\u00e9tica cimeira entre os presidentes russo e ucraniano, caso a reuni\u00e3o de hoje entre Vladimir Putin e o hom\u00f3logo norte-americano, Donald Trump, tenha um resultado satisfat\u00f3rio para Moscovo.<\/p>\n<p>O porta-voz da presid\u00eancia russa, Dmitri Peskov, deu como certo que as delega\u00e7\u00f5es russa e norte-americana ter\u00e3o hoje horas intensas de trabalho em Anchorage, Alasca, pelo menos \u201centre seis e sete horas\u201d, dada \u201ca grande quantidade de eventos programados\u201d.<\/p>\n<p>O presidente russo, Vladimir Putin, viaja para Anchorage acompanhado pelo seu ministro dos Neg\u00f3cios Estrangeiros, Serguei Lavrov, pelo chefe do fundo soberano de riqueza da R\u00fassia, Kirill Dmitriev, pelo ministro da Defesa, Andrey Belousov, e pelo ministro das Finan\u00e7as, Anton Siluanov.<\/p>\n<p>Peskov confirmou, como j\u00e1 era esperado, que a cimeira entre Trump e Putin contar\u00e1 com encontros paralelos de car\u00e1ter econ\u00f3mico.<\/p>\n<p>\u201cHaver\u00e1 negocia\u00e7\u00f5es entre estas delega\u00e7\u00f5es, possivelmente no formato de almo\u00e7o de trabalho\u201d, explicou o porta-voz do Kremlin em declara\u00e7\u00f5es ao Canal 1 da televis\u00e3o russa.<\/p>\n<p>Depois, acrescentou, Putin e Trump \u201cdiscutir\u00e3o os resultados antes de se reunirem\u201d, seguindo-se depois uma confer\u00eancia de imprensa conjunta.<\/p>\n<p>\u201cNo total, pode supor-se que se dedicar\u00e3o a isto entre seis e sete horas\u201d, indicou Peskov.<\/p>\n<p>O porta-voz do Kremlin expressou o desejo de que esta cimeira termine \u201cde forma produtiva\u201d, um resultado considerado imprescind\u00edvel para viabilizar outra esperada reuni\u00e3o ainda em suspenso: a que juntaria Putin e o seu hom\u00f3logo ucraniano, Volodymyr Zelensky.<\/p>\n<p>Peskov adiantou ainda que Putin dever\u00e1 chegar \u00e0s 11h00 locais (20h00 em Lisboa) a Anchorage, onde ser\u00e1 recebido no avi\u00e3o por Trump.<\/p>\n<p>Durante as quatro horas de voo desde Magadan, Putin ir\u00e1 rever materiais sobre a Ucr\u00e2nia, tens\u00f5es bilaterais, coopera\u00e7\u00e3o econ\u00f3mica e assuntos globais, referiu ainda.<\/p>\n<p>Quem j\u00e1 est\u00e1 no Alasca \u00e9 o chefe da diplomacia russa, Serguei Lavrov, que surgiu vestindo uma camisola com as letras mai\u00fasculas CCCP, acr\u00f3nimo russo de Uni\u00e3o das Rep\u00fablicas Socialistas Sovi\u00e9ticas (URSS).<\/p>\n<p>O chefe da diplomacia russa, uma figura de peso na pol\u00edtica externa do pa\u00eds h\u00e1 v\u00e1rias d\u00e9cadas, n\u00e3o fez declara\u00e7\u00f5es \u00e0 chegada, mas a camisola branca de estilo \u2018vintage\u2019, vis\u00edvel por baixo de um colete azul, foi imediatamente interpretada como uma mensagem de nostalgia pela era sovi\u00e9tica, em linha com declara\u00e7\u00f5es que Putin tem feito em in\u00fameras ocasi\u00f5es.<\/p>\n<p>Essa silenciosa reivindica\u00e7\u00e3o sovi\u00e9tica traz \u00e0 mem\u00f3ria um tempo em que os Estados Unidos e a R\u00fassia dominavam o mundo quase sem rivais, durante a Guerra Fria, que durou at\u00e9 ao desmantelamento da Uni\u00e3o Sovi\u00e9tica, nos anos 90 do s\u00e9culo passado, e \u00e0 consequente perda de influ\u00eancia da R\u00fassia na geopol\u00edtica mundial.<\/p>\n<p><strong>Trump diz que europeus estar\u00e3o envolvidos nas negocia\u00e7\u00f5es de paz<\/strong><\/p>\n<p>O presidente dos Estados Unidos, Donald Trump, afirmou hoje que os l\u00edderes europeus n\u00e3o lhe dizem o que fazer, mas que estar\u00e3o envolvidos nas negocia\u00e7\u00f5es sobre uma poss\u00edvel tr\u00e9gua na Ucr\u00e2nia com o Presidente russo, Vladimir Putin.<\/p>\n<p>Na cimeira de com o hom\u00f3logo russo, Trump tem como objetivo principal um cessar-fogo r\u00e1pido entre Kiev e Moscovo.<\/p>\n<p>\u201cN\u00e3o sei se ser\u00e1 hoje, mas n\u00e3o estarei contente se n\u00e3o for hoje\u201d, avisou, em declara\u00e7\u00f5es aos jornalistas no avi\u00e3o presidencial, a caminho do Alasca.<\/p>\n<p>O Presidente norte-americano sublinhou que n\u00e3o vai negociar em nome da Ucr\u00e2nia, mas apenas garantir que as partes se sentem \u00e0 mesa de negocia\u00e7\u00f5es para acabar com os combates.<\/p>\n<p>Questionado sobre o desenrolar da cimeira, disse esperar que tudo corra \u201cmuito bem\u201d e que, caso contr\u00e1rio, se retirar\u00e1 rapidamente.<\/p>\n","protected":false},"excerpt":{"rendered":"Moscovo admite reuni\u00e3o entre presidentes russo e ucraniano se a reuni\u00e3o com Trump for satisfat\u00f3ria O Kremlin considera&hellip;\n","protected":false},"author":2,"featured_media":31114,"comment_status":"","ping_status":"","sticky":false,"template":"","format":"standard","meta":{"footnotes":""},"categories":[50],"tags":[8247,27,28,92,15,16,889,14,25,26,21,22,62,12,13,19,20,23,24,17,18,29,30,31,2415,63,64,65],"class_list":{"0":"post-31113","1":"post","2":"type-post","3":"status-publish","4":"format-standard","5":"has-post-thumbnail","7":"category-mundo","8":"tag-alasca","9":"tag-breaking-news","10":"tag-breakingnews","11":"tag-donald-trump","12":"tag-featured-news","13":"tag-featurednews","14":"tag-guerra-na-ucrania","15":"tag-headlines","16":"tag-latest-news","17":"tag-latestnews","18":"tag-main-news","19":"tag-mainnews","20":"tag-mundo","21":"tag-news","22":"tag-noticias","23":"tag-noticias-principais","24":"tag-noticiasprincipais","25":"tag-principais-noticias","26":"tag-principaisnoticias","27":"tag-top-stories","28":"tag-topstories","29":"tag-ultimas","30":"tag-ultimas-noticias","31":"tag-ultimasnoticias","32":"tag-vladimir-putin","33":"tag-world","34":"tag-world-news","35":"tag-worldnews"},"share_on_mastodon":{"url":"","error":""},"_links":{"self":[{"href":"https:\/\/www.europesays.com\/pt\/wp-json\/wp\/v2\/posts\/31113","targetHints":{"allow":["GET"]}}],"collection":[{"href":"https:\/\/www.europesays.com\/pt\/wp-json\/wp\/v2\/posts"}],"about":[{"href":"https:\/\/www.europesays.com\/pt\/wp-json\/wp\/v2\/types\/post"}],"author":[{"embeddable":true,"href":"https:\/\/www.europesays.com\/pt\/wp-json\/wp\/v2\/users\/2"}],"replies":[{"embeddable":true,"href":"https:\/\/www.europesays.com\/pt\/wp-json\/wp\/v2\/comments?post=31113"}],"version-history":[{"count":0,"href":"https:\/\/www.europesays.com\/pt\/wp-json\/wp\/v2\/posts\/31113\/revisions"}],"wp:featuredmedia":[{"embeddable":true,"href":"https:\/\/www.europesays.com\/pt\/wp-json\/wp\/v2\/media\/31114"}],"wp:attachment":[{"href":"https:\/\/www.europesays.com\/pt\/wp-json\/wp\/v2\/media?parent=31113"}],"wp:term":[{"taxonomy":"category","embeddable":true,"href":"https:\/\/www.europesays.com\/pt\/wp-json\/wp\/v2\/categories?post=31113"},{"taxonomy":"post_tag","embeddable":true,"href":"https:\/\/www.europesays.com\/pt\/wp-json\/wp\/v2\/tags?post=31113"}],"curies":[{"name":"wp","href":"https:\/\/api.w.org\/{rel}","templated":true}]}}