{"id":31115,"date":"2025-08-15T22:15:11","date_gmt":"2025-08-15T22:15:11","guid":{"rendered":"https:\/\/www.europesays.com\/pt\/31115\/"},"modified":"2025-08-15T22:15:11","modified_gmt":"2025-08-15T22:15:11","slug":"e-uma-dor-muito-grande-olhar-para-a-serra-da-lousa","status":"publish","type":"post","link":"https:\/\/www.europesays.com\/pt\/31115\/","title":{"rendered":"\u00c9 uma dor muito grande olhar para a serra da Lous\u00e3"},"content":{"rendered":"<p>Para Paulo Correia, a noite de quinta-feira foi de &#8220;preven\u00e7\u00e3o, a olhar para a serra&#8221; a acompanhar a trajet\u00f3ria do inc\u00eandio na Lous\u00e3. &#8220;Desde as 3 da manh\u00e3, o fogo virou para a povoa\u00e7\u00e3o&#8221;, segundo o residente em Vilarinho.<\/p>\n<p data-remotead-prev-elm=\"true\" data-remotead-elm-id=\"inread\">No Centro de Sa\u00fade da Lous\u00e3, onde foi buscar material para os bombeiros, Paulo Correia ia confortando a esposa, em l\u00e1grimas, preocupada com a sua habita\u00e7\u00e3o. As chamas estavam muito pr\u00f3ximas. &#8220;Tir\u00e1mos o essencial ou que achamos ser o essencial: uma muda de roupa e os documentos&#8221;, relata, acrescentando que os idosos tinham sido retirados.<\/p>\n<p>Acesso exclusivo a assinantes<\/p>\n<p>Acesso ilimitado a conte\u00fados exclusivos<\/p>\n<p>Navega\u00e7\u00e3o sem publicidade intrusiva<\/p>\n<p>Vers\u00e3o digital do jornal, suplementos e revistas<\/p>\n","protected":false},"excerpt":{"rendered":"Para Paulo Correia, a noite de quinta-feira foi de &#8220;preven\u00e7\u00e3o, a olhar para a serra&#8221; a acompanhar a&hellip;\n","protected":false},"author":2,"featured_media":31116,"comment_status":"","ping_status":"","sticky":false,"template":"","format":"standard","meta":{"footnotes":""},"categories":[10],"tags":[27,28,15,16,14,25,26,21,22,12,13,19,20,32,23,24,33,17,18,29,30,31],"class_list":{"0":"post-31115","1":"post","2":"type-post","3":"status-publish","4":"format-standard","5":"has-post-thumbnail","7":"category-portugal","8":"tag-breaking-news","9":"tag-breakingnews","10":"tag-featured-news","11":"tag-featurednews","12":"tag-headlines","13":"tag-latest-news","14":"tag-latestnews","15":"tag-main-news","16":"tag-mainnews","17":"tag-news","18":"tag-noticias","19":"tag-noticias-principais","20":"tag-noticiasprincipais","21":"tag-portugal","22":"tag-principais-noticias","23":"tag-principaisnoticias","24":"tag-pt","25":"tag-top-stories","26":"tag-topstories","27":"tag-ultimas","28":"tag-ultimas-noticias","29":"tag-ultimasnoticias"},"share_on_mastodon":{"url":"","error":""},"_links":{"self":[{"href":"https:\/\/www.europesays.com\/pt\/wp-json\/wp\/v2\/posts\/31115","targetHints":{"allow":["GET"]}}],"collection":[{"href":"https:\/\/www.europesays.com\/pt\/wp-json\/wp\/v2\/posts"}],"about":[{"href":"https:\/\/www.europesays.com\/pt\/wp-json\/wp\/v2\/types\/post"}],"author":[{"embeddable":true,"href":"https:\/\/www.europesays.com\/pt\/wp-json\/wp\/v2\/users\/2"}],"replies":[{"embeddable":true,"href":"https:\/\/www.europesays.com\/pt\/wp-json\/wp\/v2\/comments?post=31115"}],"version-history":[{"count":0,"href":"https:\/\/www.europesays.com\/pt\/wp-json\/wp\/v2\/posts\/31115\/revisions"}],"wp:featuredmedia":[{"embeddable":true,"href":"https:\/\/www.europesays.com\/pt\/wp-json\/wp\/v2\/media\/31116"}],"wp:attachment":[{"href":"https:\/\/www.europesays.com\/pt\/wp-json\/wp\/v2\/media?parent=31115"}],"wp:term":[{"taxonomy":"category","embeddable":true,"href":"https:\/\/www.europesays.com\/pt\/wp-json\/wp\/v2\/categories?post=31115"},{"taxonomy":"post_tag","embeddable":true,"href":"https:\/\/www.europesays.com\/pt\/wp-json\/wp\/v2\/tags?post=31115"}],"curies":[{"name":"wp","href":"https:\/\/api.w.org\/{rel}","templated":true}]}}