{"id":31120,"date":"2025-08-15T22:21:13","date_gmt":"2025-08-15T22:21:13","guid":{"rendered":"https:\/\/www.europesays.com\/pt\/31120\/"},"modified":"2025-08-15T22:21:13","modified_gmt":"2025-08-15T22:21:13","slug":"nick-jonas-comenta-sobre-participacao-de-demi-lovato-em-show-sonho","status":"publish","type":"post","link":"https:\/\/www.europesays.com\/pt\/31120\/","title":{"rendered":"Nick Jonas comenta sobre participa\u00e7\u00e3o de Demi Lovato em show: &#8216;Sonho&#8217;"},"content":{"rendered":"<p>Um dia ap\u00f3s<a href=\"https:\/\/www.instagram.com\/ddlovato\/\" target=\"_blank\" rel=\"noopener nofollow\"> <strong>Demi Lovato<\/strong><\/a> ter subido ao palco do MetLife Stadium, em Nova Jersey, Estados Unidos, para performar junto aos <a href=\"https:\/\/pt.wikipedia.org\/wiki\/Jonas_Brothers\" target=\"_blank\" rel=\"noopener nofollow\">Jonas Brothers<\/a> faixas que marcaram a franquia \u201cCamp Rock\u201d,<strong> Nick Jonas<\/strong> revelou os sentimentos de poder cantar e tocar novamente ao lado da cantora ap\u00f3s tantos anos.<\/p>\n<p>A declara\u00e7\u00e3o foi concedida ao PopSugar na \u00faltima segunda-feira, 11, onde o astro demonstrou gratid\u00e3o a <strong>Lovato<\/strong> por aceitar o convite da banda, revelando que a ocasi\u00e3o pareceu um \u201csonho\u201d<\/p>\n<p>\u201cVoc\u00ea olha para cima e l\u00e1 est\u00e1 a pessoa com quem compartilhamos momentos da vida real e passamos por experi\u00eancias incr\u00edveis\u2026 E ent\u00e3o, estar de volta naquele palco, ter aquela experi\u00eancia em nossa cidade natal com ela foi realmente significativo para n\u00f3s\u201d, come\u00e7ou relembrando <strong>Nick<\/strong>. <\/p>\n<blockquote>\n<p>\u201cSou muito grato por termos tido a chance de fazer isso e coroar a noite daquela jornada de 20 anos com uma pessoa que significa muito para todos n\u00f3s, al\u00e9m do seu imenso talento. S\u00f3 a disposi\u00e7\u00e3o dela em vir se apresentar conosco ap\u00f3s tanto tempo foi realmente profunda. Honestamente, pareceu um sonho\u201d, concluiu o cantor na entrevista.<\/p>\n<\/blockquote>\n<p> Relembre a apresenta\u00e7\u00e3o <\/p>\n<p>Abrindo a turn\u00ea celebrativa de duas d\u00e9cadas de carreira da banda,\u201dJonas20: Greetings From Your Hometown Tour\u201d, a apresenta\u00e7\u00e3o no MetLife Stadium contou com a participa\u00e7\u00e3o especial de artistas como <strong>Big Rob<\/strong>, para \u201cBurnin\u2019 Up\u201d, bem como <strong>Jesse McCartney<\/strong>, que divide a voz com os irm\u00e3os na faixa \u201cBeautiful Soul\u201d, al\u00e9m de <strong>Demi Lovato<\/strong> que p\u00f4de performar duas can\u00e7\u00f5es com o trio.<\/p>\n<p>A primeira delas foi \u201cThis Is Me\u201d, m\u00fasica de \u201cCamp Rock\u201d (2008), a qual foi seguida por \u201cWouldn\u2019t Change A Thing\u201d, dueto que <strong>Demi<\/strong> e <strong>Joe Jonas<\/strong> performam no segundo filme da franquia, \u201cCamp Rock 2: The Final Jam\u201d (2010); relembre:<\/p>\n<blockquote class=\"twitter-tweet\">\n<p dir=\"ltr\" lang=\"en\">Aug 10th: Jonas Brothers and Demi Lovato performing \u201cThis Is Me\u201d at MetLife Stadium in New Jersey. <a href=\"https:\/\/t.co\/1HB443AsGw\" rel=\"nofollow\">pic.twitter.com\/1HB443AsGw<\/a><\/p>\n<p>\u2014 Jonas Tour Media (@JonasTourMedia) <a href=\"https:\/\/twitter.com\/JonasTourMedia\/status\/1954744931618324905?ref_src=twsrc%5Etfw\" rel=\"nofollow noopener\" target=\"_blank\">August 11, 2025<\/a><\/p>\n<\/blockquote>\n<p>  <a title=\"@livenationnyc\" href=\"https:\/\/www.tiktok.com\/@livenationnyc?refer=embed\" target=\"_blank\" rel=\"noopener nofollow\">@livenationnyc<\/a> @Jonas Brothers &amp; @Demi Lovato brought the Camp Rock reunion to @MetLife Stadium \ud83c\udfb8 <a title=\"camprock\" href=\"https:\/\/www.tiktok.com\/tag\/camprock?refer=embed\" target=\"_blank\" rel=\"noopener nofollow\">#camprock<\/a> <a title=\"jonasbrothers\" href=\"https:\/\/www.tiktok.com\/tag\/jonasbrothers?refer=embed\" target=\"_blank\" rel=\"noopener nofollow\">#jonasbrothers<\/a> <a title=\"demilovato\" href=\"https:\/\/www.tiktok.com\/tag\/demilovato?refer=embed\" target=\"_blank\" rel=\"noopener nofollow\">#demilovato<\/a> <a title=\"metlifestadium\" href=\"https:\/\/www.tiktok.com\/tag\/metlifestadium?refer=embed\" target=\"_blank\" rel=\"noopener nofollow\">#metlifestadium<\/a> <a title=\"newjersey\" href=\"https:\/\/www.tiktok.com\/tag\/newjersey?refer=embed\" target=\"_blank\" rel=\"noopener nofollow\">#newjersey<\/a> <a title=\"\u266c original sound - Live Nation NYC\" href=\"https:\/\/www.tiktok.com\/music\/original-sound-7537158859777903415?refer=embed\" target=\"_blank\" rel=\"noopener nofollow\">\u266c original sound \u2013 Live Nation NYC<\/a>  <\/p>\n<p>Vale lembrar que a franquia marcou os primeiros trabalhos dos quatro artistas com a <a href=\"https:\/\/recreio.com.br\/tags\/disney\" target=\"_blank\" rel=\"noopener nofollow\">Disney<\/a>, a qual rendeu, al\u00e9m dos dois filmes, um document\u00e1rio: \u201cJonas Brothers 3D: O Show\u201d, respons\u00e1vel por reunir as performances e os bastidores da turn\u00ea \u201cBurning Up\u201d, dos Jonas Brothers, incluindo a participa\u00e7\u00e3o de <strong>Lovato<\/strong> para cantar \u201cThis Is Me\u201d.<\/p>\n<p>Tanto \u201cJonas Brothers 3D: O Show\u201d quantos os dois filmes de Camp Rock est\u00e3o dispon\u00edveis para streaming no <a href=\"https:\/\/www.disneyplus.com\/\" target=\"_blank\" rel=\"noopener nofollow\">Disney+<\/a>.<\/p>\n<p>        <a href=\"https:\/\/recreio.com.br\/noticias\/author\/izabela-queiroz\" rel=\"nofollow noopener\" target=\"_blank\">&#13;<br \/>\n          <img alt=\"Izabela Queiroz\" src=\"https:\/\/www.europesays.com\/pt\/wp-content\/uploads\/2025\/08\/1755296473_851_73c0b9c1056486c3f0ac887fc031213cdd608512c3b419d28e1ba5da81c3eb12\"  class=\"avatar avatar-115 photo rounded-circle mr-3\" height=\"115\" width=\"115\" loading=\"lazy\" decoding=\"async\"\/>        <\/a><\/p>\n<p>Cin\u00e9fila e jornalista, <strong>Izabela Queiroz<\/strong> \u00e9 formada pela UNINOVE. Gosta de escrever sobre filmes, s\u00e9ries e m\u00fasica e nunca deixa de lado a paix\u00e3o por tramas repletas de plot twists, al\u00e9m de ser viciada em sitcoms, marvete sempre que pode e crente fiel da Teoria Pixar.<\/p>\n<p>\t\t\t\t\t\t\t                    <script async src=\"https:\/\/platform.twitter.com\/widgets.js\" charset=\"utf-8\"><\/script><script async src=\"\/\/www.instagram.com\/embed.js\"><\/script><script async src=\"\/\/www.tiktok.com\/embed.js\"><\/script><\/p>\n","protected":false},"excerpt":{"rendered":"Um dia ap\u00f3s Demi Lovato ter subido ao palco do MetLife Stadium, em Nova Jersey, Estados Unidos, para&hellip;\n","protected":false},"author":2,"featured_media":31121,"comment_status":"","ping_status":"","sticky":false,"template":"","format":"standard","meta":{"footnotes":""},"categories":[141],"tags":[661,1579,114,115,3584,149,150,3586,32,33],"class_list":{"0":"post-31120","1":"post","2":"type-post","3":"status-publish","4":"format-standard","5":"has-post-thumbnail","7":"category-musica","8":"tag-demi-lovato","9":"tag-disney","10":"tag-entertainment","11":"tag-entretenimento","12":"tag-jonas-brothers","13":"tag-music","14":"tag-musica","15":"tag-nick-jonas","16":"tag-portugal","17":"tag-pt"},"share_on_mastodon":{"url":"","error":""},"_links":{"self":[{"href":"https:\/\/www.europesays.com\/pt\/wp-json\/wp\/v2\/posts\/31120","targetHints":{"allow":["GET"]}}],"collection":[{"href":"https:\/\/www.europesays.com\/pt\/wp-json\/wp\/v2\/posts"}],"about":[{"href":"https:\/\/www.europesays.com\/pt\/wp-json\/wp\/v2\/types\/post"}],"author":[{"embeddable":true,"href":"https:\/\/www.europesays.com\/pt\/wp-json\/wp\/v2\/users\/2"}],"replies":[{"embeddable":true,"href":"https:\/\/www.europesays.com\/pt\/wp-json\/wp\/v2\/comments?post=31120"}],"version-history":[{"count":0,"href":"https:\/\/www.europesays.com\/pt\/wp-json\/wp\/v2\/posts\/31120\/revisions"}],"wp:featuredmedia":[{"embeddable":true,"href":"https:\/\/www.europesays.com\/pt\/wp-json\/wp\/v2\/media\/31121"}],"wp:attachment":[{"href":"https:\/\/www.europesays.com\/pt\/wp-json\/wp\/v2\/media?parent=31120"}],"wp:term":[{"taxonomy":"category","embeddable":true,"href":"https:\/\/www.europesays.com\/pt\/wp-json\/wp\/v2\/categories?post=31120"},{"taxonomy":"post_tag","embeddable":true,"href":"https:\/\/www.europesays.com\/pt\/wp-json\/wp\/v2\/tags?post=31120"}],"curies":[{"name":"wp","href":"https:\/\/api.w.org\/{rel}","templated":true}]}}