{"id":311293,"date":"2026-03-19T22:13:03","date_gmt":"2026-03-19T22:13:03","guid":{"rendered":"https:\/\/www.europesays.com\/pt\/311293\/"},"modified":"2026-03-19T22:13:03","modified_gmt":"2026-03-19T22:13:03","slug":"subida-das-taxas-euribor-com-impacto-na-prestacao-da-casa-ja-no-proximo-mes","status":"publish","type":"post","link":"https:\/\/www.europesays.com\/pt\/311293\/","title":{"rendered":"Subida das taxas Euribor com impacto na presta\u00e7\u00e3o da casa j\u00e1 no pr\u00f3ximo m\u00eas"},"content":{"rendered":"<p data-remotead-prev-elm=\"true\" data-remotead-elm-id=\"inread\">&#8220;Apesar de o Banco Central Europeu (BCE) ter optado por <a href=\"https:\/\/www.jn.pt\/economia\/artigo\/bce-mantem-juros-nos-2-mas-destaca-incerteza-com-conflito-no-medio-oriente\/18063911\" target=\"_blank\" rel=\"nofollow noopener\">manter as taxas diretoras<\/a>, adotando uma postura cautelosa face \u00e0 incerteza econ\u00f3mica decorrente da guerra no M\u00e9dio Oriente, os mercados j\u00e1 est\u00e3o a reagir ao aumento da infla\u00e7\u00e3o&#8221;, apontou a Deco Proteste em comunicado.<\/p>\n<p data-remotead-prev-elm=\"true\" data-remotead-elm-id=\"inread2\">A Deco Proteste regista que as taxas Euribor utilizadas como indexante na maioria dos contratos de cr\u00e9dito \u00e0 habita\u00e7\u00e3o com taxa vari\u00e1vel em Portugal &#8220;j\u00e1 inverteram a tend\u00eancia de descida das \u00faltimas semanas e<strong> iniciaram a subida que se tem intensificado nos \u00faltimos dias<\/strong>&#8220;.<\/p>\n<p>A associa\u00e7\u00e3o aponta que a Euribor a seis meses, a indexante mais utilizada no cr\u00e9dito \u00e0 habita\u00e7\u00e3o, j\u00e1 subiu quase 8,5% desde o in\u00edcio da guerra no M\u00e9dio Oriente, enquanto na Euribor a 12 meses a subida foi de 14%.<\/p>\n<p>&#8220;Se esta tend\u00eancia se mantiver at\u00e9 ao final do m\u00eas, as m\u00e9dias da Euribor em mar\u00e7o dever\u00e3o aumentar em 5,6% e 13,7%, respetivamente, podendo esta \u00faltima superar os 2,5%&#8221;, alerta.<\/p>\n<p data-remotead-prev-elm=\"true\" data-remotead-elm-id=\"centro1\">\u00c0 data de hoje, e desde o in\u00edcio do m\u00eas, o valor m\u00e9dio da Euribor a 12 meses \u00e9 de 2,415%, contra o valor m\u00e9dio de 2,221% ao longo de fevereiro.<\/p>\n<p>A Deco Proteste alerta que uma fam\u00edlia com um cr\u00e9dito \u00e0 habita\u00e7\u00e3o de 150 mil euros a 30 anos, com um &#8220;spread&#8221; de 1% e indexado \u00e0 Euribor a seis meses, &#8220;poder\u00e1 vir a pagar<strong> mais 13 euros por m\u00eas<\/strong>, pelo menos&#8221;.<\/p>\n<p>A associa\u00e7\u00e3o estima ainda que os consumidores possam ter de pagar mais 24 milh\u00f5es de euros nos pr\u00f3ximos seis meses devido \u00e0 subida de taxas de juro.<\/p>\n<p data-remotead-prev-elm=\"true\" data-remotead-elm-id=\"centro2\">Nesse sentido, a Deco Proteste recomenda aos consumidores que &#8220;antecipem poss\u00edveis aumentos e atuem j\u00e1&#8221;.<\/p>\n<blockquote class=\"ngx-blockquote\">\n<p>&#8220;Este \u00e9 o momento certo para rever as condi\u00e7\u00f5es do contrato de cr\u00e9dito \u00e0 habita\u00e7\u00e3o, comparar com as propostas atualmente dispon\u00edveis no mercado e avaliar alternativas que possam reduzir o impacto da subida das taxas de juro&#8221;, sugere a associa\u00e7\u00e3o.<\/p>\n<\/blockquote>\n<p>Em concreto, a associa\u00e7\u00e3o destaca a possibilidade de uma taxa mista de curto prazo, at\u00e9 dois anos, que &#8220;pode ser uma solu\u00e7\u00e3o para quem pretende proteger-se de oscila\u00e7\u00f5es mais acentuadas da Euribor no curto prazo&#8221;.<\/p>\n","protected":false},"excerpt":{"rendered":"&#8220;Apesar de o Banco Central Europeu (BCE) ter optado por manter as taxas diretoras, adotando uma postura cautelosa&hellip;\n","protected":false},"author":2,"featured_media":311294,"comment_status":"","ping_status":"","sticky":false,"template":"","format":"standard","meta":{"footnotes":"","_share_on_mastodon":"0"},"categories":[83],"tags":[88,1238,476,89,90,14852,1956,32,33,4437],"class_list":["post-311293","post","type-post","status-publish","format-standard","has-post-thumbnail","category-empresas","tag-business","tag-credito-a-habitacao","tag-economia","tag-economy","tag-empresas","tag-emprestimos","tag-euribor","tag-portugal","tag-pt","tag-taxas-de-juro"],"share_on_mastodon":{"url":"https:\/\/pubeurope.com\/@pt\/116258144667352739","error":""},"_links":{"self":[{"href":"https:\/\/www.europesays.com\/pt\/wp-json\/wp\/v2\/posts\/311293","targetHints":{"allow":["GET"]}}],"collection":[{"href":"https:\/\/www.europesays.com\/pt\/wp-json\/wp\/v2\/posts"}],"about":[{"href":"https:\/\/www.europesays.com\/pt\/wp-json\/wp\/v2\/types\/post"}],"author":[{"embeddable":true,"href":"https:\/\/www.europesays.com\/pt\/wp-json\/wp\/v2\/users\/2"}],"replies":[{"embeddable":true,"href":"https:\/\/www.europesays.com\/pt\/wp-json\/wp\/v2\/comments?post=311293"}],"version-history":[{"count":0,"href":"https:\/\/www.europesays.com\/pt\/wp-json\/wp\/v2\/posts\/311293\/revisions"}],"wp:featuredmedia":[{"embeddable":true,"href":"https:\/\/www.europesays.com\/pt\/wp-json\/wp\/v2\/media\/311294"}],"wp:attachment":[{"href":"https:\/\/www.europesays.com\/pt\/wp-json\/wp\/v2\/media?parent=311293"}],"wp:term":[{"taxonomy":"category","embeddable":true,"href":"https:\/\/www.europesays.com\/pt\/wp-json\/wp\/v2\/categories?post=311293"},{"taxonomy":"post_tag","embeddable":true,"href":"https:\/\/www.europesays.com\/pt\/wp-json\/wp\/v2\/tags?post=311293"}],"curies":[{"name":"wp","href":"https:\/\/api.w.org\/{rel}","templated":true}]}}