{"id":31130,"date":"2025-08-15T22:29:16","date_gmt":"2025-08-15T22:29:16","guid":{"rendered":"https:\/\/www.europesays.com\/pt\/31130\/"},"modified":"2025-08-15T22:29:16","modified_gmt":"2025-08-15T22:29:16","slug":"moedas-afirma-total-oposicao-a-que-o-aeroporto-de-lisboa-receba-um-aviao-a-cada-81-segundos","status":"publish","type":"post","link":"https:\/\/www.europesays.com\/pt\/31130\/","title":{"rendered":"Moedas afirma &#8220;total oposi\u00e7\u00e3o&#8221; a que o aeroporto de Lisboa receba um avi\u00e3o a cada 81 segundos"},"content":{"rendered":"<p>A possibilidade do aeroporto de Lisboa vir a receber um avi\u00e3o a cada 81 segundos tem a &#8220;total oposi\u00e7\u00e3o&#8221; do presidente da autarquia. Carlos Moedas manifestou-se esta sexta-feira, 15 de agosto, contra essa solu\u00e7\u00e3o e diz &#8220;que a mesma n\u00e3o deixar\u00e1 de contar com a sua total oposi\u00e7\u00e3o&#8221;. <\/p>\n<p>O seman\u00e1rio Expresso avan\u00e7a na edi\u00e7\u00e3o desta sexta-feira que <strong>uma consultora brit\u00e2nica considera as atuais estruturas do aeroporto de Lisboa &#8220;suficientes&#8221; para receber 42 movimentos por hora, o que significa um avi\u00e3o a cada 81 segundos.<\/strong><\/p>\n<p>\u201cJ\u00e1 por diversas vezes referi que <strong>este caminho n\u00e3o \u00e9 aceit\u00e1vel e que comigo tal n\u00e3o acontecer\u00e1\u201d, diz Carlos Moedas<\/strong>, em comunicado, reagindo \u00e0 not\u00edcia do seman\u00e1rio.<\/p>\n<p>Atualmente, <strong>o Aeroporto Humberto Delgado recebe 38 movimentos por hora, ou seja, um avi\u00e3o a cada 95 segundos.<\/strong> <\/p>\n<p>A consultora brit\u00e2nica Matt MacDonald, contratada pela ANA para fazer o plano de expans\u00e3o do aeroporto de Lisboa, defendeu que <strong>s\u00f3 ser\u00e3o necess\u00e1rias obras quando o objetivo for atingir os 45 movimentos a cada 60 minutos.<\/strong> <\/p>\n<p>O governo de Lu\u00eds Montenegro manifestou j\u00e1 vontade em expandir o aeroporto da capital de forma a receber 40 milh\u00f5es de passageiros por ano. O objetivo seria garantir resposta at\u00e9 \u00e0 constru\u00e7\u00e3o da nova infraestrutura aeroportu\u00e1ria em Alcochete.<\/p>\n","protected":false},"excerpt":{"rendered":"A possibilidade do aeroporto de Lisboa vir a receber um avi\u00e3o a cada 81 segundos tem a &#8220;total&hellip;\n","protected":false},"author":2,"featured_media":31131,"comment_status":"","ping_status":"","sticky":false,"template":"","format":"standard","meta":{"footnotes":""},"categories":[10],"tags":[1811,6340,27,28,6827,3766,15,16,14,25,26,21,22,12,13,19,20,32,23,24,33,17,18,29,30,31],"class_list":{"0":"post-31130","1":"post","2":"type-post","3":"status-publish","4":"format-standard","5":"has-post-thumbnail","7":"category-portugal","8":"tag-aeroporto-de-lisboa","9":"tag-ana","10":"tag-breaking-news","11":"tag-breakingnews","12":"tag-camara-de-lisboa","13":"tag-carlos-moedas","14":"tag-featured-news","15":"tag-featurednews","16":"tag-headlines","17":"tag-latest-news","18":"tag-latestnews","19":"tag-main-news","20":"tag-mainnews","21":"tag-news","22":"tag-noticias","23":"tag-noticias-principais","24":"tag-noticiasprincipais","25":"tag-portugal","26":"tag-principais-noticias","27":"tag-principaisnoticias","28":"tag-pt","29":"tag-top-stories","30":"tag-topstories","31":"tag-ultimas","32":"tag-ultimas-noticias","33":"tag-ultimasnoticias"},"share_on_mastodon":{"url":"","error":""},"_links":{"self":[{"href":"https:\/\/www.europesays.com\/pt\/wp-json\/wp\/v2\/posts\/31130","targetHints":{"allow":["GET"]}}],"collection":[{"href":"https:\/\/www.europesays.com\/pt\/wp-json\/wp\/v2\/posts"}],"about":[{"href":"https:\/\/www.europesays.com\/pt\/wp-json\/wp\/v2\/types\/post"}],"author":[{"embeddable":true,"href":"https:\/\/www.europesays.com\/pt\/wp-json\/wp\/v2\/users\/2"}],"replies":[{"embeddable":true,"href":"https:\/\/www.europesays.com\/pt\/wp-json\/wp\/v2\/comments?post=31130"}],"version-history":[{"count":0,"href":"https:\/\/www.europesays.com\/pt\/wp-json\/wp\/v2\/posts\/31130\/revisions"}],"wp:featuredmedia":[{"embeddable":true,"href":"https:\/\/www.europesays.com\/pt\/wp-json\/wp\/v2\/media\/31131"}],"wp:attachment":[{"href":"https:\/\/www.europesays.com\/pt\/wp-json\/wp\/v2\/media?parent=31130"}],"wp:term":[{"taxonomy":"category","embeddable":true,"href":"https:\/\/www.europesays.com\/pt\/wp-json\/wp\/v2\/categories?post=31130"},{"taxonomy":"post_tag","embeddable":true,"href":"https:\/\/www.europesays.com\/pt\/wp-json\/wp\/v2\/tags?post=31130"}],"curies":[{"name":"wp","href":"https:\/\/api.w.org\/{rel}","templated":true}]}}