{"id":31134,"date":"2025-08-15T22:33:24","date_gmt":"2025-08-15T22:33:24","guid":{"rendered":"https:\/\/www.europesays.com\/pt\/31134\/"},"modified":"2025-08-15T22:33:24","modified_gmt":"2025-08-15T22:33:24","slug":"e-book-aborda-uso-de-inteligencia-artificial-e-audiodescricao-na-educacao-inclusiva-universidade-federal-de-pernambuco","status":"publish","type":"post","link":"https:\/\/www.europesays.com\/pt\/31134\/","title":{"rendered":"E-book aborda uso de intelig\u00eancia artificial e audiodescri\u00e7\u00e3o na educa\u00e7\u00e3o inclusiva &#8211; Universidade Federal de Pernambuco"},"content":{"rendered":"<p>O evento de lan\u00e7amento da obra ser\u00e1 realizado de forma on-line, por meio de transmiss\u00e3o ao vivo pelo YouTube<\/p>\n<p><img decoding=\"async\" alt=\"\" src=\"https:\/\/www.europesays.com\/pt\/wp-content\/uploads\/2025\/08\/da706c31-ecaf-4511-adb5-aa8a099a363e\" style=\"margin: 5px; float: right;\"\/> <\/p>\n<p>Na pr\u00f3xima sexta-feira (22), \u00e0s 19h, ocorre o evento on-line de lan\u00e7amento do e-book <a href=\"https:\/\/www.pimentacultural.com\/livro\/tecendo-futuro\/\" style=\"font-weight: 200;\" target=\"_blank\" rel=\"nofollow noopener\">\u201cTecendo o futuro da educa\u00e7\u00e3o com intelig\u00eancia artificial aplicada \u00e0 audiodescri\u00e7\u00e3o\u201d<\/a>, de autoria do professor Ernani Ribeiro, do Curso de Ci\u00eancias Biol\u00f3gicas do Centro Acad\u00eamico de Vit\u00f3ria (CAV) da UFPE. O livro apresenta a experi\u00eancia pioneira de uma iniciativa de capacita\u00e7\u00e3o de professores do Ensino M\u00e9dio em pr\u00e1ticas de audiodescri\u00e7\u00e3o para estudantes com defici\u00eancia visual que integrou recursos de intelig\u00eancia artificial ao contexto educacional de Pernambuco. O evento poder\u00e1 ser acompanhado de forma on-line, por meio de transmiss\u00e3o ao vivo <a href=\"https:\/\/www.youtube.com\/@ernani.ribeiro\" style=\"font-weight: 200;\" target=\"_blank\" rel=\"nofollow noopener\">pelo YouTube<\/a>.<\/p>\n<p>A obra narra a trajet\u00f3ria e os impactos de curso promovido pelo projeto de extens\u00e3o \u201cTecendo o futuro da educa\u00e7\u00e3o com intelig\u00eancia artificial aplicada \u00e0 audiodescri\u00e7\u00e3o\u201d, realizado em parceria com o Minist\u00e9rio da Educa\u00e7\u00e3o (MEC) e o N\u00facleo de Acessibilidade (Nace) da UFPE e vinculado \u00e0 Secretaria de Educa\u00e7\u00e3o Continuada, Alfabetiza\u00e7\u00e3o de Jovens e Adultos, Diversidade e Inclus\u00e3o (Secadi). A a\u00e7\u00e3o teve como prop\u00f3sito democratizar o acesso \u00e0 informa\u00e7\u00e3o e criar ambientes de aprendizagem equitativos, promovendo a inclus\u00e3o de estudantes com defici\u00eancia visual e outras singularidades. A implementa\u00e7\u00e3o do curso abrangeu diversas cidades de Pernambuco, tanto a capital como regi\u00f5es com baixos \u00edndices de desenvolvimento humano (IDHM), contribuindo assim para a redu\u00e7\u00e3o de desigualdades regionais e a melhoria da qualidade do ensino no estado.<\/p>\n<p>O livro est\u00e1 dispon\u00edvel para <a href=\"https:\/\/www.pimentacultural.com\/livro\/tecendo-futuro\/\" target=\"_blank\" rel=\"nofollow noopener\">download gratuito<\/a> no portal da Editora Acad\u00eamica Pimenta Cultural.<\/p>\n","protected":false},"excerpt":{"rendered":"O evento de lan\u00e7amento da obra ser\u00e1 realizado de forma on-line, por meio de transmiss\u00e3o ao vivo pelo&hellip;\n","protected":false},"author":2,"featured_media":31135,"comment_status":"","ping_status":"","sticky":false,"template":"","format":"standard","meta":{"footnotes":""},"categories":[143],"tags":[169,10194,1661,872,114,115,170,10193,13,32,33,8614],"class_list":{"0":"post-31134","1":"post","2":"type-post","3":"status-publish","4":"format-standard","5":"has-post-thumbnail","7":"category-livros","8":"tag-books","9":"tag-cav","10":"tag-destaque","11":"tag-e-book","12":"tag-entertainment","13":"tag-entretenimento","14":"tag-livros","15":"tag-nace","16":"tag-noticias","17":"tag-portugal","18":"tag-pt","19":"tag-ufpe-universidade-federal-de-pernambuco"},"share_on_mastodon":{"url":"","error":""},"_links":{"self":[{"href":"https:\/\/www.europesays.com\/pt\/wp-json\/wp\/v2\/posts\/31134","targetHints":{"allow":["GET"]}}],"collection":[{"href":"https:\/\/www.europesays.com\/pt\/wp-json\/wp\/v2\/posts"}],"about":[{"href":"https:\/\/www.europesays.com\/pt\/wp-json\/wp\/v2\/types\/post"}],"author":[{"embeddable":true,"href":"https:\/\/www.europesays.com\/pt\/wp-json\/wp\/v2\/users\/2"}],"replies":[{"embeddable":true,"href":"https:\/\/www.europesays.com\/pt\/wp-json\/wp\/v2\/comments?post=31134"}],"version-history":[{"count":0,"href":"https:\/\/www.europesays.com\/pt\/wp-json\/wp\/v2\/posts\/31134\/revisions"}],"wp:featuredmedia":[{"embeddable":true,"href":"https:\/\/www.europesays.com\/pt\/wp-json\/wp\/v2\/media\/31135"}],"wp:attachment":[{"href":"https:\/\/www.europesays.com\/pt\/wp-json\/wp\/v2\/media?parent=31134"}],"wp:term":[{"taxonomy":"category","embeddable":true,"href":"https:\/\/www.europesays.com\/pt\/wp-json\/wp\/v2\/categories?post=31134"},{"taxonomy":"post_tag","embeddable":true,"href":"https:\/\/www.europesays.com\/pt\/wp-json\/wp\/v2\/tags?post=31134"}],"curies":[{"name":"wp","href":"https:\/\/api.w.org\/{rel}","templated":true}]}}