{"id":31143,"date":"2025-08-15T22:38:27","date_gmt":"2025-08-15T22:38:27","guid":{"rendered":"https:\/\/www.europesays.com\/pt\/31143\/"},"modified":"2025-08-15T22:38:27","modified_gmt":"2025-08-15T22:38:27","slug":"africa-tem-quase-50-mil-casos-confirmados","status":"publish","type":"post","link":"https:\/\/www.europesays.com\/pt\/31143\/","title":{"rendered":"\u00c1frica tem quase 50 mil casos confirmados"},"content":{"rendered":"<p>Um ano ap\u00f3s a declara\u00e7\u00e3o de emerg\u00eancia em sa\u00fade p\u00fablica de import\u00e2ncia internacional em raz\u00e3o de um surto na Rep\u00fablica Democr\u00e1tica do Congo e localidades vizinhas, a mpox j\u00e1 contabiliza quase 50 mil casos confirmados em pelo menos 28 pa\u00edses africanos.<\/p>\n<p>O diretor-geral da Organiza\u00e7\u00e3o Mundial da Sa\u00fade (OMS), Tedros Adhanom Ghebreyesus, destacou que o n\u00famero de mortes associadas \u00e0 doen\u00e7a e as taxas de mortalidade provocadas pelo v\u00edrus s\u00e3o baixos. \u201cMas, para pacientes imunocomprometidos, sobretudo aqueles com HIV n\u00e3o controlado, o risco permanece alto\u201d.<\/p>\n<p>\u201cEstamos observando uma capacidade crescente nos pa\u00edses para gerenciar surtos de mpox\u201d, escreveu Tedros, em seu perfil na rede social X, ao citar que a declara\u00e7\u00e3o de emerg\u00eancia em sa\u00fade p\u00fablica, h\u00e1 um ano, ajudou a arrecadar os recursos necess\u00e1rios para controlar os surtos da doen\u00e7a.<\/p>\n<p>\t\t\t\t\t\t\t\t\t\tOportunidade \u00fanica\t\t\t\t\t\t\t\t\t<\/p>\n<p>\t\t\t\t\t\t\t\t\t\tCart\u00e3o Legacy: muito al\u00e9m de um servi\u00e7o\n\t\t\t\t\t\t\t\t\t\t\t\t\t\t\t<\/p>\n<p>\t\t\t\t\t\t<img decoding=\"async\" class=\"w-full h-full object-cover\" src=\"https:\/\/www.europesays.com\/pt\/wp-content\/uploads\/2025\/08\/1755297507_929_900-x-300-com-texto-na-imagem-11.png\" alt=\"\"\/><\/p>\n<p>O diretor-geral alertou, entretanto, que \u201ccortes dr\u00e1sticos\u201d na ajuda externa dificultam os esfor\u00e7os no combate \u00e0 doen\u00e7a, impactando o acesso a vacinas e diagn\u00f3sticos, al\u00e9m da implementa\u00e7\u00e3o integral de medidas de sa\u00fade p\u00fablica.<\/p>\n<p>\u201cApelamos a todos os pa\u00edses para que permane\u00e7am vigilantes e priorizem o controle de surtos. E apelamos aos pa\u00edses doadores para que demonstrem sua solidariedade e apoio ao fim da emerg\u00eancia global\u201d, concluiu Tedros.<\/p>\n<p>A doen\u00e7a<\/p>\n<p>A mpox \u00e9 uma doen\u00e7a zoon\u00f3tica viral. A transmiss\u00e3o para humanos pode ocorrer por meio do contato com animais silvestres infectados, pessoas infectadas pelo v\u00edrus e materiais contaminados. Os sintomas, em geral, incluem erup\u00e7\u00f5es cut\u00e2neas ou les\u00f5es de pele, linfonodos inchados (\u00ednguas), febre, dores no corpo, dor de cabe\u00e7a, calafrio e fraqueza.<\/p>\n<p class=\"py-2\">Continua depois da publicidade<\/p>\n<p>As les\u00f5es podem ser planas ou levemente elevadas, preenchidas com l\u00edquido claro ou amarelado, podendo formar crostas que secam e caem. O n\u00famero de les\u00f5es pode variar de algumas a milhares. As erup\u00e7\u00f5es tendem a se concentrar no rosto, na palma das m\u00e3os e na planta dos p\u00e9s, mas podem ocorrer em qualquer parte do corpo, inclusive na boca, nos olhos, nos \u00f3rg\u00e3os genitais e no \u00e2nus.<\/p>\n","protected":false},"excerpt":{"rendered":"Um ano ap\u00f3s a declara\u00e7\u00e3o de emerg\u00eancia em sa\u00fade p\u00fablica de import\u00e2ncia internacional em raz\u00e3o de um surto&hellip;\n","protected":false},"author":2,"featured_media":31144,"comment_status":"","ping_status":"","sticky":false,"template":"","format":"standard","meta":{"footnotes":""},"categories":[86],"tags":[319,116,10196,32,33,117],"class_list":{"0":"post-31143","1":"post","2":"type-post","3":"status-publish","4":"format-standard","5":"has-post-thumbnail","7":"category-saude","8":"tag-hard-news","9":"tag-health","10":"tag-mpox","11":"tag-portugal","12":"tag-pt","13":"tag-saude"},"share_on_mastodon":{"url":"","error":""},"_links":{"self":[{"href":"https:\/\/www.europesays.com\/pt\/wp-json\/wp\/v2\/posts\/31143","targetHints":{"allow":["GET"]}}],"collection":[{"href":"https:\/\/www.europesays.com\/pt\/wp-json\/wp\/v2\/posts"}],"about":[{"href":"https:\/\/www.europesays.com\/pt\/wp-json\/wp\/v2\/types\/post"}],"author":[{"embeddable":true,"href":"https:\/\/www.europesays.com\/pt\/wp-json\/wp\/v2\/users\/2"}],"replies":[{"embeddable":true,"href":"https:\/\/www.europesays.com\/pt\/wp-json\/wp\/v2\/comments?post=31143"}],"version-history":[{"count":0,"href":"https:\/\/www.europesays.com\/pt\/wp-json\/wp\/v2\/posts\/31143\/revisions"}],"wp:featuredmedia":[{"embeddable":true,"href":"https:\/\/www.europesays.com\/pt\/wp-json\/wp\/v2\/media\/31144"}],"wp:attachment":[{"href":"https:\/\/www.europesays.com\/pt\/wp-json\/wp\/v2\/media?parent=31143"}],"wp:term":[{"taxonomy":"category","embeddable":true,"href":"https:\/\/www.europesays.com\/pt\/wp-json\/wp\/v2\/categories?post=31143"},{"taxonomy":"post_tag","embeddable":true,"href":"https:\/\/www.europesays.com\/pt\/wp-json\/wp\/v2\/tags?post=31143"}],"curies":[{"name":"wp","href":"https:\/\/api.w.org\/{rel}","templated":true}]}}