{"id":31147,"date":"2025-08-15T22:43:37","date_gmt":"2025-08-15T22:43:37","guid":{"rendered":"https:\/\/www.europesays.com\/pt\/31147\/"},"modified":"2025-08-15T22:43:37","modified_gmt":"2025-08-15T22:43:37","slug":"assim-foi-o-desfile-da-mordomia-na-romaria-dagonia","status":"publish","type":"post","link":"https:\/\/www.europesays.com\/pt\/31147\/","title":{"rendered":"Assim foi o Desfile da Mordomia na Romaria d&#8217;Agonia"},"content":{"rendered":"<p>Cerca de 1.000 mordomas desfilaram, ontem, pelas ruas de Viana do Castelo, naquele que \u00e9 um dos momentos altos da Romaria d\u2019Agonia.<\/p>\n<p>Antes de come\u00e7ar o desfile, as mordomas foram recebidas na C\u00e2mara de Viana do Castelo para apresentar cumprimentos ao executivo municipal.<\/p>\n<p>O popular cantor Z\u00e9 Amaro esteve na Pra\u00e7a da Rep\u00fablica no in\u00edcio do desfile, mas n\u00e3o foi o \u00fanico ilustre a marcar presen\u00e7a neste momento alto das festas vianenses.<\/p>\n<p>Lu\u00eds Manuel Goucha, acompanhado do marido, Rui Oliveira, tamb\u00e9m viu o desfile e aproveitou para interagir com os muitos f\u00e3s que o abordaram.<\/p>\n<p>Tamb\u00e9m a fadista barcelense Gisela Jo\u00e3o, que sempre manifestou a sua devo\u00e7\u00e3o pela Santa Luzia marcou presen\u00e7a, e a atriz Mel\u00e2nia Gomes desfilou entre as mordomas.<\/p>\n<p><img loading=\"lazy\" decoding=\"async\" width=\"1024\" height=\"768\" data-id=\"606556\" src=\"https:\/\/www.europesays.com\/pt\/wp-content\/uploads\/2025\/08\/30a-min-1-1024x768.jpg\" alt=\"Viana: assim foi o desfile da mordomia na romaria d'agonia\" class=\"wp-image-606556\" title=\"Viana: assim foi o desfile da mordomia na romaria d'agonia 6\"  \/>Foto: Joca Fot\u00f3grafos \/ O MINHO<img loading=\"lazy\" decoding=\"async\" width=\"1024\" height=\"768\" data-id=\"606557\" src=\"https:\/\/www.europesays.com\/pt\/wp-content\/uploads\/2025\/08\/30-min-1024x768.jpg\" alt=\"Viana: assim foi o desfile da mordomia na romaria d'agonia\" class=\"wp-image-606557\" title=\"Viana: assim foi o desfile da mordomia na romaria d'agonia 7\"  \/>Foto: Joca Fot\u00f3grafos \/ O MINHO<img loading=\"lazy\" decoding=\"async\" width=\"1024\" height=\"768\" data-id=\"606558\" src=\"https:\/\/www.europesays.com\/pt\/wp-content\/uploads\/2025\/08\/31a-min-1024x768.jpg\" alt=\"Viana: assim foi o desfile da mordomia na romaria d'agonia\" class=\"wp-image-606558\" title=\"Viana: assim foi o desfile da mordomia na romaria d'agonia 8\"  \/>Foto: Joca Fot\u00f3grafos \/ O MINHO<img loading=\"lazy\" decoding=\"async\" width=\"1024\" height=\"768\" data-id=\"606559\" src=\"https:\/\/www.europesays.com\/pt\/wp-content\/uploads\/2025\/08\/32a-min-1024x768.jpg\" alt=\"Viana: assim foi o desfile da mordomia na romaria d'agonia\" class=\"wp-image-606559\" title=\"Viana: assim foi o desfile da mordomia na romaria d'agonia 9\"  \/>Foto: Joca Fot\u00f3grafos \/ O MINHO<img loading=\"lazy\" decoding=\"async\" width=\"1024\" height=\"666\" data-id=\"606560\" src=\"https:\/\/www.europesays.com\/pt\/wp-content\/uploads\/2025\/08\/33a-min-1024x666.jpg\" alt=\"Viana: assim foi o desfile da mordomia na romaria d'agonia\" class=\"wp-image-606560\" title=\"Viana: assim foi o desfile da mordomia na romaria d'agonia 10\"  \/>Foto: Joca Fot\u00f3grafos \/ O MINHO<img loading=\"lazy\" decoding=\"async\" width=\"1024\" height=\"819\" data-id=\"606561\" src=\"https:\/\/www.europesays.com\/pt\/wp-content\/uploads\/2025\/08\/34a-min-1024x819.jpg\" alt=\"Viana: assim foi o desfile da mordomia na romaria d'agonia\" class=\"wp-image-606561\" title=\"Viana: assim foi o desfile da mordomia na romaria d'agonia 11\"  \/>Foto: Joca Fot\u00f3grafos \/ O MINHO<img loading=\"lazy\" decoding=\"async\" width=\"1024\" height=\"819\" data-id=\"606562\" src=\"https:\/\/www.europesays.com\/pt\/wp-content\/uploads\/2025\/08\/35a-min-1024x819.jpg\" alt=\"Viana: assim foi o desfile da mordomia na romaria d'agonia\" class=\"wp-image-606562\" title=\"Viana: assim foi o desfile da mordomia na romaria d'agonia 12\"  \/>Foto: Joca Fot\u00f3grafos \/ O MINHO<img loading=\"lazy\" decoding=\"async\" width=\"1024\" height=\"666\" data-id=\"606563\" src=\"https:\/\/www.europesays.com\/pt\/wp-content\/uploads\/2025\/08\/3a-min-1024x666.jpg\" alt=\"Viana: assim foi o desfile da mordomia na romaria d'agonia\" class=\"wp-image-606563\" title=\"Viana: assim foi o desfile da mordomia na romaria d'agonia 13\"  \/>Foto: Joca Fot\u00f3grafos \/ O MINHO<img loading=\"lazy\" decoding=\"async\" width=\"1024\" height=\"666\" data-id=\"606564\" src=\"https:\/\/www.europesays.com\/pt\/wp-content\/uploads\/2025\/08\/4a-min-1-1024x666.jpg\" alt=\"Viana: assim foi o desfile da mordomia na romaria d'agonia\" class=\"wp-image-606564\" title=\"Viana: assim foi o desfile da mordomia na romaria d'agonia 14\"  \/>Foto: Joca Fot\u00f3grafos \/ O MINHO<img loading=\"lazy\" decoding=\"async\" width=\"1024\" height=\"666\" data-id=\"606565\" src=\"https:\/\/www.europesays.com\/pt\/wp-content\/uploads\/2025\/08\/5a-min-2-1024x666.jpg\" alt=\"Viana: assim foi o desfile da mordomia na romaria d'agonia\" class=\"wp-image-606565\" title=\"Viana: assim foi o desfile da mordomia na romaria d'agonia 15\"  \/>Foto: Joca Fot\u00f3grafos \/ O MINHO<img loading=\"lazy\" decoding=\"async\" width=\"1024\" height=\"666\" data-id=\"606566\" src=\"https:\/\/www.europesays.com\/pt\/wp-content\/uploads\/2025\/08\/6a-min-2-1024x666.jpg\" alt=\"Viana: assim foi o desfile da mordomia na romaria d'agonia\" class=\"wp-image-606566\" title=\"Viana: assim foi o desfile da mordomia na romaria d'agonia 16\"  \/>Foto: Joca Fot\u00f3grafos \/ O MINHO<img loading=\"lazy\" decoding=\"async\" width=\"1024\" height=\"666\" data-id=\"606567\" src=\"https:\/\/www.europesays.com\/pt\/wp-content\/uploads\/2025\/08\/7a-min-2-1024x666.jpg\" alt=\"Viana: assim foi o desfile da mordomia na romaria d'agonia\" class=\"wp-image-606567\" title=\"Viana: assim foi o desfile da mordomia na romaria d'agonia 17\"  \/>Foto: Joca Fot\u00f3grafos \/ O MINHO<img loading=\"lazy\" decoding=\"async\" width=\"1024\" height=\"666\" data-id=\"606568\" src=\"https:\/\/www.europesays.com\/pt\/wp-content\/uploads\/2025\/08\/8a-min-2-1024x666.jpg\" alt=\"Viana: assim foi o desfile da mordomia na romaria d'agonia\" class=\"wp-image-606568\" title=\"Viana: assim foi o desfile da mordomia na romaria d'agonia 18\"  \/>Foto: Joca Fot\u00f3grafos \/ O MINHO<img loading=\"lazy\" decoding=\"async\" width=\"1024\" height=\"666\" data-id=\"606569\" src=\"https:\/\/www.europesays.com\/pt\/wp-content\/uploads\/2025\/08\/9a-min-2-1024x666.jpg\" alt=\"Viana: assim foi o desfile da mordomia na romaria d'agonia\" class=\"wp-image-606569\" title=\"Viana: assim foi o desfile da mordomia na romaria d'agonia 19\"  \/>Foto: Joca Fot\u00f3grafos \/ O MINHO<img loading=\"lazy\" decoding=\"async\" width=\"1024\" height=\"768\" data-id=\"606570\" src=\"https:\/\/www.europesays.com\/pt\/wp-content\/uploads\/2025\/08\/24a-min-1-1024x768.jpg\" alt=\"Viana: assim foi o desfile da mordomia na romaria d'agonia\" class=\"wp-image-606570\" title=\"Viana: assim foi o desfile da mordomia na romaria d'agonia 20\"  \/>Foto: Joca Fot\u00f3grafos \/ O MINHO<img loading=\"lazy\" decoding=\"async\" width=\"1024\" height=\"768\" data-id=\"606571\" src=\"https:\/\/www.europesays.com\/pt\/wp-content\/uploads\/2025\/08\/25a-min-1-1024x768.jpg\" alt=\"Viana: assim foi o desfile da mordomia na romaria d'agonia\" class=\"wp-image-606571\" title=\"Viana: assim foi o desfile da mordomia na romaria d'agonia 21\"  \/>Foto: Joca Fot\u00f3grafos \/ O MINHO<img loading=\"lazy\" decoding=\"async\" width=\"1024\" height=\"768\" data-id=\"606572\" src=\"https:\/\/www.europesays.com\/pt\/wp-content\/uploads\/2025\/08\/26a-min-1-1024x768.jpg\" alt=\"Viana: assim foi o desfile da mordomia na romaria d'agonia\" class=\"wp-image-606572\" title=\"Viana: assim foi o desfile da mordomia na romaria d'agonia 22\"  \/>Foto: Joca Fot\u00f3grafos \/ O MINHO<img loading=\"lazy\" decoding=\"async\" width=\"1024\" height=\"768\" data-id=\"606573\" src=\"https:\/\/www.europesays.com\/pt\/wp-content\/uploads\/2025\/08\/27a-min-1-1024x768.jpg\" alt=\"Viana: assim foi o desfile da mordomia na romaria d'agonia\" class=\"wp-image-606573\" title=\"Viana: assim foi o desfile da mordomia na romaria d'agonia 23\"  \/>Foto: Joca Fot\u00f3grafos \/ O MINHO<img loading=\"lazy\" decoding=\"async\" width=\"1024\" height=\"768\" data-id=\"606574\" src=\"https:\/\/www.europesays.com\/pt\/wp-content\/uploads\/2025\/08\/28a-min-1-1024x768.jpg\" alt=\"Viana: assim foi o desfile da mordomia na romaria d'agonia\" class=\"wp-image-606574\" title=\"Viana: assim foi o desfile da mordomia na romaria d'agonia 24\"  \/>Foto: Joca Fot\u00f3grafos \/ O MINHO<img loading=\"lazy\" decoding=\"async\" width=\"1024\" height=\"768\" data-id=\"606575\" src=\"https:\/\/www.europesays.com\/pt\/wp-content\/uploads\/2025\/08\/29a-min-1-1024x768.jpg\" alt=\"Viana: assim foi o desfile da mordomia na romaria d'agonia\" class=\"wp-image-606575\" title=\"Viana: assim foi o desfile da mordomia na romaria d'agonia 25\"  \/>Foto: Joca Fot\u00f3grafos \/ O MINHO<img loading=\"lazy\" decoding=\"async\" width=\"1024\" height=\"819\" data-id=\"606576\" src=\"https:\/\/www.europesays.com\/pt\/wp-content\/uploads\/2025\/08\/16-min-1-1024x819.jpg\" alt=\"Viana: assim foi o desfile da mordomia na romaria d'agonia\" class=\"wp-image-606576\" title=\"Viana: assim foi o desfile da mordomia na romaria d'agonia 26\"  \/>Foto: Joca Fot\u00f3grafos \/ O MINHO<img loading=\"lazy\" decoding=\"async\" width=\"1024\" height=\"819\" data-id=\"606577\" src=\"https:\/\/www.europesays.com\/pt\/wp-content\/uploads\/2025\/08\/17-min-1-1024x819.jpg\" alt=\"Viana: assim foi o desfile da mordomia na romaria d'agonia\" class=\"wp-image-606577\" title=\"Viana: assim foi o desfile da mordomia na romaria d'agonia 27\"  \/>Foto: Joca Fot\u00f3grafos \/ O MINHO<img loading=\"lazy\" decoding=\"async\" width=\"819\" height=\"1024\" data-id=\"606578\" src=\"https:\/\/www.europesays.com\/pt\/wp-content\/uploads\/2025\/08\/18-min-819x1024.jpg\" alt=\"Viana: assim foi o desfile da mordomia na romaria d'agonia\" class=\"wp-image-606578\" title=\"Viana: assim foi o desfile da mordomia na romaria d'agonia 28\"  \/>Foto: Joca Fot\u00f3grafos \/ O MINHO<img loading=\"lazy\" decoding=\"async\" width=\"1024\" height=\"666\" data-id=\"606579\" src=\"https:\/\/www.europesays.com\/pt\/wp-content\/uploads\/2025\/08\/19-min-1024x666.jpg\" alt=\"Viana: assim foi o desfile da mordomia na romaria d'agonia\" class=\"wp-image-606579\" title=\"Viana: assim foi o desfile da mordomia na romaria d'agonia 29\"  \/>Foto: Joca Fot\u00f3grafos \/ O MINHO<img loading=\"lazy\" decoding=\"async\" width=\"1024\" height=\"768\" data-id=\"606580\" src=\"https:\/\/www.europesays.com\/pt\/wp-content\/uploads\/2025\/08\/20-min-1024x768.jpg\" alt=\"Viana: assim foi o desfile da mordomia na romaria d'agonia\" class=\"wp-image-606580\" title=\"Viana: assim foi o desfile da mordomia na romaria d'agonia 30\"  \/>Foto: Joca Fot\u00f3grafos \/ O MINHO<img loading=\"lazy\" decoding=\"async\" width=\"1024\" height=\"768\" data-id=\"606581\" src=\"https:\/\/www.europesays.com\/pt\/wp-content\/uploads\/2025\/08\/21-min-1024x768.jpg\" alt=\"Viana: assim foi o desfile da mordomia na romaria d'agonia\" class=\"wp-image-606581\" title=\"Viana: assim foi o desfile da mordomia na romaria d'agonia 31\"  \/>Foto: Joca Fot\u00f3grafos \/ O MINHO<img loading=\"lazy\" decoding=\"async\" width=\"1024\" height=\"768\" data-id=\"606582\" src=\"https:\/\/www.europesays.com\/pt\/wp-content\/uploads\/2025\/08\/22-min-1024x768.jpg\" alt=\"Viana: assim foi o desfile da mordomia na romaria d'agonia\" class=\"wp-image-606582\" title=\"Viana: assim foi o desfile da mordomia na romaria d'agonia 32\"  \/>Foto: Joca Fot\u00f3grafos \/ O MINHO<img loading=\"lazy\" decoding=\"async\" width=\"1024\" height=\"666\" data-id=\"606583\" src=\"https:\/\/www.europesays.com\/pt\/wp-content\/uploads\/2025\/08\/23-min-1024x666.jpg\" alt=\"Viana: assim foi o desfile da mordomia na romaria d'agonia\" class=\"wp-image-606583\" title=\"Viana: assim foi o desfile da mordomia na romaria d'agonia 33\"  \/>Foto: Joca Fot\u00f3grafos \/ O MINHO<img loading=\"lazy\" decoding=\"async\" width=\"1024\" height=\"666\" data-id=\"606584\" src=\"https:\/\/www.europesays.com\/pt\/wp-content\/uploads\/2025\/08\/24-min-1024x666.jpg\" alt=\"Viana: assim foi o desfile da mordomia na romaria d'agonia\" class=\"wp-image-606584\" title=\"Viana: assim foi o desfile da mordomia na romaria d'agonia 34\"  \/>Foto: Joca Fot\u00f3grafos \/ O MINHO<img loading=\"lazy\" decoding=\"async\" width=\"1024\" height=\"666\" data-id=\"606585\" src=\"https:\/\/www.europesays.com\/pt\/wp-content\/uploads\/2025\/08\/25-min-1024x666.jpg\" alt=\"Viana: assim foi o desfile da mordomia na romaria d'agonia\" class=\"wp-image-606585\" title=\"Viana: assim foi o desfile da mordomia na romaria d'agonia 35\"  \/>Foto: Joca Fot\u00f3grafos \/ O MINHO<img loading=\"lazy\" decoding=\"async\" width=\"1024\" height=\"666\" data-id=\"606586\" src=\"https:\/\/www.europesays.com\/pt\/wp-content\/uploads\/2025\/08\/26-min-1024x666.jpg\" alt=\"Viana: assim foi o desfile da mordomia na romaria d'agonia\" class=\"wp-image-606586\" title=\"Viana: assim foi o desfile da mordomia na romaria d'agonia 36\"  \/>Foto: Joca Fot\u00f3grafos \/ O MINHO<img loading=\"lazy\" decoding=\"async\" width=\"1024\" height=\"666\" data-id=\"606587\" src=\"https:\/\/www.europesays.com\/pt\/wp-content\/uploads\/2025\/08\/27-min-1024x666.jpg\" alt=\"Viana: assim foi o desfile da mordomia na romaria d'agonia\" class=\"wp-image-606587\" title=\"Viana: assim foi o desfile da mordomia na romaria d'agonia 37\"  \/>Foto: Joca Fot\u00f3grafos \/ O MINHO<img loading=\"lazy\" decoding=\"async\" width=\"1024\" height=\"666\" data-id=\"606588\" src=\"https:\/\/www.europesays.com\/pt\/wp-content\/uploads\/2025\/08\/28-min-1024x666.jpg\" alt=\"Viana: assim foi o desfile da mordomia na romaria d'agonia\" class=\"wp-image-606588\" title=\"Viana: assim foi o desfile da mordomia na romaria d'agonia 38\"  \/>Foto: Joca Fot\u00f3grafos \/ O MINHO<img loading=\"lazy\" decoding=\"async\" width=\"1024\" height=\"666\" data-id=\"606589\" src=\"https:\/\/www.europesays.com\/pt\/wp-content\/uploads\/2025\/08\/29-min-1024x666.jpg\" alt=\"Viana: assim foi o desfile da mordomia na romaria d'agonia\" class=\"wp-image-606589\" title=\"Viana: assim foi o desfile da mordomia na romaria d'agonia 39\"  \/>Foto: Joca Fot\u00f3grafos \/ O MINHO<img loading=\"lazy\" decoding=\"async\" width=\"1024\" height=\"666\" data-id=\"606590\" src=\"https:\/\/www.europesays.com\/pt\/wp-content\/uploads\/2025\/08\/31-min-1024x666.jpg\" alt=\"Viana: assim foi o desfile da mordomia na romaria d'agonia\" class=\"wp-image-606590\" title=\"Viana: assim foi o desfile da mordomia na romaria d'agonia 40\"  \/>Foto: Joca Fot\u00f3grafos \/ O MINHO<img loading=\"lazy\" decoding=\"async\" width=\"1024\" height=\"666\" data-id=\"606591\" src=\"https:\/\/www.europesays.com\/pt\/wp-content\/uploads\/2025\/08\/32-min-1024x666.jpg\" alt=\"Viana: assim foi o desfile da mordomia na romaria d'agonia\" class=\"wp-image-606591\" title=\"Viana: assim foi o desfile da mordomia na romaria d'agonia 41\"  \/>Foto: Joca Fot\u00f3grafos \/ O MINHO<img loading=\"lazy\" decoding=\"async\" width=\"1024\" height=\"666\" data-id=\"606592\" src=\"https:\/\/www.europesays.com\/pt\/wp-content\/uploads\/2025\/08\/33-min-1024x666.jpg\" alt=\"Viana: assim foi o desfile da mordomia na romaria d'agonia\" class=\"wp-image-606592\" title=\"Viana: assim foi o desfile da mordomia na romaria d'agonia 42\"  \/>Foto: Joca Fot\u00f3grafos \/ O MINHO<img loading=\"lazy\" decoding=\"async\" width=\"1024\" height=\"666\" data-id=\"606593\" src=\"https:\/\/www.europesays.com\/pt\/wp-content\/uploads\/2025\/08\/34-min-1024x666.jpg\" alt=\"Viana: assim foi o desfile da mordomia na romaria d'agonia\" class=\"wp-image-606593\" title=\"Viana: assim foi o desfile da mordomia na romaria d'agonia 43\"  \/>Foto: Joca Fot\u00f3grafos \/ O MINHO<img loading=\"lazy\" decoding=\"async\" width=\"1024\" height=\"666\" data-id=\"606594\" src=\"https:\/\/www.europesays.com\/pt\/wp-content\/uploads\/2025\/08\/35-min-1024x666.jpg\" alt=\"Viana: assim foi o desfile da mordomia na romaria d'agonia\" class=\"wp-image-606594\" title=\"Viana: assim foi o desfile da mordomia na romaria d'agonia 44\"  \/>Foto: Joca Fot\u00f3grafos \/ O MINHO<img loading=\"lazy\" decoding=\"async\" width=\"1024\" height=\"768\" data-id=\"606595\" src=\"https:\/\/www.europesays.com\/pt\/wp-content\/uploads\/2025\/08\/36-min-1024x768.jpg\" alt=\"Viana: assim foi o desfile da mordomia na romaria d'agonia\" class=\"wp-image-606595\" title=\"Viana: assim foi o desfile da mordomia na romaria d'agonia 45\"  \/>Foto: Joca Fot\u00f3grafos \/ O MINHO<img loading=\"lazy\" decoding=\"async\" width=\"819\" height=\"1024\" data-id=\"606596\" src=\"https:\/\/www.europesays.com\/pt\/wp-content\/uploads\/2025\/08\/30-min-1-819x1024.jpg\" alt=\"Viana: assim foi o desfile da mordomia na romaria d'agonia\" class=\"wp-image-606596\" title=\"Viana: assim foi o desfile da mordomia na romaria d'agonia 46\"  \/>Foto: Joca Fot\u00f3grafos \/ O MINHO<\/p>\n<p>A Romaria d\u2019Agonia prolonga-se at\u00e9 20 de agosto e tem, ainda, como pontos altos, o Cortejo Hist\u00f3rico\/Etnogr\u00e1fico, que se realiza no dia 16 (s\u00e1bado), \u00e0s 16:00, a prociss\u00e3o solene, que est\u00e1 marcada o dia 17 (domingo), \u00e0s 16:00, e a tradicional Prociss\u00e3o ao Mar acontece, no \u00faltima dia de festa (20, quarta-feira), pelas 14:30.<\/p>\n","protected":false},"excerpt":{"rendered":"Cerca de 1.000 mordomas desfilaram, ontem, pelas ruas de Viana do Castelo, naquele que \u00e9 um dos momentos&hellip;\n","protected":false},"author":2,"featured_media":31148,"comment_status":"","ping_status":"","sticky":false,"template":"","format":"standard","meta":{"footnotes":""},"categories":[10],"tags":[27,28,15,16,14,25,26,21,22,12,13,19,20,32,23,24,33,17,18,29,30,31],"class_list":{"0":"post-31147","1":"post","2":"type-post","3":"status-publish","4":"format-standard","5":"has-post-thumbnail","7":"category-portugal","8":"tag-breaking-news","9":"tag-breakingnews","10":"tag-featured-news","11":"tag-featurednews","12":"tag-headlines","13":"tag-latest-news","14":"tag-latestnews","15":"tag-main-news","16":"tag-mainnews","17":"tag-news","18":"tag-noticias","19":"tag-noticias-principais","20":"tag-noticiasprincipais","21":"tag-portugal","22":"tag-principais-noticias","23":"tag-principaisnoticias","24":"tag-pt","25":"tag-top-stories","26":"tag-topstories","27":"tag-ultimas","28":"tag-ultimas-noticias","29":"tag-ultimasnoticias"},"share_on_mastodon":{"url":"","error":""},"_links":{"self":[{"href":"https:\/\/www.europesays.com\/pt\/wp-json\/wp\/v2\/posts\/31147","targetHints":{"allow":["GET"]}}],"collection":[{"href":"https:\/\/www.europesays.com\/pt\/wp-json\/wp\/v2\/posts"}],"about":[{"href":"https:\/\/www.europesays.com\/pt\/wp-json\/wp\/v2\/types\/post"}],"author":[{"embeddable":true,"href":"https:\/\/www.europesays.com\/pt\/wp-json\/wp\/v2\/users\/2"}],"replies":[{"embeddable":true,"href":"https:\/\/www.europesays.com\/pt\/wp-json\/wp\/v2\/comments?post=31147"}],"version-history":[{"count":0,"href":"https:\/\/www.europesays.com\/pt\/wp-json\/wp\/v2\/posts\/31147\/revisions"}],"wp:featuredmedia":[{"embeddable":true,"href":"https:\/\/www.europesays.com\/pt\/wp-json\/wp\/v2\/media\/31148"}],"wp:attachment":[{"href":"https:\/\/www.europesays.com\/pt\/wp-json\/wp\/v2\/media?parent=31147"}],"wp:term":[{"taxonomy":"category","embeddable":true,"href":"https:\/\/www.europesays.com\/pt\/wp-json\/wp\/v2\/categories?post=31147"},{"taxonomy":"post_tag","embeddable":true,"href":"https:\/\/www.europesays.com\/pt\/wp-json\/wp\/v2\/tags?post=31147"}],"curies":[{"name":"wp","href":"https:\/\/api.w.org\/{rel}","templated":true}]}}