{"id":311836,"date":"2026-03-20T10:30:21","date_gmt":"2026-03-20T10:30:21","guid":{"rendered":"https:\/\/www.europesays.com\/pt\/311836\/"},"modified":"2026-03-20T10:30:21","modified_gmt":"2026-03-20T10:30:21","slug":"originais-de-a-hora-da-estrela-de-clarice-aparecem-no-rj-20-03-2026-walter-porto","status":"publish","type":"post","link":"https:\/\/www.europesays.com\/pt\/311836\/","title":{"rendered":"Originais de &#8216;A Hora da Estrela&#8217; de Clarice aparecem no RJ &#8211; 20\/03\/2026 &#8211; Walter Porto"},"content":{"rendered":"<p>Um datiloscrito original de &#8220;A Hora da Estrela&#8221;, um dos principais romances de <a href=\"https:\/\/www1.folha.uol.com.br\/folha-topicos\/clarice-lispector\/\" rel=\"nofollow noopener\" target=\"_blank\">Clarice Lispector<\/a>, foi descoberto no <a href=\"https:\/\/www1.folha.uol.com.br\/folha-topicos\/rio-de-janeiro\/\" rel=\"nofollow noopener\" target=\"_blank\">Rio de Janeiro<\/a>.<\/p>\n<p>Os pap\u00e9is estavam no arquivo particular de <a href=\"https:\/\/www1.folha.uol.com.br\/ilustrada\/2017\/05\/1880372-morre-eduardo-portella-membro-da-abl-aos-84-anos.shtml\" rel=\"nofollow noopener\" target=\"\">Eduardo Portella<\/a>, escritor que foi membro da <a href=\"https:\/\/www1.folha.uol.com.br\/folha-topicos\/abl\/\" rel=\"nofollow noopener\" target=\"\">Academia Brasileira de Letras<\/a> e morreu em 2017. Seu acervo foi adquirido pela livraria carioca Letra Viva por interm\u00e9dio de sua vi\u00fava, C\u00e9lia.<\/p>\n<p><a href=\"https:\/\/arte.folha.uol.com.br\/ilustrissima\/2022\/05\/04\/200-livros-importantes-para-entender-o-brasil\/livro\/a-hora-da-estrela\/\" rel=\"nofollow noopener\" target=\"\">&#8220;A Hora da Estrela&#8221;<\/a> foi o \u00faltimo livro <a href=\"https:\/\/www1.folha.uol.com.br\/ilustrada\/2020\/12\/clarice-faria-cem-anos-como-monstro-mais-sagrado-e-humano-do-que-em-vida.shtml\" rel=\"nofollow noopener\" target=\"\">publicado em vida por Clarice<\/a>, dois meses antes de sua morte em dezembro de 1977. A autora enviou o original para que Portella, cr\u00edtico respeitado e seu amigo, escrevesse o pref\u00e1cio da primeira edi\u00e7\u00e3o. Ele o fez, mas nunca devolveu os originais, que manteve guardados at\u00e9 o ressurgimento de agora.<\/p>\n<p>Um colega de Portella na ABL com conhecimento do caso diz que esse \u00e9 um comportamento bastante plaus\u00edvel do autor, que acumulava muita coisa em sua biblioteca sem valorizar cada item em sua medida exata \u2014um acervo de grande leitor, n\u00e3o de bibli\u00f3filo.<\/p>\n<p>O documento que vem \u00e0 luz agora \u00e9 um conjunto de 62 p\u00e1ginas datilografadas, com altera\u00e7\u00f5es feitas \u00e0 m\u00e3o por Clarice, incluindo corre\u00e7\u00f5es, cortes nas dedicat\u00f3rias e mudan\u00e7as nos 13 t\u00edtulos alternativos contidos na abertura do livro. &#8220;O piquenique dos mendigos&#8221;, por exemplo, foi riscado para dar lugar a &#8220;Ela n\u00e3o sabe gritar&#8221;.<\/p>\n<p>O datiloscrito foi oferecido pelo dono da Letra Viva, Luiz Barreto, ao Instituto Moreira Salles, respons\u00e1vel por guardar o acervo da autora de <a href=\"https:\/\/www1.folha.uol.com.br\/ilustrada\/2020\/12\/clarice-lispector-escrevia-paginas-como-laminas-disse-coluna-da-folha-em-1946.shtml\" rel=\"nofollow noopener\" target=\"\">&#8220;Perto do Cora\u00e7\u00e3o Selvagem&#8221;<\/a>. Foi submetido a um parecer de Teresa Montero, uma das principais especialistas na obra de Clarice, e teve sua legitimidade reconhecida. Mas a decis\u00e3o do IMS foi por n\u00e3o comprar.<\/p>\n<p>O instituto j\u00e1 tem em seu arquivo uma outra vers\u00e3o datilografada do romance <a href=\"https:\/\/www1.folha.uol.com.br\/ilustrada\/2024\/05\/a-hora-da-estrela-filme-que-adapta-de-clarice-lispector-volta-restaurado-aos-cinemas.shtml\" rel=\"nofollow noopener\" target=\"\">protagonizado por Macab\u00e9a<\/a>. Segundo Barreto, \u00e9 uma vers\u00e3o incompleta, sem a totalidade das p\u00e1ginas e menos pr\u00f3xima do livro final que acabou vindo ao mundo.<\/p>\n<p>O dono da Letra Viva pretende organizar um leil\u00e3o para vender o original, com lance inicial de R$ 375 mil.<\/p>\n<p>O lote vai incluir tamb\u00e9m dez livros autografados por Clarice para Portella, recibos assinados pela autora, 50 n\u00fameros da revista Manchete com a s\u00e9rie de entrevistas &#8220;Di\u00e1logos Poss\u00edveis com Clarice&#8221; e diversos manuscritos de Portella sobre a amiga escritora.<\/p>\n<p>Segundo Rachel Valen\u00e7a, pesquisadora que coordena a \u00e1rea de <a href=\"https:\/\/www1.folha.uol.com.br\/folha-topicos\/literatura\/\" rel=\"nofollow noopener\" target=\"_blank\">literatura<\/a> do IMS e tem d\u00e9cadas de carreira na Casa de Rui Barbosa, ser\u00e1 &#8220;uma barbaridade&#8221; se esses originais forem adquiridos por uma institui\u00e7\u00e3o estrangeira, indo para longe dos pesquisadores mais interessados na obra de Clarice.<\/p>\n<p>&#8220;Temos que ter compromisso com a perman\u00eancia desse material no pa\u00eds&#8221;, afirma ela. &#8220;L\u00e1 fora, ela n\u00e3o vai ter o tratamento que teria aqui, de estrela.&#8221;<\/p>\n<p><strong>FALANDO EM IMORTAL<\/strong> Ser\u00e1 na editora paulista Patu\u00e1 que <a href=\"https:\/\/www1.folha.uol.com.br\/ilustrada\/2018\/03\/obra-reunida-de-secchin-brilha-em-seu-apego-aos-paradoxos.shtml\" rel=\"nofollow noopener\" target=\"\">Antonio Carlos Secchin<\/a>, imortal carioca da Academia Brasileira de Letras e professor da Universidade Federal do Rio de Janeiro, publicar\u00e1 seu novo livro de poemas, &#8220;Desmentir&#8221;. A obra est\u00e1 nos finalmentes e deve chegar \u00e0s livrarias em maio. Tamb\u00e9m pela editora sai em breve &#8220;Sim, N\u00f3s Estamos com Raiva&#8221;, primeiro livro da escritora feminista Clara Averbuck em dez anos.<\/p>\n<p>    Tudo a Ler<\/p>\n<p class=\"c-newsletter__subtitle\">Receba no seu email uma sele\u00e7\u00e3o com lan\u00e7amentos, cl\u00e1ssicos e curiosidades liter\u00e1rias<\/p>\n<p><strong>SOUTH AMERICAN WAY<\/strong> Iniciativas relevantes andam divulgando o trabalho dos tradutores brasileiros no exterior. Em junho, sai pela editora da University College London, no Reino Unido, uma colet\u00e2nea chamada &#8220;Literary Translation in Latin America in the Twenty-First Century&#8221;, ou &#8220;tradu\u00e7\u00e3o liter\u00e1ria na Am\u00e9rica Latina no s\u00e9culo 21&#8221;. A obra, organizada pelas professoras <a href=\"https:\/\/www1.folha.uol.com.br\/ilustrissima\/2026\/01\/listas-de-melhores-livros-expoem-consenso-fabricado-por-mercado-editorial.shtml\" rel=\"nofollow noopener\" target=\"\">Dirce Waltrick do Amarante<\/a>, da Universidade Federal de Santa Catarina, e Let\u00edcia Goellner, da Pontif\u00edcia Universidade Cat\u00f3lica do Chile, \u00e9 o primeiro livro sobre tradu\u00e7\u00e3o publicado em ingl\u00eas escrito s\u00f3 por latino-americanos.<\/p>\n<p><strong>SOUTH AMERICAN WAY 2<\/strong> Amarante tamb\u00e9m assina um artigo sobre <a href=\"https:\/\/www1.folha.uol.com.br\/fsp\/especial\/mais\/historia\/270491b.htm\" rel=\"nofollow noopener\" target=\"\">Paulo R\u00f3nai<\/a> em outro livro j\u00e1 publicado pela UCL em janeiro, &#8220;Translation Studies Before Translation Studies&#8221;, e busca apoio financeiro para lan\u00e7ar, at\u00e9 o fim do ano, uma tradu\u00e7\u00e3o no Chile de &#8220;Escola de Tradutores&#8221;, de R\u00f3nai, feito por um coletivo organizado por ela. \u00c9 um trabalho de guerrilha para divulgar o autor, j\u00e1 que as tradutoras abriram m\u00e3o da remunera\u00e7\u00e3o e as filhas de R\u00f3nai liberaram os direitos autorais.<\/p>\n<p class=\"c-context__content\">&#13;<br \/>\n    <strong>LINK PRESENTE:<\/strong> Gostou deste texto? Assinante pode liberar sete acessos gratuitos de qualquer link por dia. Basta clicar no F azul abaixo.&#13;\n  <\/p>\n","protected":false},"excerpt":{"rendered":"Um datiloscrito original de &#8220;A Hora da Estrela&#8221;, um dos principais romances de Clarice Lispector, foi descoberto no&hellip;\n","protected":false},"author":2,"featured_media":311837,"comment_status":"","ping_status":"","sticky":false,"template":"","format":"standard","meta":{"footnotes":"","_share_on_mastodon":"0"},"categories":[145],"tags":[55356,211,210,55355,114,115,317,1907,236,3646,864,237,170,865,32,33,2326],"class_list":["post-311836","post","type-post","status-publish","format-standard","has-post-thumbnail","category-celebridades","tag-a-hora-da-estrela","tag-celebridades","tag-celebrities","tag-clarice-lispector","tag-entertainment","tag-entretenimento","tag-escritora","tag-escritores","tag-folha","tag-leilao","tag-literatura","tag-livro","tag-livros","tag-mercado-editorial","tag-portugal","tag-pt","tag-rio-de-janeiro"],"share_on_mastodon":{"url":"https:\/\/pubeurope.com\/@pt\/116261042629502937","error":""},"_links":{"self":[{"href":"https:\/\/www.europesays.com\/pt\/wp-json\/wp\/v2\/posts\/311836","targetHints":{"allow":["GET"]}}],"collection":[{"href":"https:\/\/www.europesays.com\/pt\/wp-json\/wp\/v2\/posts"}],"about":[{"href":"https:\/\/www.europesays.com\/pt\/wp-json\/wp\/v2\/types\/post"}],"author":[{"embeddable":true,"href":"https:\/\/www.europesays.com\/pt\/wp-json\/wp\/v2\/users\/2"}],"replies":[{"embeddable":true,"href":"https:\/\/www.europesays.com\/pt\/wp-json\/wp\/v2\/comments?post=311836"}],"version-history":[{"count":0,"href":"https:\/\/www.europesays.com\/pt\/wp-json\/wp\/v2\/posts\/311836\/revisions"}],"wp:featuredmedia":[{"embeddable":true,"href":"https:\/\/www.europesays.com\/pt\/wp-json\/wp\/v2\/media\/311837"}],"wp:attachment":[{"href":"https:\/\/www.europesays.com\/pt\/wp-json\/wp\/v2\/media?parent=311836"}],"wp:term":[{"taxonomy":"category","embeddable":true,"href":"https:\/\/www.europesays.com\/pt\/wp-json\/wp\/v2\/categories?post=311836"},{"taxonomy":"post_tag","embeddable":true,"href":"https:\/\/www.europesays.com\/pt\/wp-json\/wp\/v2\/tags?post=311836"}],"curies":[{"name":"wp","href":"https:\/\/api.w.org\/{rel}","templated":true}]}}