{"id":31184,"date":"2025-08-15T23:30:39","date_gmt":"2025-08-15T23:30:39","guid":{"rendered":"https:\/\/www.europesays.com\/pt\/31184\/"},"modified":"2025-08-15T23:30:39","modified_gmt":"2025-08-15T23:30:39","slug":"incendio-florestal-deixa-cicatriz-de-1-300-hectares-no-alto-alentejo-e-quase-um-dezena-de-casas-devolutas-atingidas-radio-portalegre","status":"publish","type":"post","link":"https:\/\/www.europesays.com\/pt\/31184\/","title":{"rendered":"Inc\u00eandio florestal deixa cicatriz de 1.300 hectares no Alto Alentejo e quase um dezena de casas devolutas atingidas \u2013 R\u00e1dio Portalegre"},"content":{"rendered":"<p>O inc\u00eandio florestal que deflagrou na tarde de quinta-feira numa \u00e1rea de povoamento florestal em Portalegre e que se alastrou a Castelo de Vide foi dado como \u201ccircunscrito\u201d a meio da manh\u00e3 desta sexta feira.<\/p>\n<p>O fogo, que rapidamente se propagou ao concelho vizinho de Castelo de Vide, mobilizou dezenas de operacionais, apoiados por meios terrestres e a\u00e9reos, numa opera\u00e7\u00e3o intensa de combate \u00e0s chamas.<\/p>\n<p>As condi\u00e7\u00f5es meteorol\u00f3gicas adversas, nomeadamente o calor e o vento, dificultaram os trabalhos iniciais, mas a resposta coordenada das equipas permitiu controlar o avan\u00e7o do inc\u00eandio.<\/p>\n<p>Segundo o presidente da C\u00e2mara de Castelo de Vide, Ant\u00f3nio Pita, n\u00e3o h\u00e1 registo de feridos, mas existem \u201cmuitos danos materiais\u201d.<\/p>\n<p>De acordo com Ant\u00f3nio Pita, al\u00e9m da \u00e1rea florestal consumida pelas chamas, que se estima ser de 1.300 hectares, 80 a 90 hectares no concelho de Portalegre, e os restantes em Castelo de Vide, foram atingidas perto de uma dezena de casas que se encontravam devolutas.<\/p>\n<p>H\u00e1 ainda a possibilidade, n\u00e3o confirmada, de a Igreja de S\u00e3o Paulo, devoluta e num local ermo, tamb\u00e9m ter sido atingida pelas chamas, e que a cobertura tenha desabado.<\/p>\n<p>O autarca adiantou que a Prote\u00e7\u00e3o Civil mant\u00e9m equipas no terreno para garantir a extin\u00e7\u00e3o total dos focos ativos e prevenir reacendimentos.<\/p>\n<p>O alerta para este inc\u00eandio foi dado \u00e0s 14h01 de quinta-feira, com o fogo a eclodir junto \u00e0 Estrada Nacional 246, na freguesia de Ribeira de Nisa e Carreiras, que liga Portalegre a Castelo de Vide.<\/p>\n","protected":false},"excerpt":{"rendered":"O inc\u00eandio florestal que deflagrou na tarde de quinta-feira numa \u00e1rea de povoamento florestal em Portalegre e que&hellip;\n","protected":false},"author":2,"featured_media":31185,"comment_status":"","ping_status":"","sticky":false,"template":"","format":"standard","meta":{"footnotes":""},"categories":[10],"tags":[27,28,15,16,14,25,26,21,22,12,13,19,20,32,23,24,33,17,18,29,30,31],"class_list":{"0":"post-31184","1":"post","2":"type-post","3":"status-publish","4":"format-standard","5":"has-post-thumbnail","7":"category-portugal","8":"tag-breaking-news","9":"tag-breakingnews","10":"tag-featured-news","11":"tag-featurednews","12":"tag-headlines","13":"tag-latest-news","14":"tag-latestnews","15":"tag-main-news","16":"tag-mainnews","17":"tag-news","18":"tag-noticias","19":"tag-noticias-principais","20":"tag-noticiasprincipais","21":"tag-portugal","22":"tag-principais-noticias","23":"tag-principaisnoticias","24":"tag-pt","25":"tag-top-stories","26":"tag-topstories","27":"tag-ultimas","28":"tag-ultimas-noticias","29":"tag-ultimasnoticias"},"share_on_mastodon":{"url":"","error":""},"_links":{"self":[{"href":"https:\/\/www.europesays.com\/pt\/wp-json\/wp\/v2\/posts\/31184","targetHints":{"allow":["GET"]}}],"collection":[{"href":"https:\/\/www.europesays.com\/pt\/wp-json\/wp\/v2\/posts"}],"about":[{"href":"https:\/\/www.europesays.com\/pt\/wp-json\/wp\/v2\/types\/post"}],"author":[{"embeddable":true,"href":"https:\/\/www.europesays.com\/pt\/wp-json\/wp\/v2\/users\/2"}],"replies":[{"embeddable":true,"href":"https:\/\/www.europesays.com\/pt\/wp-json\/wp\/v2\/comments?post=31184"}],"version-history":[{"count":0,"href":"https:\/\/www.europesays.com\/pt\/wp-json\/wp\/v2\/posts\/31184\/revisions"}],"wp:featuredmedia":[{"embeddable":true,"href":"https:\/\/www.europesays.com\/pt\/wp-json\/wp\/v2\/media\/31185"}],"wp:attachment":[{"href":"https:\/\/www.europesays.com\/pt\/wp-json\/wp\/v2\/media?parent=31184"}],"wp:term":[{"taxonomy":"category","embeddable":true,"href":"https:\/\/www.europesays.com\/pt\/wp-json\/wp\/v2\/categories?post=31184"},{"taxonomy":"post_tag","embeddable":true,"href":"https:\/\/www.europesays.com\/pt\/wp-json\/wp\/v2\/tags?post=31184"}],"curies":[{"name":"wp","href":"https:\/\/api.w.org\/{rel}","templated":true}]}}