{"id":311926,"date":"2026-03-20T11:51:12","date_gmt":"2026-03-20T11:51:12","guid":{"rendered":"https:\/\/www.europesays.com\/pt\/311926\/"},"modified":"2026-03-20T11:51:12","modified_gmt":"2026-03-20T11:51:12","slug":"crise-espanha-corta-iva-para-10-nos-combustiveis-gas-e-eletricidade","status":"publish","type":"post","link":"https:\/\/www.europesays.com\/pt\/311926\/","title":{"rendered":"Crise? Espanha corta IVA para 10% nos combust\u00edveis, g\u00e1s e eletricidade"},"content":{"rendered":"<p>        Espanha prepara-se para cortar no IVA dos produtos energ\u00e9ticos para aliviar a fatura das fam\u00edlias e empresas neste momento de crise, contrastando com a resposta mais t\u00edmida de Portugal.    <\/p>\n<p>O Governo espanhol anunciou hoje um corte do IVA para os 10% nos combust\u00edveis, g\u00e1s e eletricidade.<\/p>\n<p>O executivo de Pedro Sanchez vai aprovar as medidas esta sexta-feira, revela hoje a \u201cCadena Ser\u201d, para ser depois discutido no Parlamento.<\/p>\n<p>O IVA dos combust\u00edveis desce de 21% para 10%, assim como na eletricidade e g\u00e1s tamb\u00e9m cai para os 10%.<\/p>\n<p>Esta foi a forma encontrada pelo Governo socialista para combater a crise energ\u00e9tica que teve in\u00edcio com a guerra no M\u00e9dio Oriente no in\u00edcio de mar\u00e7o.<\/p>\n<p>Na eletricidade, tamb\u00e9m v\u00e3o ser suspensos dois outros impostos para aliviar a fatura mensal.<\/p>\n<p>A resposta do Governo espanhol contrasta com a rea\u00e7\u00e3o do Governo portugu\u00eas que tem sido bem mais t\u00edmida, que tem aprovado descontos sobre o ISP.<\/p>\n","protected":false},"excerpt":{"rendered":"Espanha prepara-se para cortar no IVA dos produtos energ\u00e9ticos para aliviar a fatura das fam\u00edlias e empresas neste&hellip;\n","protected":false},"author":2,"featured_media":311927,"comment_status":"","ping_status":"","sticky":false,"template":"","format":"standard","meta":{"footnotes":"","_share_on_mastodon":"0"},"categories":[83],"tags":[88,855,89,3118,90,2270,640,12055,2502,17553,32,33],"class_list":["post-311926","post","type-post","status-publish","format-standard","has-post-thumbnail","category-empresas","tag-business","tag-combustiveis","tag-economy","tag-eletricidade","tag-empresas","tag-energia","tag-espanha","tag-gas","tag-iva","tag-pedro-sanchez","tag-portugal","tag-pt"],"share_on_mastodon":{"url":"https:\/\/pubeurope.com\/@pt\/116261361220235477","error":""},"_links":{"self":[{"href":"https:\/\/www.europesays.com\/pt\/wp-json\/wp\/v2\/posts\/311926","targetHints":{"allow":["GET"]}}],"collection":[{"href":"https:\/\/www.europesays.com\/pt\/wp-json\/wp\/v2\/posts"}],"about":[{"href":"https:\/\/www.europesays.com\/pt\/wp-json\/wp\/v2\/types\/post"}],"author":[{"embeddable":true,"href":"https:\/\/www.europesays.com\/pt\/wp-json\/wp\/v2\/users\/2"}],"replies":[{"embeddable":true,"href":"https:\/\/www.europesays.com\/pt\/wp-json\/wp\/v2\/comments?post=311926"}],"version-history":[{"count":0,"href":"https:\/\/www.europesays.com\/pt\/wp-json\/wp\/v2\/posts\/311926\/revisions"}],"wp:featuredmedia":[{"embeddable":true,"href":"https:\/\/www.europesays.com\/pt\/wp-json\/wp\/v2\/media\/311927"}],"wp:attachment":[{"href":"https:\/\/www.europesays.com\/pt\/wp-json\/wp\/v2\/media?parent=311926"}],"wp:term":[{"taxonomy":"category","embeddable":true,"href":"https:\/\/www.europesays.com\/pt\/wp-json\/wp\/v2\/categories?post=311926"},{"taxonomy":"post_tag","embeddable":true,"href":"https:\/\/www.europesays.com\/pt\/wp-json\/wp\/v2\/tags?post=311926"}],"curies":[{"name":"wp","href":"https:\/\/api.w.org\/{rel}","templated":true}]}}