{"id":3120,"date":"2025-07-26T22:49:10","date_gmt":"2025-07-26T22:49:10","guid":{"rendered":"https:\/\/www.europesays.com\/pt\/3120\/"},"modified":"2025-07-26T22:49:10","modified_gmt":"2025-07-26T22:49:10","slug":"centeno-sai-do-banco-de-portugal-sem-desilusoes-e-garante-que-sempre-foi-independente-jornal-de-noticias","status":"publish","type":"post","link":"https:\/\/www.europesays.com\/pt\/3120\/","title":{"rendered":"Centeno sai do Banco de Portugal sem &quot;desilus\u00f5es&quot; e garante que sempre foi independente &#8211; Jornal de Not\u00edcias"},"content":{"rendered":"<ol>\n<li><a href=\"https:\/\/news.google.com\/rss\/articles\/CBMitgFBVV95cUxObnh6clcxUGEtM3VsNW1wNnRHYnZaQkdtWWZrN3M1WXA1Z3ZNcmIxWjJqMjhGdV84cGtPSGJ2TDUxOWtiU1hacjd6MHNkYlhPOW5BNUlFQVNEQWxUTE1XUXowbXdCRWFjRWJJaUNGaDl6bzE5SGg0VnZmbVVDZWdWZE9uMS0zMS1mSXhRSUFWNU9aSGtCa0ZobDlyTDZqMnRGdUs3Xzk0TURKY1JYOF9CYklaNEhHUQ?oc=5\" target=\"_blank\" rel=\"nofollow noopener\">Centeno sai do Banco de Portugal sem &#8220;desilus\u00f5es&#8221; e garante que sempre foi independente<\/a>&nbsp;&nbsp;Jornal de Not\u00edcias<\/li>\n<li><a href=\"https:\/\/news.google.com\/rss\/articles\/CBMi8AFBVV95cUxQbTZPLVZzM3czSFlpdkplSDlMQUl0am9hYkpmdmpHaExfLXh3b2JBcGRvaFV6NjlUS2htek1xbXNZOEQ0bDJDZ3hMSThfSXFJdnoteG5NMUxobHpEN0lXOFRnakRycnBsWWxuRWZqRUFkbV82dFBvQk4ybEdNeHdnYVB5Mm5MSGJQVkllcmVLQ3V2NzMwTHlXWURGeXNfTldMZ1NGUmdmOGtjRFRnTTdKbDllM1hNcmZwX1NkN0NXNE9WU3BwNm5ZRWFSTjktZUhVS1RZQWhua1JUdXdqbXgwaW1ndy1PUUhpa0tkdEt1SVc?oc=5\" target=\"_blank\" rel=\"nofollow noopener\">Centeno diz n\u00e3o ter &#8220;desilus\u00f5es&#8221; sobre n\u00e3o recondu\u00e7\u00e3o e garante &#8220;rigor financeiro inquebrant\u00e1vel&#8221; nas decis\u00f5es do BdP<\/a>&nbsp;&nbsp;RTP<\/li>\n<li><a href=\"https:\/\/news.google.com\/rss\/articles\/CBMi7AFBVV95cUxNQUplY0JpczNzLXJUTE1nV2lNME5BdENXLUxJMnlILVo1bWNrX2FSSEpFMHQ5OEtITjlFOEQ3UjVrdmhIWFlOYVdJNUFsUTJtY2FOWjlfTFVkbi1LU1Mzb3JfakFEVHhLWTREQTFGRGhUV010WWQzclN0Z3REcDQxSXBUbUNOTDdWMHo1ZFFhc0hxb3VmWGR0N012Y3BIVnl3RUV6NVNTZjlVM0FDTlZzRE5OV3dRU1U0S1VzbzdlbDB2RHMwZnlGamFCOGRCRjBrOFROc0RSbjdCQVBiUktkNGZFaGRLMnhXOGF5MQ?oc=5\" target=\"_blank\" rel=\"nofollow noopener\">&#8220;A minha independ\u00eancia n\u00e3o pode ser posta em causa por ningu\u00e9m&#8221;. Centeno reage \u00e0 sa\u00edda do Banco de Portugal<\/a>&nbsp;&nbsp;Di\u00e1rio de Not\u00edcias<\/li>\n<li><a href=\"https:\/\/news.google.com\/rss\/articles\/CBMi2gFBVV95cUxNcUZFbmlqRGUwQnhVc1JOa2hFUTRXdVkxYWVyejRpTFFQMDQzelNiSGNPci1wRHR2ZHFsRVJBSUc0bHFncXNYWlFZQUNTXzBpbjRKWFgtM0YydjYwZHJ1MUhfN2loalFlSFRGZWg5Z3dVNXhZc205RGRDcGtqQml1MUJpU3RQWkdQNzZMNjlmUjlBWWtCM1JtclN3MmhnajhvZTZQUnVvQlVDX2UwZ3VPc0lfd25aSGVCNGZvWUpURGh4a25PV2tOcWVGRTE3RmM0aFUwaVJJV2xFUQ?oc=5\" target=\"_blank\" rel=\"nofollow noopener\">Centeno garante transpar\u00eancia no neg\u00f3cio da sede e adverte que IGF poder\u00e1 n\u00e3o fazer auditoria<\/a>&nbsp;&nbsp;Jornal de Neg\u00f3cios<\/li>\n<li><a href=\"https:\/\/news.google.com\/rss\/articles\/CBMivAFBVV95cUxOc1dLNXNOX0lKbERiS0tXanBTOEJqOFVRUTJXSHE3dHAxR0daODN4QllmVGtjZVBkWG5wME96OTBockhzeEN5a20wWHJvTzIya1lhNDBZZEFIbk9tRkNJb3pKRHB0VEI0TVBMUXBreHEzT3Zmb2tkc1VXcWUweUpUWnpqTk9zRjlqS0Z1QU9wT2pYcU41NFQ2emNTZWxocllLeXhzWHI1V2xHRFd4V1JNMFE0WDBsMGl1Xy0zdg?oc=5\" target=\"_blank\" rel=\"nofollow noopener\">PS pede que Governo decida governador do BdP sem &#8220;manobras de distra\u00e7\u00e3o&#8221;<\/a>&nbsp;&nbsp;Not\u00edcias ao Minuto<\/li>\n<\/ol>\n","protected":false},"excerpt":{"rendered":"Centeno sai do Banco de Portugal sem &#8220;desilus\u00f5es&#8221; e garante que sempre foi independente&nbsp;&nbsp;Jornal de Not\u00edcias Centeno diz&hellip;\n","protected":false},"author":2,"featured_media":3121,"comment_status":"","ping_status":"","sticky":false,"template":"","format":"standard","meta":{"footnotes":""},"categories":[83],"tags":[88,89,90,32,33],"class_list":{"0":"post-3120","1":"post","2":"type-post","3":"status-publish","4":"format-standard","5":"has-post-thumbnail","7":"category-empresas","8":"tag-business","9":"tag-economy","10":"tag-empresas","11":"tag-portugal","12":"tag-pt"},"share_on_mastodon":{"url":"","error":""},"_links":{"self":[{"href":"https:\/\/www.europesays.com\/pt\/wp-json\/wp\/v2\/posts\/3120","targetHints":{"allow":["GET"]}}],"collection":[{"href":"https:\/\/www.europesays.com\/pt\/wp-json\/wp\/v2\/posts"}],"about":[{"href":"https:\/\/www.europesays.com\/pt\/wp-json\/wp\/v2\/types\/post"}],"author":[{"embeddable":true,"href":"https:\/\/www.europesays.com\/pt\/wp-json\/wp\/v2\/users\/2"}],"replies":[{"embeddable":true,"href":"https:\/\/www.europesays.com\/pt\/wp-json\/wp\/v2\/comments?post=3120"}],"version-history":[{"count":0,"href":"https:\/\/www.europesays.com\/pt\/wp-json\/wp\/v2\/posts\/3120\/revisions"}],"wp:featuredmedia":[{"embeddable":true,"href":"https:\/\/www.europesays.com\/pt\/wp-json\/wp\/v2\/media\/3121"}],"wp:attachment":[{"href":"https:\/\/www.europesays.com\/pt\/wp-json\/wp\/v2\/media?parent=3120"}],"wp:term":[{"taxonomy":"category","embeddable":true,"href":"https:\/\/www.europesays.com\/pt\/wp-json\/wp\/v2\/categories?post=3120"},{"taxonomy":"post_tag","embeddable":true,"href":"https:\/\/www.europesays.com\/pt\/wp-json\/wp\/v2\/tags?post=3120"}],"curies":[{"name":"wp","href":"https:\/\/api.w.org\/{rel}","templated":true}]}}